{"id":262657,"date":"2025-07-21T05:47:26","date_gmt":"2025-07-21T05:47:26","guid":{"rendered":"https:\/\/www.europesays.com\/fr\/262657\/"},"modified":"2025-07-21T05:47:26","modified_gmt":"2025-07-21T05:47:26","slug":"le-symbole-de-lechec-de-la-gestion-ville-metropole","status":"publish","type":"post","link":"https:\/\/www.europesays.com\/fr\/262657\/","title":{"rendered":"LE SYMBOLE DE L&rsquo;\u00c9CHEC DE LA GESTION VILLE\/M\u00c9TROPOLE"},"content":{"rendered":"<p>Posted On 20 juillet 2025 <\/p>\n<p style=\"text-align: justify;\">Lors du conseil m\u00e9tropolitain du 11 juillet, <a target=\"_blank\" href=\"https:\/\/grandgrenoble.alpes1.com\/news\/locales\/28504\/grenoble-alpexpo-vendu-a-la-region-auvergne-rhone-alpes\" rel=\"noopener\">les \u00e9lus ont vot\u00e9 la vente des locaux du parc \u00e9v\u00e9nementiel Alpexpo<\/a> \u00e0 la R\u00e9gion Auvergne-Rh\u00f4ne-Alpes. Un acte qui signe l\u2019aveu d\u2019un \u00e9chec retentissant pour la gestion Verts\/LFI et leurs alli\u00e9s.<\/p>\n<p><b>LA M\u00c9TROPOLE, EXSANGUE, CAPITULE<\/b><\/p>\n<p style=\"text-align: justify;\">Pour remettre Alpexpo aux standards actuels et assurer son avenir, les investissements n\u00e9cessaires sont colossaux : entre 68 et 109 millions d&rsquo;euros. Une somme que la M\u00e9tropole, financi\u00e8rement \u00e0 sec, est incapable d&rsquo;assumer. Comme l&rsquo;a rappel\u00e9 Laurent Thoviste (groupe Renaissance), cette somme \u00e9quivaut <a href=\"https:\/\/grenoble-le-changement.fr\/2024\/09\/21\/la-metro-se-mobilise-pour-defendre-son-siege-hors-de-prix\/\" target=\"_blank\" rel=\"noopener\">au co\u00fbt du nouveau si\u00e8ge m\u00e9tropolitain<\/a>. Les choix dispendieux de la majorit\u00e9 Ferrari ont vid\u00e9 les capacit\u00e9s d&rsquo;investissement, la for\u00e7ant \u00e0 c\u00e9der un outil strat\u00e9gique qu&rsquo;elle ne peut plus entretenir.<\/p>\n<p><a href=\"https:\/\/i1.wp.com\/grenoble-le-changement.fr\/wp-content\/uploads\/2025\/07\/alpexpo-grenoble.png?ssl=1\" rel=\"lightbox[83395] noopener\" target=\"_blank\"><img loading=\"lazy\" decoding=\"async\" class=\"wp-image-83414 aligncenter jetpack-lazy-image\" src=\"https:\/\/i1.wp.com\/grenoble-le-changement.fr\/wp-content\/uploads\/2025\/07\/alpexpo-grenoble.png?resize=643%2C403&amp;ssl=1\" alt=\"\" width=\"643\" height=\"403\" data-recalc-dims=\"1\" data-lazy-src=\"https:\/\/www.europesays.com\/fr\/wp-content\/uploads\/2025\/07\/alpexpo-grenoble.png\" \/><\/a><\/p>\n<p><b>L\u2019AVEU D\u2019\u00c9CHEC D\u2019UNE GESTION D\u00c9SASTREUSE<\/b><\/p>\n<p style=\"text-align: justify;\">Auparavant, l&rsquo;\u00e9quipement \u00e9tait g\u00e9r\u00e9 par la ville qui n&rsquo;a pas plus \u00e9t\u00e9 capable d&rsquo;en faire quelque chose, elle aussi exsangue apr\u00e8s seulement quelques ann\u00e9es de gestion Piolle et<a href=\"https:\/\/grenoble-le-changement.fr\/2020\/12\/21\/alpexpo-le-contribuable-victime-de-la-gestion-piolle\/\" target=\"_blank\" rel=\"noopener\"> paralys\u00e9e par une incomp\u00e9tence manag\u00e9riale et une absence totale de vision du d\u00e9veloppement \u00e9conomique<\/a> des Verts\/LFI. La cession \u00e0 la m\u00e9tropole n&rsquo;a rien chang\u00e9 et c&rsquo;est donc la R\u00e9gion qui vient \u00e0 la rescousse.\u00a0\u00ab C&rsquo;est la fin d&rsquo;un cycle, suite \u00e0 une gestion malheureuse par la M\u00e9tropole \u00bb, a r\u00e9sum\u00e9 Dominique Escaron, maire du Sappey-en-Chartreuse et pr\u00e9sident du groupe droite et centre.\u00a0<\/p>\n<p><b>L&rsquo;HYPOCRISIE DES \u00c9LUS PIOLLISTES&#8230;<\/b><\/p>\n<p style=\"text-align: justify;\">\u00c0 noter la path\u00e9tique abstention du groupe des \u00e9lus piollistes (UMA), feignant de s\u2019inqui\u00e9ter de \u00ab\u00a0conditions de vente pas assez s\u00e9curisantes\u00a0\u00bb\u00a0et de ce que la R\u00e9gion pourrait faire du site. Une posture politicienne ridicule quand on connait leur propre bilan \u00e0 la t\u00eate d&rsquo;Alpexpo. <a href=\"https:\/\/grenoble-le-changement.fr\/2018\/09\/24\/gestion-destot-et-piolle-le-rapport-accablant-de-la-chambre-des-comptes\/\" target=\"_blank\" rel=\"noopener\">La chambre des comptes avait relev\u00e9 que la gestion par la municipalit\u00e9 avait men\u00e9<\/a> \u00e0 des \u00ab\u00a0\u00e9quipements insuffisamment utilis\u00e9s, en particulier en mati\u00e8re de congr\u00e8s et de conf\u00e9rences, avec un taux d\u2019utilisation deux fois inf\u00e9rieur \u00e0 la moyenne nationale\u00a0\u00bb. Un succ\u00e8s de plus \u00e0 leur actif.<\/p>\n<p><b>&#8230; MALGR\u00c9 LEUR GESTION CATASTROPHIQUE D&rsquo;ALPEXPO<\/b><\/p>\n<p style=\"text-align: justify;\">Les magistrats notaient aussi \u00ab\u00a0les abus significatifs en mati\u00e8re de notes de frais qui a vu le remboursement par la soci\u00e9t\u00e9 de frais injustifi\u00e9s\u00a0\u00bb. Ou encore \u00ab\u00a0une longue p\u00e9riode d\u2019h\u00e9sitation (2014-2017) caract\u00e9ris\u00e9e par les vell\u00e9it\u00e9s, en fin de compte abandonn\u00e9es, de d\u00e9l\u00e9guer l\u2019exploitation \u00e0 un prestataire priv\u00e9 et par le projet de transfert \u00e0 la m\u00e9tropole, long \u00e0 se concr\u00e9tiser\u00a0\u00bb. En conseil m\u00e9tropolitain vendredi dernier, il n&rsquo;y a qu&rsquo;Eric Piolle qui a eu le culot de saluer cette gestion par Claus Habfast (Verts\/LFI), l&rsquo;adjoint qu&rsquo;il avait plac\u00e9 \u00e0 la t\u00eate d&rsquo;Alpexpo et qui restera l&rsquo;homme de ce bilan.<\/p>\n<p><a href=\"https:\/\/i1.wp.com\/grenoble-le-changement.fr\/wp-content\/uploads\/2024\/07\/habfast.png?ssl=1\" rel=\"lightbox[83395] noopener\" target=\"_blank\"><img loading=\"lazy\" decoding=\"async\" class=\" wp-image-74915 jetpack-lazy-image\" src=\"https:\/\/i1.wp.com\/grenoble-le-changement.fr\/wp-content\/uploads\/2024\/07\/habfast.png?resize=605%2C351&amp;ssl=1\" alt=\"\" width=\"605\" height=\"351\" data-recalc-dims=\"1\" data-lazy-src=\"https:\/\/www.europesays.com\/fr\/wp-content\/uploads\/2025\/07\/habfast.png\" \/><\/a>Le favoritisme est-il une sp\u00e9cialit\u00e9 grenobloise ?<br \/>\n<b>LA SOLIDARIT\u00c9 DES CONDAMN\u00c9S POUR FAVORITISME<\/b><\/p>\n<p style=\"text-align: justify;\">Un bilan qui a carr\u00e9ment conduit&#8230; <a href=\"https:\/\/grenoble-le-changement.fr\/2024\/07\/04\/klauss-habfast-adjoint-au-maire-condamne-pour-favoritisme\/\" target=\"_blank\" rel=\"noopener\">\u00e0 sa condamnation pour favoritisme,<\/a> car sous sa pr\u00e9sidence il a pass\u00e9 des march\u00e9s de s\u00e9curit\u00e9 et d\u2019\u00e9lectricit\u00e9 pour des montants respectifs de 2,5 et 1,04 millions sans appel d&rsquo;offres ! \u00c9ric Piolle ayant lui-m\u00eame \u00e9t\u00e9 condamn\u00e9 pour le m\u00eame d\u00e9lit dans l&rsquo;affaire de la F\u00eate des Tuiles, on comprend bien qu&rsquo;il y a une forme de solidarit\u00e9 entre \u00e9lus condamn\u00e9s dans son soutien \u00e0 la gestion de celui qu&rsquo;il a \u00e9galement plac\u00e9 comme Pr\u00e9sident de la r\u00e9gie du t\u00e9l\u00e9ph\u00e9rique puis Pr\u00e9sident de Grenoble-Habitat&#8230;<\/p>\n<p><strong>LA MAUVAISE FOI L\u00c9GENDAIRE DE PIOLLE<\/strong><\/p>\n<p style=\"text-align: justify;\">Jamais avare en mauvaise foi, le Maire a pouss\u00e9 le curseur encore plus loin en faisant mine de craindre que la R\u00e9gion d\u00e9localise <a target=\"_blank\" href=\"https:\/\/www.mountain-planet.com\/\" rel=\"noopener\">Mountain Planet, le salon d&rsquo;am\u00e9nagement de la montagne<\/a> structurant pour Alpexpo. Comme si la R\u00e9gion, d\u00e9sormais propri\u00e9taire \u00e0 100% (les locaux en plus de la soci\u00e9t\u00e9 Alpexpo dont elle avait pris la majorit\u00e9 de l&rsquo;actionnariat en 2020), allait saborder son propre investissement en le privant de son \u00e9v\u00e9nement le plus embl\u00e9matique. Mais Piolle, particuli\u00e8rement pernicieux, ose tout pour tenter de savonner la planche de la R\u00e9gion.<\/p>\n<p><b>LA VILLE DE GRENOBLE, GRANDE PERDANTE FINANCI\u00c8RE<\/b><\/p>\n<p style=\"text-align: justify;\">Il aurait \u00e9t\u00e9 plus avis\u00e9 de faire preuve d&rsquo;une humilit\u00e9 silencieuse puisque, <a target=\"_blank\" href=\"https:\/\/www.placegrenet.fr\/2025\/07\/16\/alpexpo-grenoble-cede-a-la-region-aura-par-la-metropole-constat-dechec-ou-choix-lucide\/656224\" rel=\"noopener\">comme l&rsquo;a soulign\u00e9 Alain Carignon<\/a>, le transfert gratuit d&rsquo;Alpexpo de la Ville \u00e0 la M\u00e9tropole en 2020 s&rsquo;av\u00e8re un d\u00e9sastre pour les caisses de la municipalit\u00e9. Aujourd&rsquo;hui, la M\u00e9tropole vend les locaux pour 7,6 millions d\u2019euros. Une recette qui aurait pu et d\u00fb revenir dans les caisses des Grenoblois si la Ville avait g\u00e9r\u00e9 cette vente elle-m\u00eame. Par impr\u00e9paration et absence de vision, \u00c9ric Piolle a priv\u00e9 la collectivit\u00e9 d&rsquo;une manne financi\u00e8re.<\/p>\n<\/p>\n<p><b>NATHALIE B\u00c9RANGER (LR) : QUAND LA COMP\u00c9TENCE REMPLACE L\u2019ID\u00c9OLOGIE<\/b><\/p>\n<p style=\"text-align: justify;\">Depuis que la R\u00e9gion est devenue actionnaire majoritaire de la soci\u00e9t\u00e9 et que <a href=\"https:\/\/grenoble-le-changement.fr\/2024\/10\/31\/legislatives-nathalie-beranger-candidate-contre-la-tambouille-verts-lfi\/\" target=\"_blank\" rel=\"noopener\">Nathalie B\u00e9ranger (conseill\u00e8re r\u00e9gionale LR, \u00e9galement \u00e9lue municipale d&rsquo;opposition)<\/a> en a pris la pr\u00e9sidence, Alpexpo a heureusement renou\u00e9 avec le succ\u00e8s. Elle a brillamment redress\u00e9 les comptes et amorc\u00e9 une nouvelle phase de d\u00e9veloppement commercial, r\u00e9alisant un chiffre d&rsquo;affaires de pr\u00e8s de 10 millions d\u2019euros en 2024, le plus gros de ces 15 derni\u00e8res ann\u00e9es. Cette r\u00e9ussite prouve que le probl\u00e8me n&rsquo;est pas l&rsquo;outil, mais bien l&rsquo;incurie de ses gestionnaires pr\u00e9c\u00e9dents.<\/p>\n<p><a href=\"https:\/\/i1.wp.com\/grenoble-le-changement.fr\/wp-content\/uploads\/2024\/10\/nath-beranger.jpg?ssl=1\" rel=\"lightbox[83395] noopener\" target=\"_blank\"><img loading=\"lazy\" decoding=\"async\" class=\" wp-image-77497 jetpack-lazy-image\" src=\"https:\/\/i1.wp.com\/grenoble-le-changement.fr\/wp-content\/uploads\/2024\/10\/nath-beranger.jpg?resize=384%2C619&amp;ssl=1\" alt=\"\" width=\"384\" height=\"619\" data-recalc-dims=\"1\" data-lazy-src=\"https:\/\/www.europesays.com\/fr\/wp-content\/uploads\/2025\/07\/nath-beranger.jpg\" \/><\/a>Nathalie B\u00e9ranger est conseill\u00e8re municipale du groupe d&rsquo;opposition soci\u00e9t\u00e9 civile \u00e0 Grenoble, conseill\u00e8re r\u00e9gionale et pr\u00e9sidente d&rsquo;Alpexpo.<br \/>\n<b>UN SUCC\u00c8S MALGR\u00c9 LE CLIMAT D&rsquo;INS\u00c9CURIT\u00c9 ET L&rsquo;IMAGE DE GRENOBLE<\/b><\/p>\n<p style=\"text-align: justify;\">Le redressement op\u00e9r\u00e9 par Nathalie B\u00e9ranger est d&rsquo;autant plus m\u00e9ritoire qu&rsquo;il s&rsquo;est fait dans un environnement hostile, o\u00f9 le bilan Piolle en mati\u00e8re de s\u00e9curit\u00e9 et d&rsquo;attractivit\u00e9 de la ville est un frein r\u00e9el au d\u00e9veloppement.<\/p>\n<p style=\"text-align: justify;\"><a href=\"https:\/\/grenoble-le-changement.fr\/2025\/02\/11\/alpexpo-la-reussite-de-n-beranger-penalisee-par-la-delinquance%ef%bf%bc\/\" target=\"_blank\" rel=\"noopener\">En f\u00e9vrier, elle expliquait dans Le Dauphin\u00e9<\/a> : \u00ab\u00a0on a r\u00e9ussi \u00e0 refaire vivre Alpexpo, en attirant de nouveaux \u00e9v\u00e9nements. Les gens reviennent \u00e0 Grenoble pour exposer. Je rappelle que les rendez-vous qui se succ\u00e8dent aujourd\u2019hui sur le site font vivre les entreprises, les h\u00f4teliers, les restaurateurs, les commerces, les transports et participent \u00e0 la cr\u00e9ation d\u2019emplois. Pourtant, tous nos efforts sont annihil\u00e9s par les exactions de certains. Des bandes tr\u00e8s organis\u00e9es arrivent sur le parking ext\u00e9rieur pour piller et vandaliser les voitures. Comment donner envie \u00e0 notre client\u00e8le de revenir \u00e0 Grenoble lorsqu\u2019ils r\u00e9cup\u00e8rent leurs v\u00e9hicules fractur\u00e9s avec des vitres bris\u00e9es et pill\u00e9s ?\u00a0\u00bb.<\/p>\n<p><b>UN FLEURON DE PLUS QU&rsquo;IL FAUT SAUVER DE LA GESTION ROUGES\/VERTS<\/b><\/p>\n<p style=\"text-align: justify;\">Aujourd&rsquo;hui, la vente d\u2019Alpexpo est donc symbolique d&rsquo;une gestion qui sacrifie les bijoux de famille apr\u00e8s les avoir laiss\u00e9s se d\u00e9grader. Le parc \u00e9v\u00e9nementiel est un moteur \u00e9conomique et culturel (avec le Summum), et un lieu d&rsquo;animation essentiel pour notre territoire : bien g\u00e9r\u00e9, il rayonne, mal g\u00e9r\u00e9 par les Verts\/LFI et leurs alli\u00e9s m\u00e9tropolitains, il \u00e9tait devenu un fardeau dont ils ach\u00e8vent de se d\u00e9barrasser aujourd&rsquo;hui.<\/p>\n<p style=\"text-align: justify;\">Heureusement, la R\u00e9gion sauve les meubles et aura d\u00e9sormais compl\u00e8tement la main pour assurer le d\u00e9veloppement du parc \u00e9v\u00e9nementiel. Mais les g\u00e9n\u00e9rations futures d&rsquo;\u00e9lus locaux \u00e0 Grenoble et \u00e0 la m\u00e9tropole perdent le contr\u00f4le d&rsquo;un \u00e9quipement structurant. Merci la gestion Piolle\/Ferrari.<\/p>\n","protected":false},"excerpt":{"rendered":"Posted On 20 juillet 2025 Lors du conseil m\u00e9tropolitain du 11 juillet, les \u00e9lus ont vot\u00e9 la vente&hellip;\n","protected":false},"author":2,"featured_media":262658,"comment_status":"","ping_status":"","sticky":false,"template":"","format":"standard","meta":{"footnotes":""},"categories":[9566],"tags":[1111,11,9601,2430,9604,34392,9605,9607,1777,674,1011,27,2731,38779,18840,12,25],"class_list":{"0":"post-262657","1":"post","2":"type-post","3":"status-publish","4":"format-standard","5":"has-post-thumbnail","7":"category-grenoble","8":"tag-actu","9":"tag-actualites","10":"tag-alain-carignon","11":"tag-auvergne-rhone-alpes","12":"tag-christophe-ferrari","13":"tag-claus-habfast","14":"tag-dominique-escaron","15":"tag-eric-piolle","16":"tag-eu","17":"tag-europe","18":"tag-fr","19":"tag-france","20":"tag-grenoble","21":"tag-laurent-thoviste","22":"tag-nathalie-beranger","23":"tag-news","24":"tag-republique-francaise"},"share_on_mastodon":{"url":"https:\/\/pubeurope.com\/@fr\/114889650755928932","error":""},"_links":{"self":[{"href":"https:\/\/www.europesays.com\/fr\/wp-json\/wp\/v2\/posts\/262657","targetHints":{"allow":["GET"]}}],"collection":[{"href":"https:\/\/www.europesays.com\/fr\/wp-json\/wp\/v2\/posts"}],"about":[{"href":"https:\/\/www.europesays.com\/fr\/wp-json\/wp\/v2\/types\/post"}],"author":[{"embeddable":true,"href":"https:\/\/www.europesays.com\/fr\/wp-json\/wp\/v2\/users\/2"}],"replies":[{"embeddable":true,"href":"https:\/\/www.europesays.com\/fr\/wp-json\/wp\/v2\/comments?post=262657"}],"version-history":[{"count":0,"href":"https:\/\/www.europesays.com\/fr\/wp-json\/wp\/v2\/posts\/262657\/revisions"}],"wp:featuredmedia":[{"embeddable":true,"href":"https:\/\/www.europesays.com\/fr\/wp-json\/wp\/v2\/media\/262658"}],"wp:attachment":[{"href":"https:\/\/www.europesays.com\/fr\/wp-json\/wp\/v2\/media?parent=262657"}],"wp:term":[{"taxonomy":"category","embeddable":true,"href":"https:\/\/www.europesays.com\/fr\/wp-json\/wp\/v2\/categories?post=262657"},{"taxonomy":"post_tag","embeddable":true,"href":"https:\/\/www.europesays.com\/fr\/wp-json\/wp\/v2\/tags?post=262657"}],"curies":[{"name":"wp","href":"https:\/\/api.w.org\/{rel}","templated":true}]}}