{"id":262659,"date":"2025-07-21T05:48:13","date_gmt":"2025-07-21T05:48:13","guid":{"rendered":"https:\/\/www.europesays.com\/fr\/262659\/"},"modified":"2025-07-21T05:48:13","modified_gmt":"2025-07-21T05:48:13","slug":"une-liaison-velo-et-pietonne-amenagee-entre-deux-communes","status":"publish","type":"post","link":"https:\/\/www.europesays.com\/fr\/262659\/","title":{"rendered":"une liaison v\u00e9lo et pi\u00e9tonne am\u00e9nag\u00e9e entre deux communes"},"content":{"rendered":"<p>            Par<br \/>\n        <strong><br \/>\n            <a href=\"https:\/\/actu.fr\/auteur\/redaction-jv\" title=\"Consulter tous les articles de R\u00e9daction Vitr\u00e9\" rel=\"nofollow noopener\" target=\"_blank\">R\u00e9daction Vitr\u00e9<\/a><br \/>\n        <\/strong><\/p>\n<p>        Publi\u00e9 le<\/p>\n<p>            21 juil. 2025 \u00e0 7h20        <\/p>\n<p>Au d\u00e9part de la voie cyclable et pi\u00e9tonne <b>Brie et Janz\u00e9 <\/b>en Ille-et-Vilaine, <b>Luc Gallard<\/b>, pr\u00e9sident de Roche aux F\u00e9es communaut\u00e9, Hubert Paris, maire de Janz\u00e9, et Bruno Pelletier, maire de Brie avaient invit\u00e9 les \u00e9lus des deux communes \u00e0 l\u2019\u00e9tang de Brie pour la mise en service du premier tron\u00e7on reliant Brie jusqu\u2019\u00e0 la limite de Janz\u00e9.<\/p>\n<p class=\" wall-content\">Le pr\u00e9sident a \u00e9galement confirm\u00e9 la poursuite des travaux jusqu\u2019\u00e0 la ville de Janz\u00e9. \u00ab Le projet de la voie cyclable et pi\u00e9tonne entre Brie et Janz\u00e9 remonte depuis 6-7\u00a0ans \u00bb, pr\u00e9cise <b>Hubert Paris<\/b>.<\/p>\n<p>Relier les deux centres bourgs<\/p>\n<p class=\" wall-content\">Apr\u00e8s la r\u00e9alisation d\u2019une premi\u00e8re liaison entre <b>Retiers et Le Theil-de-Bretagne en 2022<\/b>, un nouveau projet en faveur des mobilit\u00e9s douces voit le jour avec la cr\u00e9ation d\u2019une liaison pi\u00e9tonne et cyclable entre Janz\u00e9 et Brie.<\/p>\n<p class=\" wall-content\">\u00ab Cet am\u00e9nagement financ\u00e9 par Roche aux F\u00e9es communaut\u00e9 vise \u00e0 relier les deux centres bourgs tout en assurant un itin\u00e9raire s\u00e9curis\u00e9, confortable et accessible aux cyclistes comme aux pi\u00e9tons \u00bb, explique Luc Gallard, pr\u00e9sident.<\/p>\n<p class=\" wall-content\">Partant de la sortie de la ville de Janz\u00e9 jusqu\u2019au parking de l\u2019\u00e9tang de Brie, le trac\u00e9, d\u2019une <b>longueur d\u2019environ 3\u00a0km<\/b>, s\u2019\u00e9tendra en dehors de la circulation routi\u00e8re le long de la D48 et de la rivi\u00e8re de l\u2019Ise.<\/p>\n<p>Vid\u00e9os : en ce moment sur Actu<\/p>\n<p class=\" wall-content\">\u00ab Ce nouvel am\u00e9nagement s\u2019inscrit dans une strat\u00e9gie de transition \u00e9cologique et d\u2019am\u00e9lioration de la qualit\u00e9 de vie sur le territoire de la Roche aux F\u00e9es. C\u2019\u00e9tait une attente depuis longtemps des Briens et des Janz\u00e9ens \u00bb, confirme Hubert Paris.<\/p>\n<p>387 500\u00a0euros<\/p>\n<p class=\" wall-content\">Cette r\u00e9alisation s\u2019inscrit dans le cadre du Plan de mobilit\u00e9 simplifi\u00e9 (PMS). Roche aux F\u00e9es communaut\u00e9 a vot\u00e9 son PMS en d\u00e9cembre\u00a02024 visant \u00e0 orienter et encadrer le d\u00e9veloppement de la politique de mobilit\u00e9. L\u2019enjeu du changement climatique et le besoin de transition vers de mod\u00e8les plus sobres et moins \u00e9metteurs de CO2 soutiennent cette \u00e9volution.<\/p>\n<p class=\" wall-content\">\u00ab Le d\u00e9veloppement des services aupr\u00e8s de sa population constitue un enjeu pour l\u2019intercommunalit\u00e9 et contribuera \u00e0 renforcer l\u2019attractivit\u00e9 du territoire et les \u00e9changes avec la M\u00e9tropole de Rennes \u00bb, ajoute Daniel Bordier, vice-pr\u00e9sident en charge des mobilit\u00e9s.<\/p>\n<p class=\" wall-content\">La nouvelle liaison de voie cyclable et pi\u00e9tonne entre Brie et Janz\u00e9 satisfait les Briens.<\/p>\n<p class=\" wall-content\">\u00ab C\u2019\u00e9tait une attente des habitants depuis longtemps \u00bb, souligne le maire<b> Bruno Pelletier <\/b>qui a \u00e9mis, en autre, le souhait d\u2019une mise en place \u00ab d\u2019une signalisation en direction de Janz\u00e9 \u00bb.<\/p>\n<p class=\" wall-content\">Co\u00fbt de l\u2019am\u00e9nagement : <b>387 500\u00a0euros<\/b>, subventionn\u00e9 par l\u2019\u00c9tat, la r\u00e9gion et le d\u00e9partement \u00e0 hauteur de 80 %.<\/p>\n<p class=\" wall-content\">Suivez toute l\u2019actualit\u00e9 de vos villes et m\u00e9dias favoris en vous inscrivant \u00e0 <a href=\"https:\/\/moncompte.actu.fr\" title=\"D\u00e9couvez Mon Actu\" rel=\"nofollow noopener\" data-trk=\"{&quot;cta&quot;:{&quot;action&quot;:&quot;https:\\\/\\\/moncompte.actu.fr&quot;,&quot;category&quot;:&quot;mon compte&quot;,&quot;from&quot;:&quot;article footer&quot;,&quot;name&quot;:&quot;Mon actu&quot;,&quot;type&quot;:&quot;cta&quot;}}\" target=\"_blank\">Mon Actu<\/a>.<\/p>\n","protected":false},"excerpt":{"rendered":"Par R\u00e9daction Vitr\u00e9 Publi\u00e9 le 21 juil. 2025 \u00e0 7h20 Au d\u00e9part de la voie cyclable et pi\u00e9tonne&hellip;\n","protected":false},"author":2,"featured_media":262660,"comment_status":"","ping_status":"","sticky":false,"template":"","format":"standard","meta":{"footnotes":""},"categories":[2821],"tags":[1111,11,829,1777,674,1011,27,12,584,25,104,208],"class_list":{"0":"post-262659","1":"post","2":"type-post","3":"status-publish","4":"format-standard","5":"has-post-thumbnail","7":"category-rennes","8":"tag-actu","9":"tag-actualites","10":"tag-bretagne","11":"tag-eu","12":"tag-europe","13":"tag-fr","14":"tag-france","15":"tag-news","16":"tag-rennes","17":"tag-republique-francaise","18":"tag-societe","19":"tag-velo"},"share_on_mastodon":{"url":"https:\/\/pubeurope.com\/@fr\/114889654599397682","error":""},"_links":{"self":[{"href":"https:\/\/www.europesays.com\/fr\/wp-json\/wp\/v2\/posts\/262659","targetHints":{"allow":["GET"]}}],"collection":[{"href":"https:\/\/www.europesays.com\/fr\/wp-json\/wp\/v2\/posts"}],"about":[{"href":"https:\/\/www.europesays.com\/fr\/wp-json\/wp\/v2\/types\/post"}],"author":[{"embeddable":true,"href":"https:\/\/www.europesays.com\/fr\/wp-json\/wp\/v2\/users\/2"}],"replies":[{"embeddable":true,"href":"https:\/\/www.europesays.com\/fr\/wp-json\/wp\/v2\/comments?post=262659"}],"version-history":[{"count":0,"href":"https:\/\/www.europesays.com\/fr\/wp-json\/wp\/v2\/posts\/262659\/revisions"}],"wp:featuredmedia":[{"embeddable":true,"href":"https:\/\/www.europesays.com\/fr\/wp-json\/wp\/v2\/media\/262660"}],"wp:attachment":[{"href":"https:\/\/www.europesays.com\/fr\/wp-json\/wp\/v2\/media?parent=262659"}],"wp:term":[{"taxonomy":"category","embeddable":true,"href":"https:\/\/www.europesays.com\/fr\/wp-json\/wp\/v2\/categories?post=262659"},{"taxonomy":"post_tag","embeddable":true,"href":"https:\/\/www.europesays.com\/fr\/wp-json\/wp\/v2\/tags?post=262659"}],"curies":[{"name":"wp","href":"https:\/\/api.w.org\/{rel}","templated":true}]}}