{"id":262661,"date":"2025-07-21T05:49:15","date_gmt":"2025-07-21T05:49:15","guid":{"rendered":"https:\/\/www.europesays.com\/fr\/262661\/"},"modified":"2025-07-21T05:49:15","modified_gmt":"2025-07-21T05:49:15","slug":"om-mercato-devenu-bleu-un-un-ex-de-lens-et-rennes-seduit-a-marseille","status":"publish","type":"post","link":"https:\/\/www.europesays.com\/fr\/262661\/","title":{"rendered":"OM Mercato\u00a0: devenu Bleu, un un ex de Lens et Rennes s\u00e9duit \u00e0 Marseille\u00a0"},"content":{"rendered":"<p><strong>D\u00e9sormais \u00e2g\u00e9 de 25 ans et dans les rangs du S\u00e9ville FC, Lo\u00efc Bad\u00e9 attire l\u2019\u0153il de l\u2019<a href=\"https:\/\/www.butfootballclub.fr\/om-mercato-coup-dur-pour-ounahi\/\" rel=\"nofollow noopener\" target=\"_blank\">Olympique de Marseille <\/a>sur ce mercato estival. Le dossier semble tr\u00e8s complexe.<\/strong><\/p>\n<p>\ud83d\udfe5<strong> Rumeur<\/strong><\/p>\n<p>Le mercato continue d\u2019\u00eatre agit\u00e9 du c\u00f4t\u00e9 de la Commanderie. Apr\u00e8s les d\u00e9parts annonc\u00e9s de Quentin Merlin et de Valentin Rongier \u00e0 Rennes, la priorit\u00e9 est claire : renforcer l\u2019axe central, un secteur qui a trop souvent fait d\u00e9faut ces derniers mois. Selon Foot Mercato, l\u2019<a href=\"https:\/\/www.butfootballclub.fr\/om-le-but-de-medina-et-le-bijou-de-greenwood-en-videos\/\" rel=\"nofollow noopener\" target=\"_blank\">OM<\/a> s\u2019int\u00e9resse au profil de Lo\u00efc Bad\u00e9, 25 ans, qui sort d\u2019une saison pleine en Liga avec le FC S\u00e9ville.<\/p>\n<p>Form\u00e9 \u00e0 Paris FC puis pass\u00e9 par Le Havre, Lens et Rennes, Bad\u00e9 a explos\u00e9 en Espagne. Son profil athl\u00e9tique, sa lecture du jeu, sa capacit\u00e9 \u00e0 ressortir proprement les ballons et son exp\u00e9rience du haut niveau (vainqueur de la Ligue Europa en 2023 et appel\u00e9 en Bleu) font de lui une cible de choix. Mais le dossier est loin d\u2019\u00eatre simple.<\/p>\n<p>S\u00e9ville ne veut pas brader Bad\u00e9\u00a0<\/p>\n<p>Le FC S\u00e9ville ne souhaite pas brader son d\u00e9fenseur et r\u00e9clame 30 millions d\u2019euros pour s\u2019en s\u00e9parer. Un tarif \u00e9lev\u00e9 qui pourrait refroidir l\u2019<a href=\"https:\/\/www.butfootballclub.fr\/fc-nantes-om-mercato-rongier-setait-refuse-de-porter-un-jour-le-maillot-du-stade-rennais\/\" rel=\"nofollow noopener\" target=\"_blank\">OM<\/a>, mais aussi attiser la concurrence. Deux clubs anglais sont d\u00e9j\u00e0 positionn\u00e9s : Sunderland et Bournemouth. Les deux formations de Premier League sont pr\u00eates \u00e0 s\u2019aligner sur les exigences s\u00e9villanes, voire \u00e0 surench\u00e9rir si n\u00e9cessaire.<\/p>\n<p>Du c\u00f4t\u00e9 du joueur, aucun choix d\u00e9finitif n\u2019a encore \u00e9t\u00e9 fait. Bad\u00e9 est ouvert \u00e0 un nouveau d\u00e9fi, \u00e0 condition que le projet soit ambitieux et stable. Une arriv\u00e9e \u00e0 Marseille aurait du sens sportivement, mais tout d\u00e9pendra de la capacit\u00e9 du club \u00e0 convaincre financi\u00e8rement et \u00e0 vendre son plan \u00e0 long terme.<\/p>\n<p>\u00ab\u00a0Le coup d\u2019\u0153il de But FC\u00a0\u00bb<\/p>\n<p>\u00ab\u00a0La piste Aguerd semblant froide, l\u2019OM avait d\u00e9cid\u00e9 de creuser d\u2019autres pistes en fin de semaine derni\u00e8re. Celle menant \u00e0 Bad\u00e9 est plausible mais les exigences de S\u00e9ville beaucoup trop fortes.\u00a0\u00bb<\/p>\n","protected":false},"excerpt":{"rendered":"D\u00e9sormais \u00e2g\u00e9 de 25 ans et dans les rangs du S\u00e9ville FC, Lo\u00efc Bad\u00e9 attire l\u2019\u0153il de l\u2019Olympique&hellip;\n","protected":false},"author":2,"featured_media":262662,"comment_status":"","ping_status":"","sticky":false,"template":"","format":"standard","meta":{"footnotes":""},"categories":[2821],"tags":[1111,11,829,448,1777,674,63,1011,27,66,3388,12,584,25,10662],"class_list":{"0":"post-262661","1":"post","2":"type-post","3":"status-publish","4":"format-standard","5":"has-post-thumbnail","7":"category-rennes","8":"tag-actu","9":"tag-actualites","10":"tag-bretagne","11":"tag-champions-league","12":"tag-eu","13":"tag-europe","14":"tag-football","15":"tag-fr","16":"tag-france","17":"tag-ligue-1","18":"tag-matchs","19":"tag-news","20":"tag-rennes","21":"tag-republique-francaise","22":"tag-transferts"},"share_on_mastodon":{"url":"https:\/\/pubeurope.com\/@fr\/114889658505364809","error":""},"_links":{"self":[{"href":"https:\/\/www.europesays.com\/fr\/wp-json\/wp\/v2\/posts\/262661","targetHints":{"allow":["GET"]}}],"collection":[{"href":"https:\/\/www.europesays.com\/fr\/wp-json\/wp\/v2\/posts"}],"about":[{"href":"https:\/\/www.europesays.com\/fr\/wp-json\/wp\/v2\/types\/post"}],"author":[{"embeddable":true,"href":"https:\/\/www.europesays.com\/fr\/wp-json\/wp\/v2\/users\/2"}],"replies":[{"embeddable":true,"href":"https:\/\/www.europesays.com\/fr\/wp-json\/wp\/v2\/comments?post=262661"}],"version-history":[{"count":0,"href":"https:\/\/www.europesays.com\/fr\/wp-json\/wp\/v2\/posts\/262661\/revisions"}],"wp:featuredmedia":[{"embeddable":true,"href":"https:\/\/www.europesays.com\/fr\/wp-json\/wp\/v2\/media\/262662"}],"wp:attachment":[{"href":"https:\/\/www.europesays.com\/fr\/wp-json\/wp\/v2\/media?parent=262661"}],"wp:term":[{"taxonomy":"category","embeddable":true,"href":"https:\/\/www.europesays.com\/fr\/wp-json\/wp\/v2\/categories?post=262661"},{"taxonomy":"post_tag","embeddable":true,"href":"https:\/\/www.europesays.com\/fr\/wp-json\/wp\/v2\/tags?post=262661"}],"curies":[{"name":"wp","href":"https:\/\/api.w.org\/{rel}","templated":true}]}}