{"id":262663,"date":"2025-07-21T05:50:12","date_gmt":"2025-07-21T05:50:12","guid":{"rendered":"https:\/\/www.europesays.com\/fr\/262663\/"},"modified":"2025-07-21T05:50:12","modified_gmt":"2025-07-21T05:50:12","slug":"strasbourg-la-chouc-se-hate-lentement-pour-sa-38e-tournee-dete","status":"publish","type":"post","link":"https:\/\/www.europesays.com\/fr\/262663\/","title":{"rendered":"Strasbourg. La Chouc\u2019 se h\u00e2te lentement pour sa 38e tourn\u00e9e d\u2019\u00e9t\u00e9"},"content":{"rendered":"<p>Revoil\u00e0 la Chouc\u2019pour ses deux dates estivales \u00e0 Strasbourg, dans le quartier de Neudorf. Th\u00e8me de cette 38e \u00e9dition de la <a href=\"https:\/\/www.dna.fr\/culture-loisirs\/2025\/07\/08\/la-revue-d-ete-de-la-chouc-part-sur-les-routes-d-alsace-de-lingolsheim-a-selestat\" target=\"_blank\" rel=\"nofollow noopener\">Tourn\u00e9e d\u2019\u00e9t\u00e9<\/a> \u00a0: \u00ab\u00a0H\u00e2tez-vous lentement\/Langsam Dummle\u00a0\u00bb Au menu, tous les moyens de transport, des Beatles \u00e0 Trenet, des motos aux bicyclettes, de 99 Luftballons \u00e0 Ich hab noch einen Koffer in Berlin , en passant par Bello brunzt uff\u2019s v\u00e9lo  sans oublier Queen.<\/p>\n<p>Le spectacle est multilingue, avec une vingtaine de chansons en fran\u00e7ais, en allemand, en anglais, en italien, en alsacien, entrecoup\u00e9\u00a0d\u2019interm\u00e8des rigolos. Il y a aussi de la danse acrobatique et du hip-hop.<\/p>\n<p>  Du chant et de la danse<\/p>\n<p>Sur sc\u00e8ne pour cette nouvelle \u00e9dition, Fayssal Benbahmed, Laurence Bergmiller, Sophie Dungler, Susanne Mayer, Sabrina Rauch et <a href=\"https:\/\/www.dna.fr\/p\/roger-siffer\" target=\"_blank\" rel=\"nofollow noopener\">Roger Siffer<\/a>. Les danseurs et danseuses sont Karim Barbouchi, Lisa Lescout et Clo\u00e9 Pugnotti. Pour les musiciens, Micha\u00ebl Alizon, Paul Alizon, Christian Clua, Michel Ott et Pilou Wurtz.<\/p>\n<p>Les interm\u00e8des sont de Cl\u00e9mentine Duguet, les costumes et la sc\u00e9nographie de Carole Deltenre. Le spectacle est gratuit mais se termine par une qu\u00eate \u00e0 l\u2019ancienne de choses gourmandes \u00e0 manger et \u00e0 boire.<\/p>\n<p class=\"note\">Jeudi 24\u00a0juillet et vendredi 25\u00a0juillet \u00e0 21\u00a0h place du March\u00e9 \u00e0 Neudorf \u00e0 Strasbourg. Samedi 20\u00a0septembre \u00e0 18\u00a0h au Jardin du Diapason \u00e0 Vendenheim. <a href=\"https:\/\/www.theatredelachouc.com\/tournee-dete\/\" target=\"_blank\" rel=\"nofollow noopener\">www.theatredelachouc.com<\/a><\/p>\n","protected":false},"excerpt":{"rendered":"Revoil\u00e0 la Chouc\u2019pour ses deux dates estivales \u00e0 Strasbourg, dans le quartier de Neudorf. Th\u00e8me de cette 38e&hellip;\n","protected":false},"author":2,"featured_media":262664,"comment_status":"","ping_status":"","sticky":false,"template":"","format":"standard","meta":{"footnotes":""},"categories":[2820],"tags":[1111,11,2389,1687,2880,1777,674,107,1011,27,775,873,12,25,640,2879],"class_list":{"0":"post-262663","1":"post","2":"type-post","3":"status-publish","4":"format-standard","5":"has-post-thumbnail","7":"category-strasbourg","8":"tag-actu","9":"tag-actualites","10":"tag-alsace","11":"tag-culture-loisirs","12":"tag-edition-strasbourg","13":"tag-eu","14":"tag-europe","15":"tag-fil-info","16":"tag-fr","17":"tag-france","18":"tag-grand-est","19":"tag-musique","20":"tag-news","21":"tag-republique-francaise","22":"tag-strasbourg","23":"tag-strasbourg-ville"},"share_on_mastodon":{"url":"https:\/\/pubeurope.com\/@fr\/114889662487418021","error":""},"_links":{"self":[{"href":"https:\/\/www.europesays.com\/fr\/wp-json\/wp\/v2\/posts\/262663","targetHints":{"allow":["GET"]}}],"collection":[{"href":"https:\/\/www.europesays.com\/fr\/wp-json\/wp\/v2\/posts"}],"about":[{"href":"https:\/\/www.europesays.com\/fr\/wp-json\/wp\/v2\/types\/post"}],"author":[{"embeddable":true,"href":"https:\/\/www.europesays.com\/fr\/wp-json\/wp\/v2\/users\/2"}],"replies":[{"embeddable":true,"href":"https:\/\/www.europesays.com\/fr\/wp-json\/wp\/v2\/comments?post=262663"}],"version-history":[{"count":0,"href":"https:\/\/www.europesays.com\/fr\/wp-json\/wp\/v2\/posts\/262663\/revisions"}],"wp:featuredmedia":[{"embeddable":true,"href":"https:\/\/www.europesays.com\/fr\/wp-json\/wp\/v2\/media\/262664"}],"wp:attachment":[{"href":"https:\/\/www.europesays.com\/fr\/wp-json\/wp\/v2\/media?parent=262663"}],"wp:term":[{"taxonomy":"category","embeddable":true,"href":"https:\/\/www.europesays.com\/fr\/wp-json\/wp\/v2\/categories?post=262663"},{"taxonomy":"post_tag","embeddable":true,"href":"https:\/\/www.europesays.com\/fr\/wp-json\/wp\/v2\/tags?post=262663"}],"curies":[{"name":"wp","href":"https:\/\/api.w.org\/{rel}","templated":true}]}}