{"id":262665,"date":"2025-07-21T05:51:12","date_gmt":"2025-07-21T05:51:12","guid":{"rendered":"https:\/\/www.europesays.com\/fr\/262665\/"},"modified":"2025-07-21T05:51:12","modified_gmt":"2025-07-21T05:51:12","slug":"decouvrez-notre-selection-de-trois-adresses-gourmandes-qui-ont-recemment-ouvert-a-strasbourg","status":"publish","type":"post","link":"https:\/\/www.europesays.com\/fr\/262665\/","title":{"rendered":"D\u00e9couvrez notre s\u00e9lection de trois adresses gourmandes qui ont r\u00e9cemment ouvert \u00e0 Strasbourg"},"content":{"rendered":"<p>            Par<br \/>\n        <strong><br \/>\n            <a href=\"https:\/\/actu.fr\/auteur\/redaction-strasbourg\" title=\"Consulter tous les articles de R\u00e9daction Strasbourg\" rel=\"nofollow noopener\" target=\"_blank\">R\u00e9daction Strasbourg<\/a><br \/>\n        <\/strong><\/p>\n<p>        Publi\u00e9 le<\/p>\n<p>            21 juil. 2025 \u00e0 7h02        <\/p>\n<p>\u00c0 la recherche de nouveaut\u00e9\u2009? D\u00e9couvrez une s\u00e9lection de<strong> trois adresses gourmandes<\/strong> qui ont ouvert leurs portes r\u00e9cemment \u00e0 <strong>Strasbourg<\/strong> (<a href=\"https:\/\/actu.fr\/strasbourg\/\" rel=\"nofollow noopener\" target=\"_blank\">Bas-Rhin<\/a>).<\/p>\n<p>La p\u00e2tisserie et salon de th\u00e9 Nicolas Multon<\/p>\n<p class=\" wall-content\">Apr\u00e8s avoir offici\u00e9 pendant pr\u00e8s de 10\u00a0ans au sein du restaurant doublement \u00e9toil\u00e9 Villa Ren\u00e9 Lalique, <a href=\"https:\/\/actu.fr\/grand-est\/strasbourg_67482\/patissier-de-renom-nicolas-multon-ouvre-sa-propre-boutique-en-hypercentre-de-strasbourg_62219623.html\" rel=\"nofollow noopener\" target=\"_blank\">le chef p\u00e2tissier Nicolas Multon a ouvert le 14\u00a0juillet sa propre boutique<\/a> \u00e0 Strasbourg avec un salon de th\u00e9 \u00e0 l\u2019\u00e9tage.<\/p>\n<p class=\" wall-content\">Saisonnalit\u00e9, terroir et lien avec les producteurs\u2009: voici les trois marqueurs qui constituent cette nouvelle boutique \u00ab\u2009en mouvement perp\u00e9tuel \u00bb, selon son chef. Au niveau des tarifs, les p\u00e2tisseries sont propos\u00e9es entre 7 \u20ac et 9 \u20ac l\u2019unit\u00e9.<\/p>\n<p class=\" wall-content\"><a href=\"https:\/\/www.instagram.com\/nicolasmulton\/reel\/DMFLBNRoMTc\/embed\" title=\"Ouvrir le lien sur Instagram\" rel=\"nofollow noopener\" target=\"_blank\">Visualiser le contenu sur Instagram<\/a><\/p>\n<p>Nicolas Multon, 31 rue du Vieux march\u00e9 aux poissons<\/p>\n<p>Le restaurant syrien Origano<\/p>\n<p class=\" wall-content\">Dans la rue de la Krutenau, une d\u00e9licieuse brochette de restaurants longe la nouvelle piste cyclable aux abords de la <a href=\"https:\/\/actu.fr\/grand-est\/strasbourg_67482\/c-est-tres-joli-a-strasbourg-les-habitants-de-la-krutenau-conquis-par-les-nouveaux-amenagements_61402987.html\" rel=\"nofollow noopener\" target=\"_blank\">manufacture des tabacs<\/a>. Entre le Tarbouche et <a href=\"https:\/\/actu.fr\/grand-est\/strasbourg_67482\/kebs-baba-le-celebre-kebab-de-strasbourg-ouvre-un-nouveau-concept-a-la-krutenau_61622115.html\" rel=\"nofollow noopener\" target=\"_blank\">Kebs Baba<\/a> se trouve Origano, un <strong>restaurant syrien<\/strong> sp\u00e9cialis\u00e9 dans les <strong>shawarmas<\/strong>\u00a0ouvert il y a moins d\u2019un an.<\/p>\n<p>Vid\u00e9os : en ce moment sur Actu<\/p>\n<p class=\" wall-content\">Vous y retrouverez des <strong>mezz\u00e9s<\/strong> et des <strong>sandwichs<\/strong> \u00e0 bas co\u00fbt avec plusieurs options v\u00e9g\u00e9tariennes (entre 7 et 9 euros), id\u00e9al pour vos pauses d\u00e9jeuners.<\/p>\n<p class=\" wall-content\"><a href=\"https:\/\/www.instagram.com\/origano.st\/reel\/DFBoe9VMFFR\/embed\" title=\"Ouvrir le lien sur Instagram\" rel=\"nofollow noopener\" target=\"_blank\">Visualiser le contenu sur Instagram<\/a><\/p>\n<p>Origano, 18 Rue de la Krutenau. Ouvert tous les jours, sauf le mardi, de 11h30 \u00e0 22h.<\/p>\n<p>Le deuxi\u00e8me restaurant Flam\u2019s Austerlitz<\/p>\n<p class=\" wall-content\">Apr\u00e8s 35\u00a0ans, <a href=\"https:\/\/actu.fr\/grand-est\/strasbourg_67482\/strasbourg-35-ans-apres-le-premier-flam-s-un-deuxieme-restaurant-ouvre-au-centre-ville_62446112.html\" rel=\"nofollow noopener\" target=\"_blank\">la cha\u00eene de restaurant Flam\u2019s a ouvert en mars une seconde adresse<\/a> non loin de la place d\u2019Austerlitz, cette fois-ci avec un concept un peu diff\u00e9rent.<\/p>\n<p>    <a href=\"https:\/\/www.facebook.com\/plugins\/post.php?href=https%3A%2F%2Fwww.facebook.com%2Fpermalink.php%3Fstory_fbid%3D122136555146805806%26id%3D61574174181781&amp;show_text=true&amp;width=350\" title=\"Ouvrie le lien\" rel=\"nofollow noopener\" target=\"_blank\">Cliquez ici pour visualiser le contenu<\/a><\/p>\n<p class=\" wall-content\">La formule \u00e0 volont\u00e9 sur toutes les tartes flamb\u00e9es classiques \u00e0 13,90 \u20ac est toujours pr\u00e9sente. Tout comme celle sur toutes les tartes flamb\u00e9es classiques, les cr\u00e9ations, avec une petite entr\u00e9e ou un dessert \u00e0 18,90 \u20ac. Ce qui a vraiment chang\u00e9, c\u2019est l\u2019ajout de <strong>burgers<\/strong>, de <strong>cookies<\/strong> et de <strong>milk-shakes<\/strong> dans un restaurant plus petit et intimiste que son grand fr\u00e8re.<\/p>\n<p>Flam\u2019s Austerlitz, 19 rue Austerlitz. Ouvert tous les jours de 11\u2009h\u200930 \u00e0 0h30.<\/p>\n<p class=\" wall-content\">Suivez toute l\u2019actualit\u00e9 de vos villes et m\u00e9dias favoris en vous inscrivant \u00e0 <a href=\"https:\/\/moncompte.actu.fr\" title=\"D\u00e9couvez Mon Actu\" rel=\"nofollow noopener\" data-trk=\"{&quot;cta&quot;:{&quot;action&quot;:&quot;https:\\\/\\\/moncompte.actu.fr&quot;,&quot;category&quot;:&quot;mon compte&quot;,&quot;from&quot;:&quot;article footer&quot;,&quot;name&quot;:&quot;Mon actu&quot;,&quot;type&quot;:&quot;cta&quot;}}\" target=\"_blank\">Mon Actu<\/a>.<\/p>\n<p>                    <script async src=\"\/\/www.instagram.com\/embed.js\"><\/script><\/p>\n","protected":false},"excerpt":{"rendered":"Par R\u00e9daction Strasbourg Publi\u00e9 le 21 juil. 2025 \u00e0 7h02 \u00c0 la recherche de nouveaut\u00e9\u2009? D\u00e9couvrez une s\u00e9lection&hellip;\n","protected":false},"author":2,"featured_media":262666,"comment_status":"","ping_status":"","sticky":false,"template":"","format":"standard","meta":{"footnotes":""},"categories":[2820],"tags":[1111,11,1777,674,1011,27,1661,775,1305,12,25,640],"class_list":{"0":"post-262665","1":"post","2":"type-post","3":"status-publish","4":"format-standard","5":"has-post-thumbnail","7":"category-strasbourg","8":"tag-actu","9":"tag-actualites","10":"tag-eu","11":"tag-europe","12":"tag-fr","13":"tag-france","14":"tag-gastronomie","15":"tag-grand-est","16":"tag-lifestyle","17":"tag-news","18":"tag-republique-francaise","19":"tag-strasbourg"},"share_on_mastodon":{"url":"https:\/\/pubeurope.com\/@fr\/114889666347684577","error":""},"_links":{"self":[{"href":"https:\/\/www.europesays.com\/fr\/wp-json\/wp\/v2\/posts\/262665","targetHints":{"allow":["GET"]}}],"collection":[{"href":"https:\/\/www.europesays.com\/fr\/wp-json\/wp\/v2\/posts"}],"about":[{"href":"https:\/\/www.europesays.com\/fr\/wp-json\/wp\/v2\/types\/post"}],"author":[{"embeddable":true,"href":"https:\/\/www.europesays.com\/fr\/wp-json\/wp\/v2\/users\/2"}],"replies":[{"embeddable":true,"href":"https:\/\/www.europesays.com\/fr\/wp-json\/wp\/v2\/comments?post=262665"}],"version-history":[{"count":0,"href":"https:\/\/www.europesays.com\/fr\/wp-json\/wp\/v2\/posts\/262665\/revisions"}],"wp:featuredmedia":[{"embeddable":true,"href":"https:\/\/www.europesays.com\/fr\/wp-json\/wp\/v2\/media\/262666"}],"wp:attachment":[{"href":"https:\/\/www.europesays.com\/fr\/wp-json\/wp\/v2\/media?parent=262665"}],"wp:term":[{"taxonomy":"category","embeddable":true,"href":"https:\/\/www.europesays.com\/fr\/wp-json\/wp\/v2\/categories?post=262665"},{"taxonomy":"post_tag","embeddable":true,"href":"https:\/\/www.europesays.com\/fr\/wp-json\/wp\/v2\/tags?post=262665"}],"curies":[{"name":"wp","href":"https:\/\/api.w.org\/{rel}","templated":true}]}}