{"id":262667,"date":"2025-07-21T05:52:12","date_gmt":"2025-07-21T05:52:12","guid":{"rendered":"https:\/\/www.europesays.com\/fr\/262667\/"},"modified":"2025-07-21T05:52:12","modified_gmt":"2025-07-21T05:52:12","slug":"vous-ouvrez-la-boite-de-pandore-la-metropole-donne-son-feu-vert-a-lexemption-de-logements-sociaux-pour-cette-ville-pres-de-nice-les-ecologistes-sinsurgent","status":"publish","type":"post","link":"https:\/\/www.europesays.com\/fr\/262667\/","title":{"rendered":"\u00ab\u00a0Vous ouvrez la bo\u00eete de Pandore!\u00a0\u00bb: la M\u00e9tropole donne son feu vert \u00e0 l\u2019exemption de logements sociaux pour cette ville pr\u00e8s de Nice, les \u00e9cologistes s\u2019insurgent"},"content":{"rendered":"<p>Les logements sociaux devraient encore \u00eatre gel\u00e9s \u00e0 Levens. C\u2019est en tout cas la volont\u00e9 de la majorit\u00e9 des \u00e9lus de la M\u00e9tropole qui se sont prononc\u00e9s en s\u00e9ance pl\u00e9ni\u00e8re, vendredi 11 juillet, en faveur d\u2019une nouvelle exemption de 3 ans de la loi SRU pour la cit\u00e9 du moyen pays ni\u00e7ois. Avec l\u2019accord de la pr\u00e9fecture des Alpes-Maritimes, <a href=\"https:\/\/www.nicematin.com\/urbanisme\/logements-sociaux-le-maire-de-levens-ne-veut-pas-payer-de-penalites-993689\" rel=\"nofollow noopener\" target=\"_blank\">la ville avait d\u00e9j\u00e0 b\u00e9n\u00e9fici\u00e9, de 2022 \u00e0 2024, d\u2019une autorisation de ne pas se conformer \u00e0 cette loi<\/a>, pr\u00e9voyant que chaque commune de plus de 3.500 habitants doit compter 25% de logements sociaux par rapport au nombre de logements existants. Ce vote donne donc blanc-seing \u00e0 Christian Estrosi, pr\u00e9sident de Nice C\u00f4te d\u2019Azur, pour demander la m\u00eame d\u00e9rogation au pr\u00e9fet.<\/p>\n<p>\u00ab\u00a0Si je pouvais en faire b\u00e9n\u00e9ficier Beaulieu et Gatti\u00e8res, je le ferais!\u00a0\u00bb<\/p>\n<p>Dans l\u2019assembl\u00e9e, les 3 \u00e9lus du groupe \u00e9cologiste ont, quant \u00e0 eux, vot\u00e9 contre. Et Juliette Chesnel-Leroux, l\u2019une d\u2019entre eux, de tancer: \u00ab\u00a0Contrairement \u00e0 ce que vous avancez, Levens n\u2019est ni isol\u00e9e ni faiblement attractive, (&#8230;) elle se situe \u00e0 moins de 30 minutes en voiture de zones d\u2019emploi majeures comme Carros ou l\u2019\u00c9covall\u00e9e. Sa population augmente, les logements aussi, le taux de cr\u00e9ation d\u2019entreprises est dynamique, le taux de pauvret\u00e9 faible. Levens est (&#8230;) en pleine expansion. (&#8230;) Ce que vous proposez, (&#8230;) c\u2019est une br\u00e8che politique, une ouverture d\u2019une bo\u00eete de Pandore, alors que 33.000 demandes de logements sociaux restent insatisfaites sur la M\u00e9tropole\u00a0\u00bb. R\u00e9ponse cinglante d\u2019Anthony Borr\u00e9, vice-pr\u00e9sident en charge notamment du logement. \u00ab\u00a0Notre m\u00e9tropole, ce n\u2019est ni la Corr\u00e8ze ni le Cantal, nous avons des contraintes g\u00e9ographiques puissantes. Si je pouvais faire b\u00e9n\u00e9ficier [de cette exemption] aux communs de Beaulieu ou de Gatti\u00e8res, je ferais!\u00a0\u00bb, a-t-il lanc\u00e9 sous les applaudissements, y compris de l\u2019extr\u00eame droite. Ambiance.<\/p>\n","protected":false},"excerpt":{"rendered":"Les logements sociaux devraient encore \u00eatre gel\u00e9s \u00e0 Levens. C\u2019est en tout cas la volont\u00e9 de la majorit\u00e9&hellip;\n","protected":false},"author":2,"featured_media":262668,"comment_status":"","ping_status":"","sticky":false,"template":"","format":"standard","meta":{"footnotes":""},"categories":[2819],"tags":[1111,11,1777,674,1011,27,1116,12,2401,882,25,801,1352,3366],"class_list":{"0":"post-262667","1":"post","2":"type-post","3":"status-publish","4":"format-standard","5":"has-post-thumbnail","7":"category-nice","8":"tag-actu","9":"tag-actualites","10":"tag-eu","11":"tag-europe","12":"tag-fr","13":"tag-france","14":"tag-immobilier","15":"tag-news","16":"tag-nice","17":"tag-provence-alpes-cote-dazur","18":"tag-republique-francaise","19":"tag-social","20":"tag-urbanisme","21":"tag-vie-locale"},"share_on_mastodon":{"url":"https:\/\/pubeurope.com\/@fr\/114889670463573291","error":""},"_links":{"self":[{"href":"https:\/\/www.europesays.com\/fr\/wp-json\/wp\/v2\/posts\/262667","targetHints":{"allow":["GET"]}}],"collection":[{"href":"https:\/\/www.europesays.com\/fr\/wp-json\/wp\/v2\/posts"}],"about":[{"href":"https:\/\/www.europesays.com\/fr\/wp-json\/wp\/v2\/types\/post"}],"author":[{"embeddable":true,"href":"https:\/\/www.europesays.com\/fr\/wp-json\/wp\/v2\/users\/2"}],"replies":[{"embeddable":true,"href":"https:\/\/www.europesays.com\/fr\/wp-json\/wp\/v2\/comments?post=262667"}],"version-history":[{"count":0,"href":"https:\/\/www.europesays.com\/fr\/wp-json\/wp\/v2\/posts\/262667\/revisions"}],"wp:featuredmedia":[{"embeddable":true,"href":"https:\/\/www.europesays.com\/fr\/wp-json\/wp\/v2\/media\/262668"}],"wp:attachment":[{"href":"https:\/\/www.europesays.com\/fr\/wp-json\/wp\/v2\/media?parent=262667"}],"wp:term":[{"taxonomy":"category","embeddable":true,"href":"https:\/\/www.europesays.com\/fr\/wp-json\/wp\/v2\/categories?post=262667"},{"taxonomy":"post_tag","embeddable":true,"href":"https:\/\/www.europesays.com\/fr\/wp-json\/wp\/v2\/tags?post=262667"}],"curies":[{"name":"wp","href":"https:\/\/api.w.org\/{rel}","templated":true}]}}