{"id":262669,"date":"2025-07-21T05:53:23","date_gmt":"2025-07-21T05:53:23","guid":{"rendered":"https:\/\/www.europesays.com\/fr\/262669\/"},"modified":"2025-07-21T05:53:23","modified_gmt":"2025-07-21T05:53:23","slug":"fin-de-feuilleton-pour-nice-pour-un-transfert-sous-tension","status":"publish","type":"post","link":"https:\/\/www.europesays.com\/fr\/262669\/","title":{"rendered":"fin de feuilleton pour Nice, pour un transfert sous tension"},"content":{"rendered":"<p>L\u2019histoire semblait \u00e9crite pour Uzair Cassiem et <a data-ilj-link-preview=\"true\" data-featured-image=\"https:\/\/www.xvovalie.com\/wp-content\/uploads\/2023\/01\/stade-nice-300x136.png\" data-excerpt=\"Nice et son stade seront des h\u00f4tes de la Coupe du Monde de Rugby France 2023 qui se d\u00e9roulera du 8 septembre au 28 octobre 2023. Les matchs de poule se d\u00e9rouleront \u00e0 Nice entre le 16 et 24 septembre 2023 et les \u00e9quipes participants seront les suivantes : Pays de Galles, Angleterre, Italie, Ecosse\u2026\" href=\"https:\/\/www.xvovalie.com\/calendrier-de-la-coupe-du-monde-de-rugby-2023-a-nice\/\" rel=\"nofollow noopener\" target=\"_blank\">Nice<\/a>, mais c\u2019est finalement avec <strong><a data-ilj-link-preview=\"true\" data-excerpt=\"L&#039;Union Sportive Oyonnax Rugby, fond\u00e9e en 1909, est un club de rugby qui \u00e9volue Top 14.&#013;&#010;Staff et pr\u00e9sidence :&#013;&#010;&#013;&#010; &#009;Pr\u00e9sident : Dougal Bendjaballah&#013;&#010; &#009;Entra\u00eeneur : Joe El Abd&#013;&#010; &#009;Vincent Debaty (m\u00eal\u00e9e)&#013;&#010; &#009;Dewald Senekal (touche)&#013;&#010; &#009;Fabien Cibray (attaque)&#013;&#010;&#013;&#010;Palmar\u00e8s d&#039;Oyonnax :&#013;&#010;&#013;&#010;&#013;&#010;&#013;&#010;Comp\u00e9tition&#013;&#010;Titre \/ Distinction&#013;&#010;Ann\u00e9es&#013;&#010;&#013;&#010;&#013;&#010;Championnat de France de Pro D2&#013;&#010;Champion&#013;&#010;2013, 2017, 2023&#013;&#010;&#013;&#010;&#013;&#010;Vice-champion&#013;&#010;1967&#013;&#010;&#013;&#010;&#013;&#010;Championnat de France de F\u00e9d\u00e9rale 1&#013;&#010;Champion&#013;&#010;2001&#013;&#010;&#013;&#010;&#013;&#010;Vice-champion&#013;&#010;2003&#013;&#010;&#013;&#010;&#013;&#010;Championnat de France groupe B&#013;&#010;Vice-champion&#013;&#010;1992\" href=\"https:\/\/www.xvovalie.com\/oyonnax\/\" rel=\"nofollow noopener\" target=\"_blank\">Oyonnax<\/a><\/strong> que le solide troisi\u00e8me ligne sud-africain va poursuivre sa carri\u00e8re. Un transfert qui fait parler, avec des rebondissements dignes d\u2019une s\u00e9rie estivale.<\/p>\n<p>Un renfort XXL pour Oyonnax<\/p>\n<p>L\u2019officialisation est tomb\u00e9e ce dimanche : <strong>Uzair Cassiem<\/strong>, 35 ans, ancien joueur de <a data-ilj-link-preview=\"true\" data-excerpt=\"Fond\u00e9 en 1904, l&#039;Aviron bayonnais \u00e9volue actuellement en Top 14.&#013;&#010;Staff et pr\u00e9sidence :&#013;&#010;&#013;&#010; &#009;Pr\u00e9sident : Philippe Tayeb&#013;&#010; &#009;Entra\u00eeneur : Gr\u00e9gory Patat (manager g\u00e9n\u00e9ral)&#013;&#010; &#009;Gerard Fraser (arri\u00e8res)&#013;&#010; &#009;Jo\u00ebl Rey (avants)&#013;&#010; &#009;Nick Abendanon (skills)&#013;&#010;&#013;&#010;Palmar\u00e8s de l&#039;Aviron bayonnais&#013;&#010;&#013;&#010;&#013;&#010;&#013;&#010;Comp\u00e9tition&#013;&#010;Titres&#013;&#010;Ann\u00e9es des Victoires&#013;&#010;&#013;&#010;&#013;&#010;&#013;&#010;&#013;&#010;Championnat de France&#013;&#010;3&#013;&#010;1913, 1934, 1943&#013;&#010;&#013;&#010;&#013;&#010;Championnat de France de 2e division&#013;&#010;2&#013;&#010;2019, 2022&#013;&#010;&#013;&#010;&#013;&#010;Challenge Yves du Manoir&#013;&#010;2&#013;&#010;1936, 1980&#013;&#010;&#013;&#010;&#013;&#010;Coupe Andr\u00e9 Moga&#013;&#010;1&#013;&#010;1995&#013;&#010;&#013;&#010;&#013;&#010;&#013;&#010;\u00a0\" href=\"https:\/\/www.xvovalie.com\/aviron-bayonnais\/\" rel=\"nofollow noopener\" target=\"_blank\">Bayonne<\/a> et ex-Springbok (8 s\u00e9lections), s\u2019est engag\u00e9 pour une saison avec Oyonnax. L\u2019annonce a \u00e9t\u00e9 faite par le club du Haut-Bugey, visiblement ravi d\u2019avoir attir\u00e9 dans ses filets ce joueur r\u00e9put\u00e9 pour son impact physique et son sens du jeu.<\/p>\n<p>Dans son communiqu\u00e9, le manager <strong>Fabien Cibray<\/strong> ne cache pas sa satisfaction : \u00ab Uzair, c\u2019est la touche exp\u00e9rience qui vient compl\u00e9ter notre <a data-ilj-link-preview=\"true\" data-excerpt=\"D\u00e9couvrez ici tous les mouvements d&#039;effectif, en Top 14, en Pro D2 ou au niveau international.\" href=\"https:\/\/www.xvovalie.com\/effectif\/\" rel=\"nofollow noopener\" target=\"_blank\">effectif<\/a> jeune. Il va nous apporter de l\u2019\u00e9nergie, du leadership, de la puissance\u2026 C\u2019est un joueur complet qui va nous faire du bien sur et en dehors du terrain. \u00bb<\/p>\n<p>Nice, le grand perdant de l\u2019histoire ?<\/p>\n<p>Pourtant, il y a \u00e0 peine trois semaines, <strong>Nice<\/strong> annon\u00e7ait fi\u00e8rement la signature de Cassiem pour deux saisons. Un pr\u00e9-contrat avait m\u00eame \u00e9t\u00e9 sign\u00e9, de quoi assurer l\u2019arriv\u00e9e du Sud-Africain sur la C\u00f4te d\u2019Azur. Mais le sc\u00e9nario a bascul\u00e9 en mai, au moment o\u00f9 Nice a \u00e9t\u00e9 rel\u00e9gu\u00e9 en Nationale, tout juste un an apr\u00e8s sa mont\u00e9e en <a href=\"https:\/\/www.xvovalie.com\/pro-d2\/\" rel=\"nofollow noopener\" target=\"_blank\">Pro D2<\/a>.<\/p>\n<p>Cassiem, flairant le coup, a finalement pr\u00e9f\u00e9r\u00e9 changer de cap. R\u00e9sultat : Nice se sent flou\u00e9 et envisage de <strong>r\u00e9clamer 200 000 euros<\/strong> \u00e0 Oyonnax et \u00e0 son ex-futur joueur, histoire de compenser cette volte-face.<\/p>\n<p>Un feuilleton qui secoue la Pro D2<\/p>\n<p>Le cas Cassiem a mis un sacr\u00e9 coup de projecteur sur les coulisses des <a href=\"https:\/\/www.xvovalie.com\/transferts\/\" rel=\"nofollow noopener\" target=\"_blank\">transferts<\/a> de Pro D2. Entre annonces pr\u00e9matur\u00e9es, pr\u00e9-contrats et rebondissements li\u00e9s aux descentes administratives, la situation a rapidement pris des allures de feuilleton. Si Oyonnax se frotte les mains, Nice, de son c\u00f4t\u00e9, n\u2019a pas dit son dernier mot. Une bataille pourrait encore se jouer\u2026 devant les avocats.<\/p>\n<p>Cassiem, c\u2019est du lourd sur le CV<\/p>\n<p>En quittant la C\u00f4te Basque, Uzair Cassiem laisse derri\u00e8re lui <strong>quatre saisons bien remplies<\/strong> \u00e0 Bayonne, avec \u00e0 la cl\u00e9 un titre de champion de Pro D2 en 2022 et une demi-finale de Top 14 le mois dernier. La saison pass\u00e9e, il a disput\u00e9 <strong>18 matchs de Top 14<\/strong>, dont 16 comme titulaire, toujours avec ce num\u00e9ro 8 dans le dos qui lui colle \u00e0 la peau.<\/p>\n<p>Avec Oyonnax, il va devoir apporter toute son exp\u00e9rience et son envie pour aider le club \u00e0 jouer les premiers r\u00f4les. Sa venue s\u2019inscrit dans la volont\u00e9 du staff de m\u00e9langer jeunes pousses et cadres exp\u00e9riment\u00e9s, histoire de viser haut sans br\u00fbler les \u00e9tapes.<\/p>\n<p>Ce qu\u2019il faut retenir (et surveiller)<\/p>\n<p>L\u2019arriv\u00e9e de Cassiem \u00e0 Oyonnax, c\u2019est le transfert qui secoue le rugby d\u2019\u00e9t\u00e9 et qui promet encore quelques rebondissements en coulisses. Entre coups de th\u00e9\u00e2tre, batailles juridiques annonc\u00e9es et ambitions sportives, le feuilleton est loin d\u2019\u00eatre termin\u00e9.<\/p>\n<p>Une chose est s\u00fbre : Oyonnax a frapp\u00e9 un grand coup en recrutant un joueur au pedigree aussi solide. Reste \u00e0 voir si Cassiem saura faire oublier la pol\u00e9mique par ses performances sur le terrain\u2026 et si Nice va poursuivre la bataille dans les tribunaux.<\/p>\n<p>Source : Rugbyrama<\/p>\n<p><img loading=\"lazy\" src=\"data:image\/svg+xml,%3Csvg%20xmlns=\" http:=\"\" height=\"100\" width=\"100\" class=\" sp-no-webp\" alt=\"whatsapp image 2024 07 31 at 09.08.32\" decoding=\"async\" data-lazy-src=\"https:\/\/www.europesays.com\/fr\/wp-content\/uploads\/2025\/04\/whatsapp-image-2024-07-31-at-09.08.32-e1727245864215.jpeg\"\/> <\/p>\n<p>J\u2019ai grandi dans une famille o\u00f9 le rugby \u00e9tait de tous les moments. J\u2019\u00e9tais au bord du terrain quand Castres a battu Pau et a rejoint l\u2019\u00e9lite, j\u2019\u00e9tais dans le Stade Pierre Antoine face \u00e0 Gary Whetton quand il a fait son Haka pour c\u00e9l\u00e9brer le Brennus de 1993 et j\u2019ai toujours \u00e9t\u00e9 berc\u00e9 des l\u00e9gendes de ce sport. Maintenant, c\u2019est avec XV Ovalie que j\u2019entends prolonger l\u2019aventure. #TeamCO<\/p>\n","protected":false},"excerpt":{"rendered":"L\u2019histoire semblait \u00e9crite pour Uzair Cassiem et Nice, mais c\u2019est finalement avec Oyonnax que le solide troisi\u00e8me ligne&hellip;\n","protected":false},"author":2,"featured_media":262670,"comment_status":"","ping_status":"","sticky":false,"template":"","format":"standard","meta":{"footnotes":""},"categories":[2819],"tags":[1111,11,4736,1777,674,1011,27,12,2401,40239,2729,882,25,40240,10662],"class_list":{"0":"post-262669","1":"post","2":"type-post","3":"status-publish","4":"format-standard","5":"has-post-thumbnail","7":"category-nice","8":"tag-actu","9":"tag-actualites","10":"tag-aviron-bayonnais","11":"tag-eu","12":"tag-europe","13":"tag-fr","14":"tag-france","15":"tag-news","16":"tag-nice","17":"tag-nissa-rugby","18":"tag-oyonnax","19":"tag-provence-alpes-cote-dazur","20":"tag-republique-francaise","21":"tag-stade-niu00e7ois","22":"tag-transferts"},"share_on_mastodon":{"url":"https:\/\/pubeurope.com\/@fr\/114889674153052597","error":""},"_links":{"self":[{"href":"https:\/\/www.europesays.com\/fr\/wp-json\/wp\/v2\/posts\/262669","targetHints":{"allow":["GET"]}}],"collection":[{"href":"https:\/\/www.europesays.com\/fr\/wp-json\/wp\/v2\/posts"}],"about":[{"href":"https:\/\/www.europesays.com\/fr\/wp-json\/wp\/v2\/types\/post"}],"author":[{"embeddable":true,"href":"https:\/\/www.europesays.com\/fr\/wp-json\/wp\/v2\/users\/2"}],"replies":[{"embeddable":true,"href":"https:\/\/www.europesays.com\/fr\/wp-json\/wp\/v2\/comments?post=262669"}],"version-history":[{"count":0,"href":"https:\/\/www.europesays.com\/fr\/wp-json\/wp\/v2\/posts\/262669\/revisions"}],"wp:featuredmedia":[{"embeddable":true,"href":"https:\/\/www.europesays.com\/fr\/wp-json\/wp\/v2\/media\/262670"}],"wp:attachment":[{"href":"https:\/\/www.europesays.com\/fr\/wp-json\/wp\/v2\/media?parent=262669"}],"wp:term":[{"taxonomy":"category","embeddable":true,"href":"https:\/\/www.europesays.com\/fr\/wp-json\/wp\/v2\/categories?post=262669"},{"taxonomy":"post_tag","embeddable":true,"href":"https:\/\/www.europesays.com\/fr\/wp-json\/wp\/v2\/tags?post=262669"}],"curies":[{"name":"wp","href":"https:\/\/api.w.org\/{rel}","templated":true}]}}