{"id":262676,"date":"2025-07-21T05:59:11","date_gmt":"2025-07-21T05:59:11","guid":{"rendered":"https:\/\/www.europesays.com\/fr\/262676\/"},"modified":"2025-07-21T05:59:11","modified_gmt":"2025-07-21T05:59:11","slug":"a-toulouse-maison-simone-aide-sans-tabou-les-femmes-souffrant-de-la-menopause","status":"publish","type":"post","link":"https:\/\/www.europesays.com\/fr\/262676\/","title":{"rendered":"\u00c0 Toulouse, Maison Simone aide sans tabou les femmes souffrant de la m\u00e9nopause"},"content":{"rendered":"<p class=\"paragraph text_align_left lp-f-body-02\">La m\u00e9nopause est une \u00e9tape de la vie des femmes <a href=\"https:\/\/www.leparisien.fr\/sentinelles\/la-menopause-lautre-liberation-de-la-parole-des-femmes-18-10-2024-SFOYLX6RAZEK3J3FTARTL6HAC4.php\" target=\"_blank\" rel=\"nofollow noopener\">dont il faut parler pour trouver des solutions<\/a>. C\u2019est la philosophie de Maison Simone, structure ouverte d\u00e9but juin \u00e0 Toulouse (Haute-Garonne) et qui propose d\u2019aborder le bien-vieillir au f\u00e9minin dans une approche pluridisciplinaire et surtout sans tabou. Son ambition : apporter \u00e0 toutes les femmes en p\u00e9riode de p\u00e9rim\u00e9nopause et de m\u00e9nopause un espace d\u2019\u00e9coute, de soins et de prise en charge personnalis\u00e9e.<\/p>\n<p class=\"paragraph text_align_left lp-f-body-02\">En France en 2025, 17,2 millions de femmes de plus de 45 ans sont concern\u00e9es par la m\u00e9nopause. Parmi elles, pr\u00e8s de 90 % ressentent au moins un des sympt\u00f4mes qui y sont li\u00e9s (troubles du sommeil, bouff\u00e9es de chaleur, s\u00e9cheresse intime, baisse d\u2019\u00e9nergie\u2026) et <a href=\"https:\/\/www.leparisien.fr\/politique\/des-femmes-refusent-davoir-des-promotions-au-travail-pourquoi-la-menopause-est-devenue-un-sujet-politique-08-05-2024-UHEZEHFYRRCV3BFG32WAES67LE.php\" target=\"_blank\" rel=\"noreferrer nofollow noopener\">qui alt\u00e8rent leur qualit\u00e9 de vie<\/a>. Pire, <a href=\"https:\/\/www.leparisien.fr\/sentinelles\/menopause-une-femme-sur-deux-ne-levoque-pas-avec-son-medecin-08-02-2023-UYPIZIJNJRBIHAA4R5ZIYMHAWE.php\" target=\"_blank\" rel=\"noreferrer nofollow noopener\">50 % n\u2019osent pas en parler \u00e0 leur partenaire<\/a>.<\/p>\n<p class=\"paragraph text_align_left lp-f-body-02\">Ce constat a pouss\u00e9 Maison Simone \u00e0 proposer des solutions concr\u00e8tes \u00e0 toutes les femmes concern\u00e9es, \u00e0 commencer par une expertise m\u00e9dicale, mais aussi des soins holistiques et un accompagnement personnalis\u00e9. \u00ab On vit de plus en plus tard, la m\u00e9nopause d\u00e9marre plus t\u00f4t, et les femmes vivent avec durant 40 ans \u00bb, souligne Marie-Pierre Bisaro, la fondatrice de Maison Simone, baptis\u00e9e ainsi en hommage \u00e0 Simone Veil, Simone de Beauvoir et Simone Weil.<\/p>\n<p class=\"paragraph text_align_left lp-f-body-02\">\u00ab On en parle peu ou alors sur les r\u00e9seaux sociaux, sans r\u00e9pondre \u00e0 la question d\u2019o\u00f9 on peut aller pour trouver des solutions \u00bb, regrette la fondatrice. \u00ab Pour les femmes, c\u2019est un peu une fatalit\u00e9, donc l\u2019id\u00e9e est de r\u00e9pondre \u00e0 ces besoins avec des gyn\u00e9cologues sp\u00e9cialis\u00e9s dans cette p\u00e9riode de vie, des di\u00e9t\u00e9ticiennes et travailler en r\u00e9seau avec plusieurs disciplines. \u00bb<\/p>\n<p>M\u00e9decine et bien-\u00eatre<\/p>\n<p class=\"paragraph text_align_left lp-f-body-02\">Dans un m\u00eame lieu, les femmes disposent ainsi de plusieurs espaces distincts et compl\u00e9mentaires. Le premier est r\u00e9serv\u00e9 aux consultations m\u00e9dicales, avec des gyn\u00e9cologues, m\u00e9decins g\u00e9n\u00e9ralistes, kin\u00e9sith\u00e9rapeutes et psychologues, ainsi que des di\u00e9t\u00e9ticiennes. Un plateau technique s\u2019y ajoute, comportant des technologies de pointe d\u00e9di\u00e9es aux soins de la sph\u00e8re intime.<\/p>\n<p class=\"paragraph text_align_left lp-f-body-02\">Par ailleurs, un espace \u00ab moments Simone \u00bb se concentre sur le bien-\u00eatre avec une approche holistique, avec des activit\u00e9s physiques, de la sophrologie, de la r\u00e9flexologie, des massages et une <a href=\"https:\/\/www.leparisien.fr\/sciences\/les-proprietes-de-la-lumiere-cicatrisante-cosmetique-decontaminante-et-meme-connectee-30-12-2023-Y373LAPPXFG27NIMO5GGOCTSCI.php\" target=\"_blank\" rel=\"noreferrer nofollow noopener\">arche de photobiomodulation<\/a>. Des moments d\u2019\u00e9change sont aussi organis\u00e9s avec des cercles de discussion, du coaching, des conf\u00e9rences th\u00e9matiques, des ateliers collectifs\u2026<\/p>\n<p class=\"paragraph text_align_left lp-f-body-02\">Alors qu\u2019un centre d\u00e9di\u00e9 \u00e0 la m\u00e9nopause est install\u00e9 depuis 30 ans sur le site du CHU Purpan, \u00e0 l\u2019h\u00f4pital Paule-de-Viguier de Toulouse, o\u00f9 gyn\u00e9cologues et infirmi\u00e8res prennent en charge les patientes orient\u00e9es par leur m\u00e9decin g\u00e9n\u00e9raliste, Maison Simone vient ainsi compl\u00e9ter cette offre avec ses activit\u00e9s holistiques et de bien-\u00eatre.<\/p>\n","protected":false},"excerpt":{"rendered":"La m\u00e9nopause est une \u00e9tape de la vie des femmes dont il faut parler pour trouver des solutions.&hellip;\n","protected":false},"author":2,"featured_media":262677,"comment_status":"","ping_status":"","sticky":false,"template":"","format":"standard","meta":{"footnotes":""},"categories":[2816],"tags":[1111,11,459,1777,674,1011,27,4623,12,2680,25,104,2312],"class_list":{"0":"post-262676","1":"post","2":"type-post","3":"status-publish","4":"format-standard","5":"has-post-thumbnail","7":"category-toulouse","8":"tag-actu","9":"tag-actualites","10":"tag-departements-horsidfo","11":"tag-eu","12":"tag-europe","13":"tag-fr","14":"tag-france","15":"tag-haute-garonne-31","16":"tag-news","17":"tag-occitanie","18":"tag-republique-francaise","19":"tag-societe","20":"tag-toulouse"},"share_on_mastodon":{"url":"https:\/\/pubeurope.com\/@fr\/114889697767501155","error":""},"_links":{"self":[{"href":"https:\/\/www.europesays.com\/fr\/wp-json\/wp\/v2\/posts\/262676","targetHints":{"allow":["GET"]}}],"collection":[{"href":"https:\/\/www.europesays.com\/fr\/wp-json\/wp\/v2\/posts"}],"about":[{"href":"https:\/\/www.europesays.com\/fr\/wp-json\/wp\/v2\/types\/post"}],"author":[{"embeddable":true,"href":"https:\/\/www.europesays.com\/fr\/wp-json\/wp\/v2\/users\/2"}],"replies":[{"embeddable":true,"href":"https:\/\/www.europesays.com\/fr\/wp-json\/wp\/v2\/comments?post=262676"}],"version-history":[{"count":0,"href":"https:\/\/www.europesays.com\/fr\/wp-json\/wp\/v2\/posts\/262676\/revisions"}],"wp:featuredmedia":[{"embeddable":true,"href":"https:\/\/www.europesays.com\/fr\/wp-json\/wp\/v2\/media\/262677"}],"wp:attachment":[{"href":"https:\/\/www.europesays.com\/fr\/wp-json\/wp\/v2\/media?parent=262676"}],"wp:term":[{"taxonomy":"category","embeddable":true,"href":"https:\/\/www.europesays.com\/fr\/wp-json\/wp\/v2\/categories?post=262676"},{"taxonomy":"post_tag","embeddable":true,"href":"https:\/\/www.europesays.com\/fr\/wp-json\/wp\/v2\/tags?post=262676"}],"curies":[{"name":"wp","href":"https:\/\/api.w.org\/{rel}","templated":true}]}}