{"id":262683,"date":"2025-07-21T06:04:14","date_gmt":"2025-07-21T06:04:14","guid":{"rendered":"https:\/\/www.europesays.com\/fr\/262683\/"},"modified":"2025-07-21T06:04:14","modified_gmt":"2025-07-21T06:04:14","slug":"une-trentaine-de-chercheurs-americains-a-marseille-dici-lautomne","status":"publish","type":"post","link":"https:\/\/www.europesays.com\/fr\/262683\/","title":{"rendered":"Une trentaine de chercheurs am\u00e9ricains \u00e0 Marseille d\u2019ici l\u2019automne"},"content":{"rendered":"<p>Un accueil pr\u00e9vu pour l\u2019automne. Vingt-et-un chercheurs am\u00e9ricains dont certains sont des sp\u00e9cialistes de leur discipline au niveau mondial pourront rejoindre Marseille. Ils ont \u00e9t\u00e9 recrut\u00e9s dans le cadre du dispositif mis en place par l\u2019universit\u00e9 Aix-Marseille (Amu), <a href=\"https:\/\/www.laprovence.com\/article\/region\/23995761238315\/marseille-est-notre-avenir-les-chercheurs-americains-inquietes-par-trump-en-quete-de-liberte\" target=\"_blank\" rel=\"noopener\">\u00ab\u00a0Safe place for science\u00a0\u00bb<\/a> (\u00ab\u00a0un lieu s\u00fbr pour la science\u00a0\u00bb), entre avril et juillet.<\/p>\n<p>Au moins 10 chercheurs suppl\u00e9mentaires doivent \u00eatre accueillis \u00e0 Marseille gr\u00e2ce \u00e0 la d\u00e9cision de l\u2019\u00c9tat de soutenir leur venue \u00e0 hauteur de 13\u00a0millions d\u2019euros via le programme \u00ab\u00a0Choose France for science\u00a0\u00bb (\u00ab\u00a0Choisir la France pour la science\u00a0\u00bb).<\/p>\n<p>Une dominante \u00ab\u00a0sciences humaines\u00a0\u00bb parmi les chercheurs<\/p>\n<p>Amu, en partenariat avec l\u2019\u00c9tat via le minist\u00e8re de l\u2019Enseignement sup\u00e9rieur et de la Recherche, accueilleront donc \u00ab\u00a0au moins\u00a031 chercheurs am\u00e9ricains, dont une douzaine en sciences humaines et sociales (portant sur la sant\u00e9, le droit, le climat, l\u2019histoire ou les arts), une dizaine en sciences de la vie, et moins d\u2019une dizaine en sciences de l\u2019environnement ainsi qu\u2019au sein des autres sciences dont la physique, l\u2019astrophysique, les math\u00e9matiques et l\u2019informatique\u00a0\u00bb.<\/p>\n<p>Avec un budget de 15\u00a0millions d\u2019euros sur trois ans financ\u00e9s par la fondation Amidex, dont l\u2019ambition est d\u2019accompagner le d\u00e9veloppement d\u2019un p\u00f4le d\u2019enseignement sup\u00e9rieur et de recherche de rang mondial, Amu a pu proposer avec le soutien de la R\u00e9gion un accueil global des chercheurs au-del\u00e0 de leur environnement acad\u00e9mique.<\/p>\n<p>Des dispositifs \u00ab\u00a0sp\u00e9ciaux\u00a0\u00bb &#8211; obtention de visas, de logements, d\u2019emplois pour les conjoints, de places en cr\u00e8che,\u00a0etc. &#8211; ont ainsi pu \u00eatre mis en place pour mieux les int\u00e9grer. Enfin, Amu \u00ab\u00a0porte un projet de cr\u00e9ation du statut de r\u00e9fugi\u00e9 scientifique, pour prot\u00e9ger les chercheurs qui sont menac\u00e9s au m\u00eame titre que les journalistes d\u2019opposition ou les opposants politiques\u00a0\u00bb souligne <a href=\"https:\/\/www.laprovence.com\/article\/societe\/3491621138913914\/pour-eric-berton-president-damu-il-faut-changer-le-modele-de-financement-des-universites-en-france\" target=\"_blank\" rel=\"noopener\">Eric Berton, pr\u00e9sident d\u2019Aix-Marseille Universit\u00e9.<\/a><\/p>\n","protected":false},"excerpt":{"rendered":"Un accueil pr\u00e9vu pour l\u2019automne. Vingt-et-un chercheurs am\u00e9ricains dont certains sont des sp\u00e9cialistes de leur discipline au niveau&hellip;\n","protected":false},"author":2,"featured_media":262684,"comment_status":"","ping_status":"","sticky":false,"template":"","format":"standard","meta":{"footnotes":""},"categories":[2814],"tags":[17,1111,11,7079,21590,1777,674,1011,27,884,12,471,882,16,25,43,10764,96],"class_list":{"0":"post-262683","1":"post","2":"type-post","3":"status-publish","4":"format-standard","5":"has-post-thumbnail","7":"category-marseille","8":"tag-17","9":"tag-actu","10":"tag-actualites","11":"tag-chercheurs","12":"tag-choisir","13":"tag-eu","14":"tag-europe","15":"tag-fr","16":"tag-france","17":"tag-marseille","18":"tag-news","19":"tag-pour","20":"tag-provence-alpes-cote-dazur","21":"tag-region","22":"tag-republique-francaise","23":"tag-science","24":"tag-trentaine","25":"tag-une"},"share_on_mastodon":{"url":"https:\/\/pubeurope.com\/@fr\/114889717409493417","error":""},"_links":{"self":[{"href":"https:\/\/www.europesays.com\/fr\/wp-json\/wp\/v2\/posts\/262683","targetHints":{"allow":["GET"]}}],"collection":[{"href":"https:\/\/www.europesays.com\/fr\/wp-json\/wp\/v2\/posts"}],"about":[{"href":"https:\/\/www.europesays.com\/fr\/wp-json\/wp\/v2\/types\/post"}],"author":[{"embeddable":true,"href":"https:\/\/www.europesays.com\/fr\/wp-json\/wp\/v2\/users\/2"}],"replies":[{"embeddable":true,"href":"https:\/\/www.europesays.com\/fr\/wp-json\/wp\/v2\/comments?post=262683"}],"version-history":[{"count":0,"href":"https:\/\/www.europesays.com\/fr\/wp-json\/wp\/v2\/posts\/262683\/revisions"}],"wp:featuredmedia":[{"embeddable":true,"href":"https:\/\/www.europesays.com\/fr\/wp-json\/wp\/v2\/media\/262684"}],"wp:attachment":[{"href":"https:\/\/www.europesays.com\/fr\/wp-json\/wp\/v2\/media?parent=262683"}],"wp:term":[{"taxonomy":"category","embeddable":true,"href":"https:\/\/www.europesays.com\/fr\/wp-json\/wp\/v2\/categories?post=262683"},{"taxonomy":"post_tag","embeddable":true,"href":"https:\/\/www.europesays.com\/fr\/wp-json\/wp\/v2\/tags?post=262683"}],"curies":[{"name":"wp","href":"https:\/\/api.w.org\/{rel}","templated":true}]}}