{"id":262686,"date":"2025-07-21T06:06:09","date_gmt":"2025-07-21T06:06:09","guid":{"rendered":"https:\/\/www.europesays.com\/fr\/262686\/"},"modified":"2025-07-21T06:06:09","modified_gmt":"2025-07-21T06:06:09","slug":"arretee-a-laeroport-de-lyon-avec-44-kilos-de-cannabis-dans-ses-valises-une-etudiante-lourdement-condamnee","status":"publish","type":"post","link":"https:\/\/www.europesays.com\/fr\/262686\/","title":{"rendered":"Arr\u00eat\u00e9e \u00e0 l&rsquo;a\u00e9roport de Lyon avec 44 kilos de cannabis dans ses valises, une \u00e9tudiante lourdement condamn\u00e9e"},"content":{"rendered":"<p itemprop=\"description\"><strong>Pour accepter de passer de la drogue ou un \u00ab\u00a0colis\u00a0\u00bb \u00e0 l&rsquo;a\u00e9roport, et donc de jouer le r\u00f4le de mule, il faut \u00eatre sacr\u00e9ment d\u00e9sesp\u00e9r\u00e9, ou bien menac\u00e9.<\/strong><\/p>\n<p>Pour cette \u00e9tudiante de nationalit\u00e9 albanaise, ce fut la premi\u00e8re option. Son petit ami lui avait parl\u00e9 d&rsquo;un plan \u00e0 10 000 euros : prendre des paquets contenant 44 kilos de r\u00e9sine de cannabis dans ses valises et r\u00e9aliser un p\u00e9riple en Europe avant de s&rsquo;envoler pour la Tha\u00eflande.<\/p>\n<p>La jeune femme de 21 ans s&rsquo;\u00e9tait donc ex\u00e9cut\u00e9e. Mais le 12 mai dernier, en atterrissant \u00e0 l&rsquo;a\u00e9roport de Lyon Saint-Exup\u00e9ry, elle a \u00e9t\u00e9 cueillie par les douaniers qui avaient \u00e9t\u00e9 inform\u00e9s de la pr\u00e9sence massive de drogue dans ses affaires.<\/p>\n<p>Incarc\u00e9r\u00e9e depuis, elle a \u00e9t\u00e9 jug\u00e9e il y a quelques jours \u00e0 Lyon. Selon le Progr\u00e8s, l&rsquo;Albanaise a \u00e9cop\u00e9 d&rsquo;une lourde peine. Outre l&rsquo;amende douani\u00e8re de 176 716 euros correspondant \u00e0 la valeur des 44 kilos de r\u00e9sine de cannabis, la pr\u00e9venue a \u00e9t\u00e9 condamn\u00e9e \u00e0 1 an de prison ferme et d&rsquo;une interdiction du territoire fran\u00e7ais pendant les 10 prochaines ann\u00e9es.<\/p>\n<p>A l&rsquo;issue de l&rsquo;audience, elle est donc retourn\u00e9e dans sa cellule qu&rsquo;elle ne quittera pas avant 2026.<\/p>\n","protected":false},"excerpt":{"rendered":"Pour accepter de passer de la drogue ou un \u00ab\u00a0colis\u00a0\u00bb \u00e0 l&rsquo;a\u00e9roport, et donc de jouer le r\u00f4le&hellip;\n","protected":false},"author":2,"featured_media":262687,"comment_status":"","ping_status":"","sticky":false,"template":"","format":"standard","meta":{"footnotes":""},"categories":[1889],"tags":[1111,11,2813,2190,2430,1109,251,1112,2811,1777,674,118,1011,27,1922,1110,1114,2428,2810,12,241,316,25,2812,517,800],"class_list":{"0":"post-262686","1":"post","2":"type-post","3":"status-publish","4":"format-standard","5":"has-post-thumbnail","7":"category-lyon","8":"tag-actu","9":"tag-actualites","10":"tag-article","11":"tag-asvel","12":"tag-auvergne-rhone-alpes","13":"tag-breves","14":"tag-culture","15":"tag-depeches","16":"tag-economique","17":"tag-eu","18":"tag-europe","19":"tag-faits-divers","20":"tag-fr","21":"tag-france","22":"tag-info","23":"tag-informations","24":"tag-infos","25":"tag-lyon","26":"tag-lyonmag","27":"tag-news","28":"tag-ol","29":"tag-politique","30":"tag-republique-francaise","31":"tag-sociale","32":"tag-sport","33":"tag-transports"},"share_on_mastodon":{"url":"https:\/\/pubeurope.com\/@fr\/114889725622018184","error":""},"_links":{"self":[{"href":"https:\/\/www.europesays.com\/fr\/wp-json\/wp\/v2\/posts\/262686","targetHints":{"allow":["GET"]}}],"collection":[{"href":"https:\/\/www.europesays.com\/fr\/wp-json\/wp\/v2\/posts"}],"about":[{"href":"https:\/\/www.europesays.com\/fr\/wp-json\/wp\/v2\/types\/post"}],"author":[{"embeddable":true,"href":"https:\/\/www.europesays.com\/fr\/wp-json\/wp\/v2\/users\/2"}],"replies":[{"embeddable":true,"href":"https:\/\/www.europesays.com\/fr\/wp-json\/wp\/v2\/comments?post=262686"}],"version-history":[{"count":0,"href":"https:\/\/www.europesays.com\/fr\/wp-json\/wp\/v2\/posts\/262686\/revisions"}],"wp:featuredmedia":[{"embeddable":true,"href":"https:\/\/www.europesays.com\/fr\/wp-json\/wp\/v2\/media\/262687"}],"wp:attachment":[{"href":"https:\/\/www.europesays.com\/fr\/wp-json\/wp\/v2\/media?parent=262686"}],"wp:term":[{"taxonomy":"category","embeddable":true,"href":"https:\/\/www.europesays.com\/fr\/wp-json\/wp\/v2\/categories?post=262686"},{"taxonomy":"post_tag","embeddable":true,"href":"https:\/\/www.europesays.com\/fr\/wp-json\/wp\/v2\/tags?post=262686"}],"curies":[{"name":"wp","href":"https:\/\/api.w.org\/{rel}","templated":true}]}}