{"id":262688,"date":"2025-07-21T06:07:21","date_gmt":"2025-07-21T06:07:21","guid":{"rendered":"https:\/\/www.europesays.com\/fr\/262688\/"},"modified":"2025-07-21T06:07:21","modified_gmt":"2025-07-21T06:07:21","slug":"ticket-unique-a-250-euros-metro-a-2-euros-pass-liberte-les-nouveautes-dans-les-transports-en-2025","status":"publish","type":"post","link":"https:\/\/www.europesays.com\/fr\/262688\/","title":{"rendered":"Ticket unique \u00e0 2,50 euros, m\u00e9tro \u00e0 2 euros, Pass libert\u00e9 +\u2026 Les nouveaut\u00e9s dans les transports en\u00a02025"},"content":{"rendered":"<p>En ce lundi 6 janvier 2025, jour de reprise, nous vous proposons de (re)lire cet article sur les changements dans les transports en Ile-de-France en 2025 : <\/p>\n<p>C\u2019est n\u2019est pas moins qu\u2019une r\u00e9volution qui va intervenir dans les transports franciliens en janvier\u00a02025. Mardi, <a href=\"https:\/\/www.20minutes.fr\/dossier\/stif\" class=\"color-ultramarine c-link\" target=\"_blank\" rel=\"noopener\">\u00cele-de-France Mobilit\u00e9s<\/a> (IDFM) a annonc\u00e9 la mise en place d\u2019un tarif unique du ticket de m\u00e9tro, RER ou transilien \u00e0 2,50 euros\u2026 <a href=\"https:\/\/www.20minutes.fr\/dossier\/ile-de-france\" class=\"color-ultramarine c-link\" target=\"_blank\" rel=\"noopener\">sur toute la r\u00e9gion<\/a>.<\/p>\n<p>Mais cette mesure d\u2019ampleur n\u2019est pas la seule qui va venir bouleverser la vie des usagers, car tout <a href=\"https:\/\/www.20minutes.fr\/paris\/4101585-20240716-jo-paris-2024-attention-prix-metro-bus-rer-va-flamber-quelques-jours\" class=\"color-ultramarine c-link\" target=\"_blank\" rel=\"noopener\">le syst\u00e8me de tarification<\/a> va \u00eatre modifi\u00e9. On fait le point.<\/p>\n<p>Les tarifs unifi\u00e9s<\/p>\n<p>A partir du 1er\u00a0janvier 2025 donc, un ticket unique \u00e0 2,50 euros sera mis en place dans toute la r\u00e9gion \u00cele-de-France. Il s\u2019appliquera au m\u00e9tro mais aussi aux <a href=\"https:\/\/www.20minutes.fr\/societe\/rer\/\" class=\"color-ultramarine c-link\" target=\"_blank\" rel=\"noopener\">RER et aux transiliens<\/a>, peu importe le lieu ou la distance du trajet.<\/p>\n<\/p>\n<p>Cela repr\u00e9sente une augmentation pour les Parisiens et les habitants de la petite couronne, qui payaient jusqu\u2019alors 2,15 euros \u00e0 l\u2019unit\u00e9 (ou 1,73 euro par carnet de dix) pour un trajet en m\u00e9tro intra-muros, mais une nette baisse pour les habitants de grande couronne qui pouvaient payer jusqu\u2019\u00e0 10 euros pour certains trajets de <a href=\"https:\/\/www.20minutes.fr\/paris\/2544227-20190620-criminalite-paris-banlieue-dis-o-vis-dirais-risques\" class=\"color-ultramarine c-link\" target=\"_blank\" rel=\"noopener\">banlieue \u00e0 banlieue<\/a>.<\/p>\n<p>Les tickets de bus et tramway augmenteront eux aussi pour passer \u00e0 2 euros sur l\u2019ensemble du r\u00e9seau de surface.<\/p>\n<p>Seule exception \u00e0 cette g\u00e9n\u00e9ralisation, le ticket \u00ab\u00a0a\u00e9roport\u00a0\u00bb qui garde un tarif sp\u00e9cifique. Mais l\u00e0 encore, alors que plusieurs prix \u00e9taient possibles (de 10,30 euros \u00e0 16,60 euros), il va \u00eatre unifi\u00e9 pour plus de clarification. D\u00e9sormais, il faudra s\u2019acquitter de 13 euros qu\u2019on se rende \u00e0 <a href=\"https:\/\/www.20minutes.fr\/dossier\/roissy\" class=\"color-ultramarine c-link\" target=\"_blank\" rel=\"noopener\">Roissy<\/a> (Roissybus, RER B) ou \u00e0 Orly (Orlybus, Ligne 14).<\/p>\n<p>Libert\u00e9 +\u00a0: Une carte pour les remplacer tous, et \u00e0 l\u2019avenir le ticket en carton supprimer<\/p>\n<p>Cette g\u00e9n\u00e9ralisation est justifi\u00e9e par <a href=\"https:\/\/www.20minutes.fr\/dossier\/valerie_pecresse\" class=\"color-ultramarine c-link\" target=\"_blank\" rel=\"noopener\">Val\u00e9rie P\u00e9cresse<\/a>, pr\u00e9sidente de la r\u00e9gie \u00cele-de-France Mobilit\u00e9s, par la volont\u00e9 de simplifier l\u2019offre. Jusqu\u2019alors, la multitude de formules selon les zones et les modes de transport \u00e9taient \u00ab\u00a0absurdes\u00a0\u00bb et un v\u00e9ritable \u00ab\u00a0pi\u00e8ge tarifaire\u00a0\u00bb selon l\u2019\u00e9lue qui s\u2019exprimait ce mercredi.<\/p>\n<p>Dans sa d\u00e9marche de simplification, IDFM mise sur le pass Libert\u00e9 +. Encore assez m\u00e9connu, il permet de payer ses transports \u00e0 l\u2019usage, via une facturation le mois suivant. Il conna\u00eetra lui aussi une augmentation au 1er\u00a0janvier 2025, passant de 1,73 euro \u00e0 1,99 euro pour un trajet des transports sur rails, et restera plus avantageux pour les voyageurs des bus et trams, puisque le futur billet des transports de surface co\u00fbtera 1,60 euro.<\/p>\n<blockquote class=\"twitter-tweet\" align=\"center\" data-lang=\"fr_FR\">\n<p lang=\"fr\" dir=\"ltr\">Nous sortons d\u2019une r\u00e9union avec <a href=\"https:\/\/twitter.com\/vpecresse?ref_src=twsrc%5Etfw\" target=\"_blank\" rel=\"noopener\">@vpecresse<\/a> qui a annonc\u00e9 aux associations d\u2019usagers un big-bang des tarifs pour les trajets occasionnels, d\u2019une ampleur similaire \u00e0 la cr\u00e9ation de l\u2019abonnement \u00e0 tarif unique par JP Huchon il y a 10 ans. Pour tout vous dire, on ne s\u2019attendait pas \u00e0\u2026 <a href=\"https:\/\/t.co\/EXEjheSp0W\">pic.twitter.com\/EXEjheSp0W<\/a><\/p>\n<p>\u2014 Plus de trains (@Plusdetrains) <a href=\"https:\/\/twitter.com\/Plusdetrains\/status\/1836112062960804099?ref_src=twsrc%5Etfw\" target=\"_blank\" rel=\"noopener\">September 17, 2024<\/a><\/p><\/blockquote>\n<p class=\"mb-xxl@xs color-ultramarine font-weight-semi-bold@xs font-source-serif-pro heading-s@xs\">L\u2019acc\u00e8s \u00e0 ce contenu a \u00e9t\u00e9 bloqu\u00e9 afin de respecter votre choix de consentement<\/p>\n<p class=\"mb-m@xs text-l@xs\">En cliquant sur\u00ab J\u2019accepte \u00bb, vous acceptez le d\u00e9p\u00f4t de cookies par des services externes et aurez ainsi acc\u00e8s aux contenus de nos partenaires.<\/p>\n<p class=\"mb-xl@xs text-s@xs\">Plus d\u2019informations sur la page<a href=\"https:\/\/www.20minutes.fr\/gestion-cookies\" class=\"mx-xxs@xs color-ultramarine\" target=\"_blank\" rel=\"noopener\">Politique de gestion des cookies<\/a><\/p>\n<p>J\u2019accepte<\/p>\n<p>S\u2019il n\u2019\u00e9tait jusqu\u2019ici disponible que dans le m\u00e9tro et les bus de Paris et de la petite couronne, il pourra d\u00e9sormais \u00eatre utilis\u00e9 partout en Ile-de-France, dans tous les modes de transports.<\/p>\n<p>Surtout, il va faciliter les correspondances entre deux modes de transports diff\u00e9rents. Jusqu\u2019ici, il fallait prendre deux tickets diff\u00e9rents. D\u00e9sormais, le pass n\u2019en comptera plus qu\u2019un\u00a0: le client ne paiera que le ticket le plus cher, \u00ab\u00a0le moins cher \u00e9tant offert\u00a0\u00bb, a pr\u00e9cis\u00e9 Val\u00e9rie P\u00e9cresse. De quoi diviser le prix de certains trajets \u00ab\u00a0par deux ou par quatre\u00a0\u00bb a-t-elle pr\u00e9cis\u00e9.<\/p>\n<p><a href=\"https:\/\/www.20minutes.fr\/paris\/2649571-20191113-ratp-bienvenue-pass-navigo-liberte-connecte-compte-bancaire-adieu-bientot-ticket-papier\" class=\"color-ultramarine c-link\" target=\"_blank\" rel=\"noopener\">Cette priorit\u00e9 donn\u00e9e au pass Libert\u00e9 +\u00a0<\/a>acte la fin du carnet de ticket num\u00e9rique \u00e0 tarif r\u00e9duit, qui dispara\u00eetra en janvier, mais aussi du ticket magn\u00e9tique en carton qui devrait tirer totalement sa r\u00e9v\u00e9rence \u00e0 la fin de l\u2019ann\u00e9e\u00a02025, dixit Val\u00e9rie P\u00e9cresse.<\/p>\n<p>Autofinancement<\/p>\n<p>Une telle r\u00e9forme a bien s\u00fbr un co\u00fbt\u00a0: 30\u00a0millions d\u2019euros suppl\u00e9mentaires, selon IDFM, si les comportements ne changent pas. Mais ce n\u2019est pas le plan de la r\u00e9gie des transports. Selon la pr\u00e9sidente de la r\u00e9gion, \u00ab\u00a0cette r\u00e9forme est autofinanc\u00e9e. Nous pensons que ces nouveaux tarifs vont se traduire par une hausse de l\u2019utilisation des transports de l\u2019ordre de 1 \u00e0 2\u00a0%, et nous allons intensifier la lutte contre la fraude\u00a0\u00bb, a-t-elle affirm\u00e9.<\/p>\n<p>Selon IDFM, ces nouveaux tarifs doivent inciter les automobilistes &#8211; de la grande couronne en particulier &#8211; \u00e0 utiliser davantage les transports en commun, notamment les \u00ab\u00a0cars express\u00a0\u00bb et les bus longue distance. Mais aussi les automobilistes parisiens qui seraient encourag\u00e9s \u00e0 utiliser les transports par la simplification des correspondances, et pourquoi pas \u00ab\u00a0d\u00e9couvrir le RER\u00a0\u00bb pour aller \u00ab\u00a0au <a href=\"https:\/\/www.20minutes.fr\/dossier\/chateau_de_versailles\" class=\"color-ultramarine c-link\" target=\"_blank\" rel=\"noopener\">Ch\u00e2teau de Versailles<\/a>, \u00e0 Disneyland ou \u00e0 la for\u00eat de Fontainebleau\u00a0\u00bb, prend en exemple Val\u00e9rie P\u00e9cresse.<\/p>\n<p>\u00ab\u00a0Mettre fin aux fractures sociales\u00a0\u00bb<\/p>\n<p>Par cette \u00ab\u00a0r\u00e9volution bill\u00e9tique\u00a0\u00bb, l\u2019objectif affich\u00e9 par la r\u00e9gion est \u00ab\u00a0d\u2019aller\u00a0jusqu\u2019au bout de la logique du passe Navigo unique\u00a0\u00bb amorc\u00e9e par Jean-Paul Huchon, pr\u00e9sident d\u2019\u00cele-de-France \u00e0 l\u2019\u00e9poque, avec le pass Navigo (qui lui ne change pas).<\/p>\n<p>Une d\u00e9marche visant \u00e0 \u00ab\u00a0mettre fin aux fractures sociales\u00a0\u00bb, \u00ab\u00a0un m\u00eame droit au transport pour tous\u00a0\u00bb \u00e0 l\u2019avantage des habitants de la grande couronne qui \u00ab\u00a0payaient leur transport plus cher pour moins d\u2019offres\u00a0\u00bb, a expliqu\u00e9 Val\u00e9rie P\u00e9cresse.<\/p>\n<p>Ce plan a d\u2019ailleurs \u00e9t\u00e9 salu\u00e9 de mani\u00e8re unanime, que ce soit par les associations d\u2019usagers comme par l\u2019opposition r\u00e9gionale de gauche.<\/p>\n<p><script async src=\"https:\/\/platform.twitter.com\/widgets.js\" charset=\"utf-8\"><\/script><\/p>\n","protected":false},"excerpt":{"rendered":"En ce lundi 6 janvier 2025, jour de reprise, nous vous proposons de (re)lire cet article sur les&hellip;\n","protected":false},"author":2,"featured_media":262689,"comment_status":"","ping_status":"","sticky":false,"template":"","format":"standard","meta":{"footnotes":""},"categories":[1592],"tags":[1111,11,7048,1777,674,1011,27,662,6597,4047,12,626,625,1306,25,12396,12443,2216,2328],"class_list":{"0":"post-262688","1":"post","2":"type-post","3":"status-publish","4":"format-standard","5":"has-post-thumbnail","7":"category-ile-de-france","8":"tag-actu","9":"tag-actualites","10":"tag-bus","11":"tag-eu","12":"tag-europe","13":"tag-fr","14":"tag-france","15":"tag-ile-de-france","16":"tag-ile-de-france-mobilites-idfm","17":"tag-metro","18":"tag-news","19":"tag-paris","20":"tag-ratp","21":"tag-regions","22":"tag-republique-francaise","23":"tag-rer","24":"tag-transilien","25":"tag-transports-en-commun","26":"tag-valerie-pecresse"},"share_on_mastodon":{"url":"https:\/\/pubeurope.com\/@fr\/114889729302805761","error":""},"_links":{"self":[{"href":"https:\/\/www.europesays.com\/fr\/wp-json\/wp\/v2\/posts\/262688","targetHints":{"allow":["GET"]}}],"collection":[{"href":"https:\/\/www.europesays.com\/fr\/wp-json\/wp\/v2\/posts"}],"about":[{"href":"https:\/\/www.europesays.com\/fr\/wp-json\/wp\/v2\/types\/post"}],"author":[{"embeddable":true,"href":"https:\/\/www.europesays.com\/fr\/wp-json\/wp\/v2\/users\/2"}],"replies":[{"embeddable":true,"href":"https:\/\/www.europesays.com\/fr\/wp-json\/wp\/v2\/comments?post=262688"}],"version-history":[{"count":0,"href":"https:\/\/www.europesays.com\/fr\/wp-json\/wp\/v2\/posts\/262688\/revisions"}],"wp:featuredmedia":[{"embeddable":true,"href":"https:\/\/www.europesays.com\/fr\/wp-json\/wp\/v2\/media\/262689"}],"wp:attachment":[{"href":"https:\/\/www.europesays.com\/fr\/wp-json\/wp\/v2\/media?parent=262688"}],"wp:term":[{"taxonomy":"category","embeddable":true,"href":"https:\/\/www.europesays.com\/fr\/wp-json\/wp\/v2\/categories?post=262688"},{"taxonomy":"post_tag","embeddable":true,"href":"https:\/\/www.europesays.com\/fr\/wp-json\/wp\/v2\/tags?post=262688"}],"curies":[{"name":"wp","href":"https:\/\/api.w.org\/{rel}","templated":true}]}}