{"id":262690,"date":"2025-07-21T06:08:16","date_gmt":"2025-07-21T06:08:16","guid":{"rendered":"https:\/\/www.europesays.com\/fr\/262690\/"},"modified":"2025-07-21T06:08:16","modified_gmt":"2025-07-21T06:08:16","slug":"defile-de-perturbations-pluvieuses-va-t-il-pleuvoir-tous-les-jours-de-la-semaine-a-paris-et-en-ile-de-france","status":"publish","type":"post","link":"https:\/\/www.europesays.com\/fr\/262690\/","title":{"rendered":"d\u00e9fil\u00e9 de perturbations pluvieuses ! Va-t-il pleuvoir tous les jours de la semaine \u00e0 Paris et en \u00cele-de-France ?"},"content":{"rendered":"<p> <img decoding=\"async\" fetchpriority=\"high\" src=\"https:\/\/www.europesays.com\/fr\/wp-content\/uploads\/2025\/07\/dailymotion-x9n9jh8_1024.jpg\"  width=\"768\" height=\"432\" id=\"x9n9jh8\"\/>  <\/p>\n<p>\u00c0 quoi va ressembler cette nouvelle semaine \u00e0 Paris et en \u00cele-de-France, alors que la France sera concern\u00e9e par un flux d\u2019ouest oc\u00e9anique ? Va-t-il pleuvoir tous les jours de la semaine ? Retrouvez nos pr\u00e9visions m\u00e9t\u00e9o compl\u00e8tes dans cet article.<\/p>\n<p>    <img decoding=\"async\" fetchpriority=\"high\" src=\"https:\/\/www.europesays.com\/fr\/wp-content\/uploads\/2025\/04\/marc-hay.jpg\" alt=\"Marc Hay\" width=\"40\" height=\"40\"\/>    <a class=\"nombre text-hv\" href=\"https:\/\/www.tameteo.com\/auteur\/marc-hay\/\" title=\"Marc Hay\" target=\"_blank\" rel=\"noopener\">Marc Hay<\/a>         21\/07\/2025 07:02   4 min   <\/p>\n<p>Apr\u00e8s un week-end d\u00e9j\u00e0 perturb\u00e9 \u00e0 Paris et en \u00cele-de-France, avec des pr\u00e9cipitations parfois intenses <strong>mais qui auront permis d\u2019am\u00e9liorer un peu la s\u00e9cheresse des sols,<\/strong> la <a href=\"https:\/\/www.tameteo.com\/actualites\/previsions\/tameteo.com\" target=\"_blank\" rel=\"noopener\">France<\/a> est d\u00e9sormais entr\u00e9e dans une configuration de r\u00e9gime perturb\u00e9 oc\u00e9anique. Cons\u00e9quence :<strong> les perturbations vont d\u00e9filer sur le territoire !<\/strong><\/p>\n<p>Et qui dit d\u00e9fil\u00e9 de perturbations, <strong>dit pluie \u00e0 Paris\u2026 <\/strong>Des pluies parfois importantes sont en effet attendues cette semaine. Dans ce flux d\u2019ouest oc\u00e9anique perturb\u00e9, les perturbations vont-elles se succ\u00e9der rapidement sur la r\u00e9gion ? <strong>Faut-il compter sur de la pluie tous les jours de la semaine ou y aura-t-il quelques belles journ\u00e9es ? <\/strong>Et comment vont \u00e9voluer les temp\u00e9ratures avec toutes ces pr\u00e9cipitations ?<\/p>\n<p>Pour les r\u00e9ponses \u00e0 toutes ces questions, <strong>retrouvez nos pr\u00e9visions m\u00e9t\u00e9o compl\u00e8tes dans cet article.<\/strong><\/p>\n<p>Des pr\u00e9cipitations parfois copieuses <\/p>\n<p>\u00c0 <a href=\"https:\/\/www.tameteo.com\/meteo-Europe-France-Ile+de+France-Paris-1-1-135-29-5461.html\" data-mrf-recirculation=\"cuerpo_intext\" target=\"_blank\" rel=\"noopener\">Paris<\/a>, en juillet,<strong> la normale pluviom\u00e9trique mensuelle est d\u2019environ 60 litres d\u2019eau par m\u00e8tre carr\u00e9. <\/strong>Eh bien, entre ce qui est tomb\u00e9 au cours du week-end et ce qui va tomber avec les perturbations attendues cette semaine, il pourrait localement, comme le montre la carte ci-dessous,<strong> tomber l\u2019\u00e9quivalent de plus d\u2019un mois de pluie en l\u2019espace d\u2019une seule semaine.<\/strong><\/p>\n<p><img loading=\"lazy\" decoding=\"async\" fetchpriority=\"low\" class=\"lazy \" src=\"https:\/\/www.europesays.com\/fr\/wp-content\/uploads\/2025\/07\/meteo-defile-de-perturbations-pluvieuses-va-t-il-pleuvoir-tous-les-jours-de-la-semaine-a-paris-et-en.png\"  width=\"768\" height=\"432\" alt=\"Des pr\u00e9cipitations parfois soutenues cette semaine \u00e0 Paris et en \u00cele-de-France.\" title=\"Des pr\u00e9cipitations parfois soutenues cette semaine \u00e0 Paris et en \u00cele-de-France.\" data-image=\"5eg59q7x4fy1\"\/>Des pr\u00e9cipitations parfois soutenues cette semaine \u00e0 Paris et en \u00cele-de-France. <\/p>\n<p>En r\u00e9alit\u00e9, les perturbations vont bien d\u00e9filer sur la r\u00e9gion, <strong>mais il y aura tout de m\u00eame quelques belles accalmies ensoleill\u00e9es.<\/strong><\/p>\n<p>Pour ce lundi, le temps s\u2019annonce tr\u00e8s instable, <strong>avec des averses parfois fortes, pouvant localement prendre un caract\u00e8re orageux.<\/strong> Les temp\u00e9ratures s\u2019annoncent fra\u00eeches pour la saison, avec une moyenne de 21 \u00e0 22 degr\u00e9s sur la r\u00e9gion parisienne. \u00c0 Paris, <strong>il est pr\u00e9vu 22 degr\u00e9s cet apr\u00e8s-midi<\/strong> au meilleur moment de la journ\u00e9e.<\/p>\n<p><a class=\"imagen \" href=\"https:\/\/www.tameteo.com\/actualites\/previsions\/la-chaleur-va-t-elle-rapidement-s-inviter-en-france-apres-un-debut-de-semaine-prochaine-parfois-frais-previsions-meteo.html\" title=\"La chaleur va-t-elle rapidement s&#039;inviter en France apr\u00e8s un d\u00e9but de semaine prochaine parfois frais ? \" target=\"_blank\" rel=\"noopener\"><img loading=\"lazy\" decoding=\"async\" fetchpriority=\"low\" class=\"lazy img-body non-editable\" src=\"https:\/\/www.europesays.com\/fr\/wp-content\/uploads\/2025\/07\/la-chaleur-va-t-elle-rapidement-s-inviter-en-france-apres-un-debut-de-semaine-prochaine-parfois-frai.png\"  width=\"320\" height=\"225\" alt=\"La chaleur va-t-elle rapidement s'inviter en France apr\u00e8s un d\u00e9but de semaine prochaine parfois frais ? \"\/><\/a>Nouvelle perturbation mercredi <\/p>\n<p>La journ\u00e9e de demain sera temporairement plus calme, <strong>avec le retour de quelques \u00e9claircies sur la r\u00e9gion. <\/strong>Malgr\u00e9 cette am\u00e9lioration, les temp\u00e9ratures resteront un peu justes pour la saison.<\/p>\n<p><img loading=\"lazy\" decoding=\"async\" fetchpriority=\"low\" class=\"lazy \" src=\"https:\/\/www.europesays.com\/fr\/wp-content\/uploads\/2025\/07\/1753078095_16_meteo-defile-de-perturbations-pluvieuses-va-t-il-pleuvoir-tous-les-jours-de-la-semaine-a-paris-et-en.png\"  width=\"768\" height=\"432\" alt=\"Des pluies orageuses parfois soutenues ce mercredi en \u00cele-de-France.\" title=\"Des pluies orageuses parfois soutenues ce mercredi en \u00cele-de-France.\" data-image=\"1uhmr5t5v56d\"\/>Des pluies orageuses parfois soutenues ce mercredi en \u00cele-de-France. <\/p>\n<p>Mercredi, <strong>une nouvelle d\u00e9gradation traversera la r\u00e9gion, accompagn\u00e9e de pluies \u00e0 nouveau orageuses. <\/strong>Les temp\u00e9ratures n\u2019\u00e9volueront pas par rapport \u00e0 la veille, <strong>avec un ressenti toujours automnal <\/strong>sous l\u2019effet des pluies et d\u2019un vent sensible de secteur nord-ouest.<\/p>\n<p><a class=\"imagen \" href=\"https:\/\/www.tameteo.com\/actualites\/previsions\/l-ete-en-mode-pause-en-france-soleil-et-vague-de-chaleur-exclus-jusqu-a-quand-decouvrez-nos-previsions-meteo-temperatures-fraicheur-juillet-pluie-humidite-averses-orages.html\" title=\"L&#039;\u00e9t\u00e9 en mode pause en France : soleil et vague de chaleur exclus\u2026 jusqu&#039;\u00e0 quand ? D\u00e9couvrez nos pr\u00e9visions m\u00e9t\u00e9o\" target=\"_blank\" rel=\"noopener\"><img loading=\"lazy\" decoding=\"async\" fetchpriority=\"low\" class=\"lazy img-body non-editable\" src=\"https:\/\/www.europesays.com\/fr\/wp-content\/uploads\/2025\/07\/l-ete-en-mode-pause-en-france-soleil-et-vague-de-chaleur-exclus-jusqu-a-quand-decouvrez-nos-previsio.png\"  width=\"320\" height=\"225\" alt=\"L'\u00e9t\u00e9 en mode pause en France : soleil et vague de chaleur exclus\u2026 jusqu'\u00e0 quand ? D\u00e9couvrez nos pr\u00e9visions m\u00e9t\u00e9o\"\/><\/a><\/p>\n<p>Jeudi, le temps devrait \u00eatre plus calme, <strong>avec le retour progressif de quelques \u00e9claircies.<\/strong> Toutefois, le risque d\u2019ond\u00e9es ne sera pas exclu, notamment sur l\u2019est du bassin parisien.<\/p>\n<p>Un beau vendredi <\/p>\n<p>Vendredi pourrait \u00eatre une journ\u00e9e plut\u00f4t agr\u00e9able,<strong> avec un ressenti \u00e0 nouveau plus estival (25 degr\u00e9s en <a href=\"https:\/\/www.tameteo.com\/meteo-Europe-France-Ile+de+France-1-1-135-29.html\" data-mrf-recirculation=\"cuerpo_intext\" target=\"_blank\" rel=\"noopener\">\u00cele-de-France<\/a>).<\/strong> Les passages nuageux alterneront avec de belles \u00e9claircies, et le risque d\u2019ond\u00e9es restera tr\u00e8s localis\u00e9.<\/p>\n<p>\u00c0 nouveau plus chaud pour le week-end ?<\/p>\n<p><strong>L\u2019\u00e9t\u00e9 pourrait finir par revenir le week-end prochain sur la r\u00e9gion, <\/strong>avec toutefois le passage d\u2019une derni\u00e8re perturbation de faible activit\u00e9 samedi, qui apporterait beaucoup de nuages et quelques pr\u00e9cipitations.<\/p>\n<p><a class=\"imagen \" href=\"https:\/\/www.tameteo.com\/actualites\/science\/des-vers-mangent-du-plastique-en-24-h-la-solution-naturelle-surprenante-des-scientifiques-contre-le-polyethylene-environnement.html\" title=\"La solution des scientifiques contre la pollution plastique\u2026 et si c\u2019\u00e9tait des vers d\u00e9voreurs de poly\u00e9thyl\u00e8ne ?\" target=\"_blank\" rel=\"noopener\"><img loading=\"lazy\" decoding=\"async\" fetchpriority=\"low\" class=\"lazy img-body non-editable\" src=\"https:\/\/www.europesays.com\/fr\/wp-content\/uploads\/2025\/07\/gusanos-comen-plastico-en-24-horas-la-sorprendente-solucion-natural-de-los-cientificos-para-luchar-c.jpeg\"  width=\"320\" height=\"225\" alt=\"La solution des scientifiques contre la pollution plastique\u2026 et si c\u2019\u00e9tait des vers d\u00e9voreurs de poly\u00e9thyl\u00e8ne ?\"\/><\/a><\/p>\n<p>\u00c0 ce stade de la pr\u00e9vision, les mod\u00e8les entrevoient le retour de l\u2019anticyclone sur la r\u00e9gion dimanche, <strong>avec un franc soleil et une hausse des temp\u00e9ratures. <\/strong>Cette tendance, encore lointaine, <strong>m\u00e9rite toutefois d\u2019\u00eatre confirm\u00e9e<\/strong> dans nos prochains bulletins.<\/p>\n","protected":false},"excerpt":{"rendered":"\u00c0 quoi va ressembler cette nouvelle semaine \u00e0 Paris et en \u00cele-de-France, alors que la France sera concern\u00e9e&hellip;\n","protected":false},"author":2,"featured_media":262691,"comment_status":"","ping_status":"","sticky":false,"template":"","format":"standard","meta":{"footnotes":""},"categories":[1592],"tags":[1111,11,13632,1777,674,1011,27,662,2487,40241,12,626,7854,4459,25],"class_list":{"0":"post-262690","1":"post","2":"type-post","3":"status-publish","4":"format-standard","5":"has-post-thumbnail","7":"category-ile-de-france","8":"tag-actu","9":"tag-actualites","10":"tag-automne","11":"tag-eu","12":"tag-europe","13":"tag-fr","14":"tag-france","15":"tag-ile-de-france","16":"tag-meteo","17":"tag-meteo-automnale","18":"tag-news","19":"tag-paris","20":"tag-perturbations","21":"tag-pluie","22":"tag-republique-francaise"},"share_on_mastodon":{"url":"https:\/\/pubeurope.com\/@fr\/114889734720028685","error":""},"_links":{"self":[{"href":"https:\/\/www.europesays.com\/fr\/wp-json\/wp\/v2\/posts\/262690","targetHints":{"allow":["GET"]}}],"collection":[{"href":"https:\/\/www.europesays.com\/fr\/wp-json\/wp\/v2\/posts"}],"about":[{"href":"https:\/\/www.europesays.com\/fr\/wp-json\/wp\/v2\/types\/post"}],"author":[{"embeddable":true,"href":"https:\/\/www.europesays.com\/fr\/wp-json\/wp\/v2\/users\/2"}],"replies":[{"embeddable":true,"href":"https:\/\/www.europesays.com\/fr\/wp-json\/wp\/v2\/comments?post=262690"}],"version-history":[{"count":0,"href":"https:\/\/www.europesays.com\/fr\/wp-json\/wp\/v2\/posts\/262690\/revisions"}],"wp:featuredmedia":[{"embeddable":true,"href":"https:\/\/www.europesays.com\/fr\/wp-json\/wp\/v2\/media\/262691"}],"wp:attachment":[{"href":"https:\/\/www.europesays.com\/fr\/wp-json\/wp\/v2\/media?parent=262690"}],"wp:term":[{"taxonomy":"category","embeddable":true,"href":"https:\/\/www.europesays.com\/fr\/wp-json\/wp\/v2\/categories?post=262690"},{"taxonomy":"post_tag","embeddable":true,"href":"https:\/\/www.europesays.com\/fr\/wp-json\/wp\/v2\/tags?post=262690"}],"curies":[{"name":"wp","href":"https:\/\/api.w.org\/{rel}","templated":true}]}}