{"id":262696,"date":"2025-07-21T06:11:11","date_gmt":"2025-07-21T06:11:11","guid":{"rendered":"https:\/\/www.europesays.com\/fr\/262696\/"},"modified":"2025-07-21T06:11:11","modified_gmt":"2025-07-21T06:11:11","slug":"unode50-ouvre-deux-corners-au-sein-des-magasins-printemps","status":"publish","type":"post","link":"https:\/\/www.europesays.com\/fr\/262696\/","title":{"rendered":"Unode50 ouvre deux corners au sein des magasins Printemps"},"content":{"rendered":"<p>\n                                        <b>Traduit par<\/b><br \/>\n                                        <br \/>Cl\u00e9mentine Martin\n                                    <\/p>\n<p>\n                                    <b>Publi\u00e9 le<\/b><br \/>\n                                    <\/p>\n<p>                                        21 juillet 2025<\/p>\n<p class=\"article-content col-md-8 offset-md-1\">\n                                La marque de bijouterie madril\u00e8ne renforce sa pr\u00e9sence \u00e0 l&rsquo;\u00e9tranger. Apr\u00e8s avoir ouvert sa premi\u00e8re boutique dans un centre commercial en mars dernier, Unode50 vient d\u2019ouvrir deux corners au sein des grands magasins <a class=\"fnwAddLinks\" href=\"https:\/\/fr.fashionnetwork.com\/tags-printemps\" title=\"Printemps\" target=\"_blank\" rel=\"noopener\">Printemps<\/a> \u00e0 Paris, plus pr\u00e9cis\u00e9ment \u00e0 Nation et Parly 2.<\/p>\n<p><img decoding=\"async\" class=\"news-image\" style=\"width:100%;max-width:726px;\" src=\"https:\/\/www.europesays.com\/fr\/wp-content\/uploads\/2025\/07\/caab.jpg\" alt=\"La griffe madril\u00e8ne se renforce \u00e0 Paris avec l'ouverture de deux espaces au sein des grands magasins Printemps\" loading=\"lazy\"\/>La griffe madril\u00e8ne se renforce \u00e0 Paris avec l&rsquo;ouverture de deux espaces au sein des grands magasins Printemps &#8211; Instagram: @unode50<\/p>\n<p class=\"col-md-8 offset-md-1 article-content--texte\">\u00ab\u00a0L&rsquo;ouverture de corners au Printemps, \u00e0 Nation et Parly 2, repr\u00e9sente un jalon dans notre expansion internationale. La France est un march\u00e9 prioritaire pour Unode50, non seulement en raison de son importance strat\u00e9gique, mais aussi parce que nous avons d\u00e9j\u00e0 valid\u00e9 sa forte affinit\u00e9 avec notre marque\u00a0\u00bb, explique Carlos Prieto, directeur du commerce de d\u00e9tail de la soci\u00e9t\u00e9, qui est pr\u00e9sente depuis plusieurs ann\u00e9es dans la capitale fran\u00e7aise avec une boutique situ\u00e9e rue des Francs-Bourgeois.<\/p>\n<p>\u00ab\u00a0Cette pr\u00e9sence au Printemps va nous permettre de gagner en visibilit\u00e9, de nous projeter et de consolider notre positionnement international\u00a0\u00bb, conclut-il.<\/p>\n<p class=\"col-md-8 offset-md-1 article-content--texte\">Avec ces deux ouvertures, la marque madril\u00e8ne fond\u00e9e \u00e0 la fin des ann\u00e9es 1990 continue de renforcer sa pr\u00e9sence retail. Elle compte actuellement 54 magasins en Europe, sans compter les deux nouveaux corners au Printemps. Dans le monde entier, elle dispose de 84 magasins et est pr\u00e9sente via son canal digital sur plus de 70 march\u00e9s internationaux, dont le Mexique, le Guatemala, le Panama et les Philippines.\n                            <\/p>\n<p>\n                                Cet article est une traduction automatique.<br \/>\n                                    <a href=\"https:\/\/es.fashionnetwork.com\/news\/Unode50-impulsa-su-crecimiento-en-paris-con-dos-espacios-en-printemps,1749691.html\" target=\"_blank\" rel=\"noopener\">Cliquez ici<\/a> pour consulter l&rsquo;article d&rsquo;origine.\n                            <\/p>\n<p>\n                                Tous droits de reproduction et de repr\u00e9sentation r\u00e9serv\u00e9s.<br \/>\u00a9 2025 FashionNetwork.com\n                            <\/p>\n","protected":false},"excerpt":{"rendered":"Traduit par Cl\u00e9mentine Martin Publi\u00e9 le 21 juillet 2025 La marque de bijouterie madril\u00e8ne renforce sa pr\u00e9sence \u00e0&hellip;\n","protected":false},"author":2,"featured_media":262697,"comment_status":"","ping_status":"","sticky":false,"template":"","format":"standard","meta":{"footnotes":""},"categories":[1888],"tags":[11,2424,537,2423,1777,674,1011,27,2425,985,12,2298,626,4767,2426,2427,25,2421,2422],"class_list":{"0":"post-262696","1":"post","2":"type-post","3":"status-publish","4":"format-standard","5":"has-post-thumbnail","7":"category-paris","8":"tag-actualites","9":"tag-beaute","10":"tag-contact","11":"tag-cosmetiques","12":"tag-eu","13":"tag-europe","14":"tag-fr","15":"tag-france","16":"tag-luxe","17":"tag-mode","18":"tag-news","19":"tag-parfum","20":"tag-paris","21":"tag-printemps","22":"tag-professionnel","23":"tag-professionnels","24":"tag-republique-francaise","25":"tag-reseau","26":"tag-textile"},"share_on_mastodon":{"url":"https:\/\/pubeurope.com\/@fr\/114889745032675111","error":""},"_links":{"self":[{"href":"https:\/\/www.europesays.com\/fr\/wp-json\/wp\/v2\/posts\/262696","targetHints":{"allow":["GET"]}}],"collection":[{"href":"https:\/\/www.europesays.com\/fr\/wp-json\/wp\/v2\/posts"}],"about":[{"href":"https:\/\/www.europesays.com\/fr\/wp-json\/wp\/v2\/types\/post"}],"author":[{"embeddable":true,"href":"https:\/\/www.europesays.com\/fr\/wp-json\/wp\/v2\/users\/2"}],"replies":[{"embeddable":true,"href":"https:\/\/www.europesays.com\/fr\/wp-json\/wp\/v2\/comments?post=262696"}],"version-history":[{"count":0,"href":"https:\/\/www.europesays.com\/fr\/wp-json\/wp\/v2\/posts\/262696\/revisions"}],"wp:featuredmedia":[{"embeddable":true,"href":"https:\/\/www.europesays.com\/fr\/wp-json\/wp\/v2\/media\/262697"}],"wp:attachment":[{"href":"https:\/\/www.europesays.com\/fr\/wp-json\/wp\/v2\/media?parent=262696"}],"wp:term":[{"taxonomy":"category","embeddable":true,"href":"https:\/\/www.europesays.com\/fr\/wp-json\/wp\/v2\/categories?post=262696"},{"taxonomy":"post_tag","embeddable":true,"href":"https:\/\/www.europesays.com\/fr\/wp-json\/wp\/v2\/tags?post=262696"}],"curies":[{"name":"wp","href":"https:\/\/api.w.org\/{rel}","templated":true}]}}