{"id":262707,"date":"2025-07-21T06:17:17","date_gmt":"2025-07-21T06:17:17","guid":{"rendered":"https:\/\/www.europesays.com\/fr\/262707\/"},"modified":"2025-07-21T06:17:17","modified_gmt":"2025-07-21T06:17:17","slug":"petanque-enorme-desillusion-la-france-privee-de-la-couronne-par-lallemagne","status":"publish","type":"post","link":"https:\/\/www.europesays.com\/fr\/262707\/","title":{"rendered":"P\u00e9tanque : \u00e9norme d\u00e9sillusion, la France priv\u00e9e de la couronne par l\u2019Allemagne"},"content":{"rendered":"<p><strong>Enorme surprise en finale du championnat d\u2019Europe de p\u00e9tanque triplette, avec la d\u00e9faite inattendue de l\u2019Equipe de France face \u00e0 l\u2019Allemagne. <\/strong><\/p>\n<p>Pas de doubl\u00e9 pour l\u2019Equipe de France. A Santa Susanna (Espagne), <strong><a href=\"https:\/\/www.sportmag.fr\/petanque-pour-les-bleus-un-titre-sinon-rien\/\" rel=\"nofollow noopener\" target=\"_blank\">les Bleus ne remplissent pas la mission \u00ab Champions d\u2019Europe\u00a0\u00bb,<\/a><\/strong> r\u00e9ussie deux ans plus t\u00f4t \u00e0 Albertville. En finale, les Tricolores tombent de tr\u00e8s, tr\u00e8s haut, battus par l\u2019Allemagne (7-13). Une \u00e9quipe que <strong><a href=\"https:\/\/www.sportmag.fr\/petanque-cinq-sur-cinq-les-bleus-toujours-invaincus-a-l-euro\/\" rel=\"nofollow noopener\" target=\"_blank\">les Bleus avaient pourtant facilement battue en poule (13-2)\u2026<\/a><\/strong><\/p>\n<p align=\"JUSTIFY\"><a href=\"https:\/\/www.sportmag.fr\/abonnement\/\" rel=\"nofollow noopener\" target=\"_blank\"><img loading=\"lazy\" decoding=\"async\" class=\"size-medium wp-image-162612 alignleft entered lazyloaded\" src=\"https:\/\/www.europesays.com\/fr\/wp-content\/uploads\/2025\/07\/PUB-MAG-JUILLET-AOUT-212x300.jpg\"   alt=\"\" width=\"212\" height=\"300\" data-lazy- data-lazy- data-lazy-src=\"https:\/\/www.europesays.com\/fr\/wp-content\/uploads\/2025\/07\/PUB-MAG-JUILLET-AOUT-212x300.jpg\" data-ll-status=\"loaded\" data-pin-no-hover=\"true\"\/><\/a><\/p>\n<p><strong>Vraie d\u00e9ception et immense surprise<\/strong><\/p>\n<p>Au moment d\u2019arriver en finale, les Bleus pensaient avoir fait le plus dur. Ludovic Montoro, Micka\u00ebl Bonetto, Ligan Doerr et Yohan Cousin <strong><a href=\"https:\/\/www.sportmag.fr\/petanque-la-france-fait-fanny-la-turquie-direction-les-quarts\/\" rel=\"nofollow noopener\" target=\"_blank\">avaient survol\u00e9 les d\u00e9bats en poules et en 8e de finale<\/a><\/strong> (fanny 13- 0 sur la Turquie). En \u00e9cartant <strong><a href=\"https:\/\/www.sportmag.fr\/petanque-les-bleus-en-demie-en-renversant-larmenie-dhatchadourian\/\" rel=\"nofollow noopener\" target=\"_blank\">l\u2019Arm\u00e9nie d\u2019Hatchadourian (13-5)<\/a><\/strong> et <strong><a href=\"https:\/\/www.sportmag.fr\/petanque-remontada-contre-lespagne-la-france-en-finale\/\" rel=\"nofollow noopener\" target=\"_blank\">les Espagnols devant leur public (13-6),<\/a><\/strong> les Fran\u00e7ais s\u2019\u00e9taient d\u00e9gag\u00e9s un boulevard, combin\u00e9 \u00e0 l\u2019\u00e9limination de l\u2019Italie de Rizzi mais aussi de Monaco, la Belgique\u2026<\/p>\n<p>Finalement, c\u2019est l\u2019Allemagne qui emporte la mise, renversant l\u2019Equipe de France dans une finale surprise. Un nouvel \u00e9chec sur la sc\u00e8ne internationale, <strong><a href=\"https:\/\/www.sportmag.fr\/philippe-suchaud-on-voulait-tous-ce-maillot\/\" rel=\"nofollow noopener\" target=\"_blank\">apr\u00e8s la d\u00e9faite en demi-finale des derniers Mondiaux.<\/a><\/strong> Mais celui-l\u00e0 est plus surprenant, avec un adversaire dont les Bleus pensaient avoir pris la mesure.<\/p>\n<p><strong>Un bon d\u00e9part, et la r\u00e9plique allemande<\/strong><\/p>\n<p>Pourtant, c\u2019est la France qui prend les commandes de cette finale, devant apr\u00e8s deux m\u00e8nes (2-0). Plus saignante, l\u2019Allemagne repasse devant (2-3, 2-5) puis s\u2019envole\u00a0: cinq points dans la musette et la gagne est \u00e0 port\u00e9e\u00a0! (4-10).<\/p>\n<p>Le changement c\u00f4t\u00e9 fran\u00e7ais (entr\u00e9e de Yohan Cousin \u00e0 la place de Ludovic Montoro) n\u2019y change rien. Apr\u00e8s un ultime sursaut d\u2019orgueil (7-10), la France finit par craquer (7-13). Un titre historique pour l\u2019Allemagne, le premier majeur sur la sc\u00e8ne internationale\u00a0!<\/p>\n<p><strong>Micka\u00ebl Bonetto, roi du tir de pr\u00e9cision\u00a0<\/strong><\/p>\n<p>La France ne repart pas les mains vides de Santa Susanna. Samedi soir, Micka\u00ebl Bonetto vivait l\u2019un des plus beaux moments de sa carri\u00e8re,<strong><a href=\"https:\/\/www.sportmag.fr\/petanque-mickael-bonetto-sur-le-toit-de-leurope\/\" rel=\"nofollow noopener\" target=\"_blank\"> en d\u00e9crochant le titre de champion d\u2019Europe du tir de pr\u00e9cision\u00a0!<\/a> <\/strong>Apr\u00e8s quarts et demie le matin, le tireur fran\u00e7ais avait d\u00e9j\u00e0 battu Michel Hatchadourian (Arm\u00e9nie) en finale (39-24). Une victoire bien m\u00e9rit\u00e9e pour le natif d\u2019Istres.<\/p>\n<p>En demi-finale, Micka\u00ebl Bonetto <strong><a href=\"https:\/\/www.sportmag.fr\/petanque-duel-dantesque-bonetto-bat-rizzi-en-demie-du-tir-de-precision\/\" rel=\"nofollow noopener\" target=\"_blank\">avait remport\u00e9 un immense duel face \u00e0 l\u2019Italien Diego Rizzi\u2026<\/a><\/strong> Un mano a mano d\u2019exception : \u00e9galit\u00e9 \u00e0 l\u2019issue des cinq ateliers (48-48), puis au d\u00e9partage (16-16), et victoire au deuxi\u00e8me tir de la mort subite ! Un de ces duels iconiques que seule la p\u00e9tanque internationale peut offrir, et une consolation pour le camp bleu-blanc-rouge\u2026<\/p>\n","protected":false},"excerpt":{"rendered":"Enorme surprise en finale du championnat d\u2019Europe de p\u00e9tanque triplette, avec la d\u00e9faite inattendue de l\u2019Equipe de France&hellip;\n","protected":false},"author":2,"featured_media":262708,"comment_status":"","ping_status":"","sticky":false,"template":"","format":"standard","meta":{"footnotes":""},"categories":[1587],"tags":[11,672,1804,1805,1803,1777,674,1801,12,1802],"class_list":{"0":"post-262707","1":"post","2":"type-post","3":"status-publish","4":"format-standard","5":"has-post-thumbnail","7":"category-allemagne","8":"tag-actualites","9":"tag-allemagne","10":"tag-bundesrepublik-deutschland","11":"tag-de","12":"tag-deutschland","13":"tag-eu","14":"tag-europe","15":"tag-germany","16":"tag-news","17":"tag-republique-federale-dallemagne"},"share_on_mastodon":{"url":"https:\/\/pubeurope.com\/@fr\/114889768551666114","error":""},"_links":{"self":[{"href":"https:\/\/www.europesays.com\/fr\/wp-json\/wp\/v2\/posts\/262707","targetHints":{"allow":["GET"]}}],"collection":[{"href":"https:\/\/www.europesays.com\/fr\/wp-json\/wp\/v2\/posts"}],"about":[{"href":"https:\/\/www.europesays.com\/fr\/wp-json\/wp\/v2\/types\/post"}],"author":[{"embeddable":true,"href":"https:\/\/www.europesays.com\/fr\/wp-json\/wp\/v2\/users\/2"}],"replies":[{"embeddable":true,"href":"https:\/\/www.europesays.com\/fr\/wp-json\/wp\/v2\/comments?post=262707"}],"version-history":[{"count":0,"href":"https:\/\/www.europesays.com\/fr\/wp-json\/wp\/v2\/posts\/262707\/revisions"}],"wp:featuredmedia":[{"embeddable":true,"href":"https:\/\/www.europesays.com\/fr\/wp-json\/wp\/v2\/media\/262708"}],"wp:attachment":[{"href":"https:\/\/www.europesays.com\/fr\/wp-json\/wp\/v2\/media?parent=262707"}],"wp:term":[{"taxonomy":"category","embeddable":true,"href":"https:\/\/www.europesays.com\/fr\/wp-json\/wp\/v2\/categories?post=262707"},{"taxonomy":"post_tag","embeddable":true,"href":"https:\/\/www.europesays.com\/fr\/wp-json\/wp\/v2\/tags?post=262707"}],"curies":[{"name":"wp","href":"https:\/\/api.w.org\/{rel}","templated":true}]}}