{"id":262717,"date":"2025-07-21T06:22:09","date_gmt":"2025-07-21T06:22:09","guid":{"rendered":"https:\/\/www.europesays.com\/fr\/262717\/"},"modified":"2025-07-21T06:22:09","modified_gmt":"2025-07-21T06:22:09","slug":"le-geant-pogacar-le-plaqueur-boury-evenepoel-perdu-de-vue-et-zero-pointe-pour-les-bleus-coups-de-coeur-et-coups-de-griffe-de-nos-envoyes-speciaux","status":"publish","type":"post","link":"https:\/\/www.europesays.com\/fr\/262717\/","title":{"rendered":"le g\u00e9ant Pogacar, le plaqueur Boury, Evenepoel perdu de vue et z\u00e9ro point\u00e9 pour les Bleus, coups de c\u0153ur et coups de griffe de nos envoy\u00e9s sp\u00e9ciaux"},"content":{"rendered":"<p><strong>ANALYSE &#8211; <\/strong>Apr\u00e8s quinze \u00e9tapes, le Tour de France marque une pause avec une journ\u00e9e de repos. Bilan apr\u00e8s deux semaines d\u2019une \u00e9dition 2025 men\u00e9e \u00e0 un rythme fou.<\/p>\n<p class=\"fig-paragraph\">Coups de c\u0153ur<\/p>\n<p>Tadej Pogacar l\u2019extraterrestre<\/p>\n<p class=\"fig-paragraph\">Quatre victoires d\u2019\u00e9tapes apr\u00e8s deux semaines de course, une supr\u00e9matie \u00e9crasante et une quatri\u00e8me couronne qui lui tend les bras \u00e0 Paris \u00e0 moins d\u2019un cataclysme. Tadej Pogacar marche sur le Tour de France,\u00a0<a href=\"http:\/\/www.lefigaro.fr\/sports\/cyclisme\/tour-de-france\/tour-de-france-pogacar-il-peut-finir-par-lasser-s-inquiete-pierre-rolland-20250720\" data-fig-type=\"NewsFlash\" data-gtm-custom-categorie=\"navigation\" data-gtm-custom-action=\"crossclick\" data-gtm-custom-label=\"Contextuel\" data-gtm-event=\"customEventSPE\" data-fig-domain=\"LEFIGARO\" target=\"_blank\" rel=\"noopener\">d\u00e9vore la concurrence<\/a>\u00a0et n\u2019\u00e9chappe pas non plus au poids des soup\u00e7ons. Il lui reste une semaine pour aller chercher le record de victoires d\u2019\u00e9tapes (huit en une \u00e9dition) entre les mains de Charles P\u00e9lissier, Freddy Maertens et Eddy Merckx. Une qu\u00eate impossible\u00a0?<\/p>\n<p class=\"fig-body-link\">\n            \u00c0 lire aussi<br \/>\n        <a class=\"fig-body-link__link\" href=\"http:\/\/www.lefigaro.fr\/sports\/cyclisme\/tour-de-france\/a-une-semaine-de-paris-faut-il-continuer-a-regarder-le-tour-de-france-vide-de-suspense-20250719\" data-fig-type=\"NewsFlash\" data-gtm-custom-categorie=\"navigation\" data-gtm-custom-action=\"crossclick\" data-gtm-custom-label=\"Contextuel\" data-gtm-event=\"customEventSPE\" data-fig-domain=\"LEFIGARO\" target=\"_blank\" rel=\"noopener\">\u00c0 une semaine de Paris, faut-il continuer \u00e0 regarder le Tour de France vid\u00e9 de suspense\u00a0?<br \/>\n    <\/a>\n<\/p>\n<p>                                    <a class=\"fig-a11y-skip a11y-hidden\" href=\"#fig-a11y-skip-main-inarticle\"><br \/>\n        Passer la publicit\u00e9<br \/>\n    <\/a><\/p>\n<p>Thymen Arensman, l\u2019homme qui a su r\u00e9sister \u00e0 \u00abPogi\u00bb<\/p>\n<p class=\"fig-paragraph\">Samedi, il a contrari\u00e9 les plans de Tadej Pogacar en privant le Slov\u00e8ne d\u2019un \u00e9patant tripl\u00e9 dans les \u00e9tapes de montagne de Pyr\u00e9n\u00e9es. C\u2019est d\u00e9j\u00e0 un exploit en soi. Dans le brouillard de Superbagn\u00e8res, Thymen Arensman (Ineos Grenadiers)\u00a0<a href=\"http:\/\/www.lefigaro.fr\/sports\/cyclisme\/tour-de-france\/tour-de-france-le-numero-de-thymen-arensman-le-cauchemar-de-remco-evenepoel-le-jour-sans-de-tadej-pogacar-les-tops-et-les-flops-de-la-14e-etape-20250719\" data-fig-type=\"NewsFlash\" data-gtm-custom-categorie=\"navigation\" data-gtm-custom-action=\"crossclick\" data-gtm-custom-label=\"Contextuel\" data-gtm-event=\"customEventSPE\" data-fig-domain=\"LEFIGARO\" target=\"_blank\" rel=\"noopener\">a sign\u00e9 un impressionnant num\u00e9ro en solitaire<\/a>\u00a0pour remporter la 14e \u00e9tape en r\u00e9sistant au retour du maillot jaune dans la derni\u00e8re ascension (12,4 km \u00e0 7%). Un exploit majuscule.<\/p>\n<p>Vauquelin, Martinez et Jegat chez les Bleus<\/p>\n<p class=\"fig-paragraph\"><a href=\"http:\/\/www.lefigaro.fr\/sports\/cyclisme\/tour-de-france\/tour-de-france-grand-lecteur-crise-de-larmes-et-tir-au-pistolet-dix-choses-que-vous-ne-connaissez-sans-doute-pas-sur-kevin-vauquelin-20250713\" data-fig-type=\"Article\" data-gtm-custom-categorie=\"navigation\" data-gtm-custom-action=\"crossclick\" data-gtm-custom-label=\"Contextuel\" data-gtm-event=\"customEventSPE\" data-fig-domain=\"LEFIGARO\" target=\"_blank\" rel=\"noopener\">K\u00e9vin Vauquelin<\/a>\u00a0continue de s\u2019accrocher \u00e0 son r\u00eave de podium \u00e0 Paris. Le Normand occupe une 5e place inesp\u00e9r\u00e9e au classement g\u00e9n\u00e9ral apr\u00e8s les Pyr\u00e9n\u00e9es et un test XXL r\u00e9ussi en haute montagne. M\u00eame s\u2019il fonctionne sur courant alternatif, Lenny Martinez a, lui,\u00a0<a href=\"http:\/\/www.lefigaro.fr\/sports\/cyclisme\/tour-de-france\/tour-de-france-pogacar-distance-martinez-premier-francais-qui-sont-les-coureurs-les-plus-populaires-20250703\" data-fig-type=\"NewsFlash\" data-gtm-custom-categorie=\"navigation\" data-gtm-custom-action=\"crossclick\" data-gtm-custom-label=\"Contextuel\" data-gtm-event=\"customEventSPE\" data-fig-domain=\"LEFIGARO\" target=\"_blank\" rel=\"noopener\">fait du maillot \u00e0 pois un objectif pour son deuxi\u00e8me Tour de France<\/a>. Il dispose d\u2019un (tr\u00e8s mince) matelas de huit points d\u2019avance sur Pogacar avant les Alpes. Le plus dur reste \u00e0 faire. Enfin, le discret Jordan Jegat frappe \u00e0 la porte du Top 10 (11e) au classement g\u00e9n\u00e9ral. Le Vannetais monte en puissance, \u00e0 l\u2019image d\u2019une tr\u00e8s belle \u00e9tape \u00e0 Carcassonne achev\u00e9e \u00e0 la 8e place en reprenant 4\u201931\u2019\u2019 sur le maillot jaune. La plus grande surprise de la premi\u00e8re quinzaine c\u00f4t\u00e9 fran\u00e7ais.<\/p>\n<p class=\"fig-body-link\">\n            \u00c0 lire aussi<br \/>\n        <a class=\"fig-body-link__link fig-premium-mark\" href=\"http:\/\/www.lefigaro.fr\/sports\/cyclisme\/tour-de-france\/course-au-podium-vauquelin-montmartre-les-mysteres-de-la-troisieme-semaine-du-tour-de-france-20250720\" data-fig-type=\"Article\" data-gtm-custom-categorie=\"navigation\" data-gtm-custom-action=\"crossclick\" data-gtm-custom-label=\"Contextuel\" data-gtm-event=\"customEventSPE\" data-fig-domain=\"LEFIGARO\" target=\"_blank\" rel=\"noopener\">Course au podium, Vauquelin, Montmartre\u2026 Les myst\u00e8res de la troisi\u00e8me semaine du Tour de France<br \/>\n    <\/a>\n<\/p>\n<p>St\u00e9phane Boury, le plaqueur du Tour de France<\/p>\n<p class=\"fig-paragraph\">Il a bondi depuis la ligne d\u2019arriv\u00e9e pour stopper un militant pro-palestinien au moment o\u00f9 le sprint s\u2019emballait pour la victoire \u00e0 Toulouse jeudi. St\u00e9phane Boury, le responsable des sites d\u2019arriv\u00e9e du Tour de France, a fait preuve d\u2019un immense sang-froid\u00a0<a href=\"http:\/\/www.lefigaro.fr\/sports\/cyclisme\/tour-de-france\/tour-de-france-en-video-l-arrivee-de-la-11e-etape-perturbee-par-un-spectateur-sur-la-route-20250716\" data-fig-type=\"NewsFlash\" data-gtm-custom-categorie=\"navigation\" data-gtm-custom-action=\"crossclick\" data-gtm-custom-label=\"Contextuel\" data-gtm-event=\"customEventSPE\" data-fig-domain=\"LEFIGARO\" target=\"_blank\" rel=\"noopener\">avant de plaquer contre les barri\u00e8res l\u2019individu inconscient qui avait fait irruption sur la route.<\/a>\u00a0Une op\u00e9ration sauvetage r\u00e9ussie pour le meilleur plaqueur de la caravane. En 2020 \u00e0 La Roche-sur-Foron, il avait d\u00e9j\u00e0 arr\u00eat\u00e9 un \u00e9l\u00e9ment perturbateur qui avait voulu g\u00e2cher la f\u00eate en op\u00e9rant de la m\u00eame mani\u00e8re.<\/p>\n<p class=\"fig-body-link\">\n            \u00c0 lire aussi<br \/>\n        <a class=\"fig-body-link__link fig-premium-mark\" href=\"http:\/\/www.lefigaro.fr\/sports\/cyclisme\/tour-de-france\/tour-de-france-s-il-passe-a-droite-je-le-cravate-qui-est-stephane-boury-l-homme-qui-a-plaque-l-intrus-sur-la-ligne-d-arrivee-a-toulouse-20250716\" data-fig-type=\"NewsFlash\" data-gtm-custom-categorie=\"navigation\" data-gtm-custom-action=\"crossclick\" data-gtm-custom-label=\"Contextuel\" data-gtm-event=\"customEventSPE\" data-fig-domain=\"LEFIGARO\" target=\"_blank\" rel=\"noopener\">Tour de France\u00a0: \u00abS\u2019il passe \u00e0 droite, je le cravate\u00bb, qui est St\u00e9phane Boury, l\u2019homme qui a plaqu\u00e9 l\u2019intrus sur la ligne d\u2019arriv\u00e9e \u00e0 Toulouse\u00a0?<br \/>\n    <\/a>\n<\/p>\n<p class=\"fig-paragraph\">Coups de griffe<\/p>\n<p>Le casque profil\u00e9 de Vingegaard, signe d\u2019un clan Visma dans le doute<\/p>\n<p class=\"fig-paragraph\">C\u2019est un peu le symbole d\u2019une \u00e9quipe Visma perdue et tentant le tout pour le tout face au rouleau compresseur UAE Team Emirates depuis le d\u00e9part du Tour de France. Dans le contre-la-montre vers Peyragudes samedi, Jonas Vingegaard a tent\u00e9 un coup de poker\u00a0<a href=\"http:\/\/www.lefigaro.fr\/sports\/cyclisme\/tour-de-france\/tour-de-france-panna-cotta-maison-de-schtroumpfs-cocotte-minute-pourquoi-vingegaard-a-t-il-porte-un-casque-geant-dans-le-chrono-20250719\" data-fig-type=\"NewsFlash\" data-gtm-custom-categorie=\"navigation\" data-gtm-custom-action=\"crossclick\" data-gtm-custom-label=\"Contextuel\" data-gtm-event=\"customEventSPE\" data-fig-domain=\"LEFIGARO\" target=\"_blank\" rel=\"noopener\">en se coiffant de son casque d\u00e9mesur\u00e9<\/a>\u00a0et profil\u00e9 alors que le chrono \u00e9tait compos\u00e9 quasiment exclusivement de mont\u00e9es. Deuxi\u00e8me derri\u00e8re Pogacar, le Danois a certes r\u00e9ussi une belle prestation mais le choix de mat\u00e9riel de la formation n\u00e9erlandaise en nette perte de vitesse face \u00e0 l\u2019armada du Slov\u00e8ne interroge.<\/p>\n<p>                                    <a class=\"fig-a11y-skip a11y-hidden\" href=\"#fig-a11y-skip-main-inarticle_mtf\"><br \/>\n        Passer la publicit\u00e9<br \/>\n    <\/a><\/p>\n<p>Remco Evenepoel ne r\u00e9pond plus<\/p>\n<p class=\"fig-paragraph\">Le Belge a\u00a0<a href=\"http:\/\/www.lefigaro.fr\/sports\/cyclisme\/tour-de-france\/tour-de-france-coup-de-tonnerre-remco-evenepoel-contraint-a-l-abandon-20250719\" data-fig-type=\"NewsFlash\" data-gtm-custom-categorie=\"navigation\" data-gtm-custom-action=\"crossclick\" data-gtm-custom-label=\"Contextuel\" data-gtm-event=\"customEventSPE\" data-fig-domain=\"LEFIGARO\" target=\"_blank\" rel=\"noopener\">abandonn\u00e9 au cours de la 14e \u00e9tape<\/a>, \u00e0 bout de forces, le regard perdu alors qu\u2019il occupait la troisi\u00e8me place du classement g\u00e9n\u00e9ral. Une terrible d\u00e9faillance dans le Tourmalet et un coup de tonnerre pour la Belgique qui s\u2019interroge de plus en plus sur la capacit\u00e9, un jour, du double champion olympique de 24 ans \u00e0 pouvoir se m\u00ealer \u00e0 la bataille entre Tadej Pogacar et Jonas Vingegaard. Si tant est que celle-ci existe encore apr\u00e8s la claque inflig\u00e9e par le Slov\u00e8ne \u00e0 son rival cette ann\u00e9e.<\/p>\n<p>Le suspense tu\u00e9 dans l\u2019\u0153uf<\/p>\n<p class=\"fig-paragraph\">On ne peut que s\u2019incliner devant la supr\u00e9matie de Tadej Pogacar et se r\u00e9jouir d\u2019\u00eatre les contemporains d\u2019un immense champion, peut-\u00eatre le plus grand de l\u2019histoire du v\u00e9lo. L\u2019avenir nous le dira. Mais le soir du contre-la-montre \u00e0 Peyragudes, \u00abPogi\u00bb a d\u00e9finitivement bris\u00e9 le jouet des amoureux du Tour de France qui r\u00eavaient d\u2019un bras de fer jusque dans les Alpes. Son \u00e9crasante supr\u00e9matie pourrait finir par lasser et porter ombrage \u00e0 la plus grande \u00e9preuve cycliste au monde si personne ne parvient \u00e0 lui donner la r\u00e9plique.<\/p>\n<p class=\"fig-body-link\">\n            \u00c0 lire aussi<br \/>\n        <a class=\"fig-body-link__link\" href=\"http:\/\/www.lefigaro.fr\/sports\/cyclisme\/tour-de-france\/tour-de-france-pogacar-il-peut-finir-par-lasser-s-inquiete-pierre-rolland-20250720\" data-fig-type=\"NewsFlash\" data-gtm-custom-categorie=\"navigation\" data-gtm-custom-action=\"crossclick\" data-gtm-custom-label=\"Contextuel\" data-gtm-event=\"customEventSPE\" data-fig-domain=\"LEFIGARO\" target=\"_blank\" rel=\"noopener\">Tour de France\u00a0: \u00abTadej Pogacar\u00a0? Il peut finir par lasser\u00bb, s\u2019inqui\u00e8te Pierre Rolland<br \/>\n    <\/a>\n<\/p>\n<p>Pas d\u2019\u00e9tape fran\u00e7aise pour le moment<\/p>\n<p class=\"fig-paragraph\">Il reste six \u00e9tapes aux Bleus pour \u00e9viter un z\u00e9ro point\u00e9 qui ferait tache dans la grande histoire de la Grande Boucle apr\u00e8s les trois succ\u00e8s sign\u00e9s en 2024 gr\u00e2ce \u00e0 Romain Bardet, K\u00e9vin Vauquelin et Anthony Turgis. Depuis 1903 seules deux \u00e9ditions se sont achev\u00e9es sans qu\u2019un coureur fran\u00e7ais ne l\u00e8ve les bras sur la ligne d\u2019arriv\u00e9e\u00a0: 1923 et 1999.\u00a0<a href=\"http:\/\/www.lefigaro.fr\/sports\/cyclisme\/tour-de-france\/tour-de-france-les-francais-parviendront-ils-a-eviter-le-zero-pointe-a-paris-20250720\" data-fig-type=\"NewsFlash\" data-gtm-custom-categorie=\"navigation\" data-gtm-custom-action=\"crossclick\" data-gtm-custom-label=\"Contextuel\" data-gtm-event=\"customEventSPE\" data-fig-domain=\"LEFIGARO\" target=\"_blank\" rel=\"noopener\">Une troisi\u00e8me ann\u00e9e noire en perspective\u00a0<\/a>?<\/p>\n<p class=\"fig-body-link\">\n            \u00c0 lire aussi<br \/>\n        <a class=\"fig-body-link__link\" href=\"http:\/\/www.lefigaro.fr\/sports\/cyclisme\/tour-de-france\/tour-de-france-les-francais-parviendront-ils-a-eviter-le-zero-pointe-a-paris-20250720\" data-fig-type=\"NewsFlash\" data-gtm-custom-categorie=\"navigation\" data-gtm-custom-action=\"crossclick\" data-gtm-custom-label=\"Contextuel\" data-gtm-event=\"customEventSPE\" data-fig-domain=\"LEFIGARO\" target=\"_blank\" rel=\"noopener\">Tour de France\u00a0: les Fran\u00e7ais parviendront-ils \u00e0 \u00e9viter le z\u00e9ro point\u00e9 \u00e0 Paris\u00a0?<br \/>\n    <\/a>\n<\/p>\n<p>    <a href=\"https:\/\/photo.lefigaro.fr\/sports\/cyclisme\/tour-de-france\/qu-est-ce-que-c-est-que-cet-idiot-la-je-suis-paye-pour-gagner-pas-pour-laisser-la-victoire-aux-autres-comme-un-con-j-ai-fait-le-sprint-les-phrases-chocs-du-tour-de-france-20250720\" target=\"_blank\" rel=\"noopener\"><\/p>\n<p class=\"fig-slideshow__title\">\n                    \u00abQu\u2019est-ce que c\u2019est que cet idiot-l\u00e0\u00a0!\u00bb, \u00abJe suis pay\u00e9 pour gagner, pas pour laisser la victoire aux autres\u00bb, \u00abComme un con, j\u2019ai fait le sprint\u00bb, les phrases chocs du Tour de France\n                <\/p>\n<p>Acc\u00e9der au diaporama (11)<\/p>\n<p>    <\/a><\/p>\n","protected":false},"excerpt":{"rendered":"ANALYSE &#8211; Apr\u00e8s quinze \u00e9tapes, le Tour de France marque une pause avec une journ\u00e9e de repos. Bilan&hellip;\n","protected":false},"author":2,"featured_media":262718,"comment_status":"","ping_status":"","sticky":false,"template":"","format":"standard","meta":{"footnotes":""},"categories":[4],"tags":[11,1011,27,33550,12,25,1138,210],"class_list":{"0":"post-262717","1":"post","2":"type-post","3":"status-publish","4":"format-standard","5":"has-post-thumbnail","7":"category-france","8":"tag-actualites","9":"tag-fr","10":"tag-france","11":"tag-julian-alaphilippe","12":"tag-news","13":"tag-republique-francaise","14":"tag-tadej-pogacar","15":"tag-tour-de-france"},"share_on_mastodon":{"url":"https:\/\/pubeurope.com\/@fr\/114889788144994530","error":""},"_links":{"self":[{"href":"https:\/\/www.europesays.com\/fr\/wp-json\/wp\/v2\/posts\/262717","targetHints":{"allow":["GET"]}}],"collection":[{"href":"https:\/\/www.europesays.com\/fr\/wp-json\/wp\/v2\/posts"}],"about":[{"href":"https:\/\/www.europesays.com\/fr\/wp-json\/wp\/v2\/types\/post"}],"author":[{"embeddable":true,"href":"https:\/\/www.europesays.com\/fr\/wp-json\/wp\/v2\/users\/2"}],"replies":[{"embeddable":true,"href":"https:\/\/www.europesays.com\/fr\/wp-json\/wp\/v2\/comments?post=262717"}],"version-history":[{"count":0,"href":"https:\/\/www.europesays.com\/fr\/wp-json\/wp\/v2\/posts\/262717\/revisions"}],"wp:featuredmedia":[{"embeddable":true,"href":"https:\/\/www.europesays.com\/fr\/wp-json\/wp\/v2\/media\/262718"}],"wp:attachment":[{"href":"https:\/\/www.europesays.com\/fr\/wp-json\/wp\/v2\/media?parent=262717"}],"wp:term":[{"taxonomy":"category","embeddable":true,"href":"https:\/\/www.europesays.com\/fr\/wp-json\/wp\/v2\/categories?post=262717"},{"taxonomy":"post_tag","embeddable":true,"href":"https:\/\/www.europesays.com\/fr\/wp-json\/wp\/v2\/tags?post=262717"}],"curies":[{"name":"wp","href":"https:\/\/api.w.org\/{rel}","templated":true}]}}