{"id":262719,"date":"2025-07-21T06:23:09","date_gmt":"2025-07-21T06:23:09","guid":{"rendered":"https:\/\/www.europesays.com\/fr\/262719\/"},"modified":"2025-07-21T06:23:09","modified_gmt":"2025-07-21T06:23:09","slug":"golf-mcilroy-et-la-balle-mystere-du-british-open","status":"publish","type":"post","link":"https:\/\/www.europesays.com\/fr\/262719\/","title":{"rendered":"Golf: McIlroy et la balle myst\u00e8re du British Open"},"content":{"rendered":"<p>Rory McIlroy a r\u00e9alis\u00e9 un exploit aussi bizarre que rarissime, ce week-end lors du British Open. Engag\u00e9 sur le 11e trou, le Nord-Irlandais a r\u00e9ussi \u00e0 s&rsquo;extirper du rough pour tenter de s&rsquo;approcher du green.<\/p>\n<p>Au moment de frapper sa balle, McIlroy en a fait appara\u00eetre une seconde, enfouie dans la terre et probablement perdue par un joueur et cach\u00e9e depuis des semaines, voire des mois. Surpris et confus, le Nord-Irlandais a r\u00e9cup\u00e9r\u00e9 la deuxi\u00e8me balle, avant de r\u00e9aliser que ce n&rsquo;\u00e9tait pas la sienne.<\/p>\n<p>\u00abMa balle est partie avec un effet \u00e9trange. Je ne savais pas qu&rsquo;une deuxi\u00e8me balle \u00e9tait cach\u00e9e sous la mienne. C&rsquo;est la chose la plus bizarre et ridicule que j&rsquo;ai vue. \u00c7a ne m&rsquo;\u00e9tait encore jamais arriv\u00e9\u00bb, a r\u00e9agi McIlroy (36 ans), vainqueur de la comp\u00e9tition en 2014 et 7e du classement final cette ann\u00e9e. La victoire est revenue au No 1 mondial, l&rsquo;Am\u00e9ricain Scottie Scheffler.<\/p>\n","protected":false},"excerpt":{"rendered":"Rory McIlroy a r\u00e9alis\u00e9 un exploit aussi bizarre que rarissime, ce week-end lors du British Open. Engag\u00e9 sur&hellip;\n","protected":false},"author":2,"featured_media":262720,"comment_status":"","ping_status":"","sticky":false,"template":"","format":"standard","meta":{"footnotes":""},"categories":[1418],"tags":[1011,27,1472,60],"class_list":{"0":"post-262719","1":"post","2":"type-post","3":"status-publish","4":"format-standard","5":"has-post-thumbnail","7":"category-golf","8":"tag-fr","9":"tag-france","10":"tag-golf","11":"tag-sports"},"share_on_mastodon":{"url":"https:\/\/pubeurope.com\/@fr\/114889792056625932","error":""},"_links":{"self":[{"href":"https:\/\/www.europesays.com\/fr\/wp-json\/wp\/v2\/posts\/262719","targetHints":{"allow":["GET"]}}],"collection":[{"href":"https:\/\/www.europesays.com\/fr\/wp-json\/wp\/v2\/posts"}],"about":[{"href":"https:\/\/www.europesays.com\/fr\/wp-json\/wp\/v2\/types\/post"}],"author":[{"embeddable":true,"href":"https:\/\/www.europesays.com\/fr\/wp-json\/wp\/v2\/users\/2"}],"replies":[{"embeddable":true,"href":"https:\/\/www.europesays.com\/fr\/wp-json\/wp\/v2\/comments?post=262719"}],"version-history":[{"count":0,"href":"https:\/\/www.europesays.com\/fr\/wp-json\/wp\/v2\/posts\/262719\/revisions"}],"wp:featuredmedia":[{"embeddable":true,"href":"https:\/\/www.europesays.com\/fr\/wp-json\/wp\/v2\/media\/262720"}],"wp:attachment":[{"href":"https:\/\/www.europesays.com\/fr\/wp-json\/wp\/v2\/media?parent=262719"}],"wp:term":[{"taxonomy":"category","embeddable":true,"href":"https:\/\/www.europesays.com\/fr\/wp-json\/wp\/v2\/categories?post=262719"},{"taxonomy":"post_tag","embeddable":true,"href":"https:\/\/www.europesays.com\/fr\/wp-json\/wp\/v2\/tags?post=262719"}],"curies":[{"name":"wp","href":"https:\/\/api.w.org\/{rel}","templated":true}]}}