{"id":262723,"date":"2025-07-21T06:26:13","date_gmt":"2025-07-21T06:26:13","guid":{"rendered":"https:\/\/www.europesays.com\/fr\/262723\/"},"modified":"2025-07-21T06:26:13","modified_gmt":"2025-07-21T06:26:13","slug":"resultat-raphael-collignon-vit-kopriva-atp-250-umag-premier-tour-dimanche-20-juillet-2025-lequipe","status":"publish","type":"post","link":"https:\/\/www.europesays.com\/fr\/262723\/","title":{"rendered":"R\u00e9sultat : Rapha\u00ebl Collignon &#8211; Vit Kopriva, ATP 250, Umag, Premier tour, Dimanche 20 juillet 2025 &#8211; L&#039;\u00c9quipe"},"content":{"rendered":"<ol>\n<li><a href=\"https:\/\/news.google.com\/rss\/articles\/CBMiwwFBVV95cUxQU0M5UHdiVDNNQXdKaGxMS1NSNnIxaTJqU0pUWXpmVUcxVE5TN09JVE93aHFWVDA5ZmFRMWdsNWpsR09HOHlLZUY4Z196dDZkVTNJemlSRlNidGViXzBNYkxuZUdkTU1lWGJzU0lzVzBRUzRxZHRJXzZOZWxDbWsyUjdpRS1hM1FKXzVLbTZiTGxJemJ5Ykh0Ty1FZ2dNVUNNYXRGcUl4c1B6NE9LRzhfcWVmRHRUdF9nMlhwQ09LOE9ZRUU?oc=5\" target=\"_blank\" rel=\"nofollow noopener\">R\u00e9sultat : Rapha\u00ebl Collignon &#8211; Vit Kopriva, ATP 250, Umag, Premier tour, Dimanche 20 juillet 2025<\/a>&nbsp;&nbsp;L&rsquo;\u00c9quipe<\/li>\n<li><a href=\"https:\/\/news.google.com\/rss\/articles\/CBMiwgFBVV95cUxPYld4aUl1M2lOeE1fbGNWcnRkOWg2YWdURE11YWlwMjM2R0J3d2pJZG1LbFFKX0tkak5USEhSVC1Vcm8ydkVyVHlaUEE5YTF0aFEtWnFET3dHUVRiZ1p3ZEluUkhBdnp3NjVUUTJmYmRDQ2VvYUU1V1RuajJZNWx5LWlGcU5ReFRNejVHMHdETzlldkpEU1JIZGdYakI5ZDVEVC1BNUNSUWtPb1BTYTVlMldheFk5YlVuNDZveG83dzdPQQ?oc=5\" target=\"_blank\" rel=\"nofollow noopener\">R\u00e9sultat : August Holmgren &#8211; Liam Draxl, Challenger, Granby, Finale, Dimanche 20 juillet 2025<\/a>&nbsp;&nbsp;L&rsquo;\u00c9quipe<\/li>\n<li><a href=\"https:\/\/news.google.com\/rss\/articles\/CBMiwAFBVV95cUxPNWtwTFRqdDlPdjB4MFl1dGtTOTh1T0p6QjRKY0F1Q0xPZ1R4NTk1U1d3TmdRRGRPMjEzZWdkaGYtUnk3XzhndmhUOHQ2NkFaVlZqNnFoNHR1dGRiVkhvaGM1Ulc1SHp2cXVubV9lRG5uRE9xMlNfMUtLLVliYUJQbGowam1vbllydElLYVNEMjRsb25xanJVcDVCUVg1VHBlUEpSYW9SQzN6S29RSVdKTnpKN2lWQmRSYXR5RzVFYlo?oc=5\" target=\"_blank\" rel=\"nofollow noopener\">Football &#8211; Serie A &#8211; Naples : Conte prudent mais ambitieux : \u00abDe Bruyne va \u00e9lever notre niveau\u00bb<\/a>&nbsp;&nbsp;L&rsquo;\u00c9quipe<\/li>\n<li><a href=\"https:\/\/news.google.com\/rss\/articles\/CBMiugFBVV95cUxNTFEzUXFMMlJ1TVdzZFNmY2lmTmN2eDBmU3QyaG1Kdms4eUR4UWlSeUt1Y0J0Sjc0NEJQblg0Q1ZCbmZuWFFkd1JuM1UzeDBKZkh5cnhwNXdjS18zV2pCTHM5OE92amRqU0wyTm9TTDFwSEgzNGl6ZHFhczhMcnM1VUVXdVI2MEE1bEJFTkJzd2FnTnhRSDVlUXZ0YlM4N2M1c0lZcUtJY3VISmFmMG0xbFpUenZ5cTNKTkE?oc=5\" target=\"_blank\" rel=\"nofollow noopener\">Newport (CH) &#8211; Adrian Mannarino assure l&rsquo;essentiel, mais pas le titre \u00e0 Newport<\/a>&nbsp;&nbsp;Tennis Actu<\/li>\n<li><a href=\"https:\/\/news.google.com\/rss\/articles\/CBMiuwFBVV95cUxNcjladm1malVlUkxsN0ZJeFA4YngzNExUaGh0Z2g2aXZpTHNWRU5VYU42NmM1X0xLMk1xRUQ5UVBQbGdfTEEtMnVsY0VLbzlSdG9PbzkzOTNXLXc0aTAxdkFjZGtqOTlCTnZZa1pRaGc0Zmd5UEVaLUY1Wi05eG9zaXQ2LXRweDlwS3hzUldOR2F3QkE1aEZ6YkNJVWpMWDgyRVRNdXVJbS1WenNGNlNER3hpbmRaWExZOFZR?oc=5\" target=\"_blank\" rel=\"nofollow noopener\">ATP Challenger 2025 : Adrian Mannarino et Titouan Droguet s&rsquo;inclinent tous les deux en finale<\/a>&nbsp;&nbsp;Dicodusport<\/li>\n<\/ol>\n","protected":false},"excerpt":{"rendered":"R\u00e9sultat : Rapha\u00ebl Collignon &#8211; Vit Kopriva, ATP 250, Umag, Premier tour, Dimanche 20 juillet 2025&nbsp;&nbsp;L&rsquo;\u00c9quipe R\u00e9sultat :&hellip;\n","protected":false},"author":2,"featured_media":1983,"comment_status":"","ping_status":"","sticky":false,"template":"","format":"standard","meta":{"footnotes":""},"categories":[1415],"tags":[1011,27,60,1467],"class_list":{"0":"post-262723","1":"post","2":"type-post","3":"status-publish","4":"format-standard","5":"has-post-thumbnail","7":"category-tennis","8":"tag-fr","9":"tag-france","10":"tag-sports","11":"tag-tennis"},"share_on_mastodon":{"url":"https:\/\/pubeurope.com\/@fr\/114889803864178948","error":""},"_links":{"self":[{"href":"https:\/\/www.europesays.com\/fr\/wp-json\/wp\/v2\/posts\/262723","targetHints":{"allow":["GET"]}}],"collection":[{"href":"https:\/\/www.europesays.com\/fr\/wp-json\/wp\/v2\/posts"}],"about":[{"href":"https:\/\/www.europesays.com\/fr\/wp-json\/wp\/v2\/types\/post"}],"author":[{"embeddable":true,"href":"https:\/\/www.europesays.com\/fr\/wp-json\/wp\/v2\/users\/2"}],"replies":[{"embeddable":true,"href":"https:\/\/www.europesays.com\/fr\/wp-json\/wp\/v2\/comments?post=262723"}],"version-history":[{"count":0,"href":"https:\/\/www.europesays.com\/fr\/wp-json\/wp\/v2\/posts\/262723\/revisions"}],"wp:featuredmedia":[{"embeddable":true,"href":"https:\/\/www.europesays.com\/fr\/wp-json\/wp\/v2\/media\/1983"}],"wp:attachment":[{"href":"https:\/\/www.europesays.com\/fr\/wp-json\/wp\/v2\/media?parent=262723"}],"wp:term":[{"taxonomy":"category","embeddable":true,"href":"https:\/\/www.europesays.com\/fr\/wp-json\/wp\/v2\/categories?post=262723"},{"taxonomy":"post_tag","embeddable":true,"href":"https:\/\/www.europesays.com\/fr\/wp-json\/wp\/v2\/tags?post=262723"}],"curies":[{"name":"wp","href":"https:\/\/api.w.org\/{rel}","templated":true}]}}