{"id":262724,"date":"2025-07-21T06:28:10","date_gmt":"2025-07-21T06:28:10","guid":{"rendered":"https:\/\/www.europesays.com\/fr\/262724\/"},"modified":"2025-07-21T06:28:10","modified_gmt":"2025-07-21T06:28:10","slug":"gp-de-republique-tcheque-2025-le-week-end-de-lequipe-tech3","status":"publish","type":"post","link":"https:\/\/www.europesays.com\/fr\/262724\/","title":{"rendered":"GP de R\u00e9publique tch\u00e8que 2025, le week-end de l&rsquo;\u00e9quipe Tech3"},"content":{"rendered":"<p style=\"text-align: justify;\"><strong>L&rsquo;\u00e9quipe Tech3 KTM s&rsquo;est offert un podium sur le circuit de Brno, avec Enea Bastianini, lors de la Sprint. De son c\u00f4t\u00e9, Pol Espargar\u00f3, rempla\u00e7ant de Maverick Vi\u00f1ales, a marqu\u00e9 de pr\u00e9cieux points pour la structure fran\u00e7aise. <\/strong><\/p>\n<p>Les qualifications de l&rsquo;\u00e9quipe Tech3 en R\u00e9publique tch\u00e8que<\/p>\n<p style=\"text-align: justify;\">Maverick Vi\u00f1ales est forfait suite \u00e0 sa chute en Allemagne. L&rsquo;\u00e9quipe a fait appel \u00e0 Pol Espargar\u00f3 pour le remplacer. Le pilote espagnol n&rsquo;est pas parvenu \u00e0 se frayer une place en Q2, contrairement \u00e0 Enea Bastianini qui a sign\u00e9 le 8e temps de la Practice. <a href=\"https:\/\/franceracing.fr\/moto-gp\/gp-de-republique-tcheque-2025-qualifs-francesco-bagnaia-de-la-q1-a-la-pole-position\/\" target=\"_blank\" rel=\"noopener nofollow\">En qualifications<\/a>, Pol Espargar\u00f3 s&rsquo;est class\u00e9 en 4e position de la Q1, synonyme d&rsquo;une 14e place sur la grille. De son c\u00f4t\u00e9, Enea Bastianini a fini la Q2 en 11e position.<\/p>\n<p>Les courses de l&rsquo;\u00e9quipe Tech3 en R\u00e9publique tch\u00e8que<br \/>\n<a href=\"https:\/\/franceracing.fr\/moto-gp\/gp-de-republique-tcheque-2025-sprint-marc-marquez-simpose\/\" target=\"_blank\" rel=\"noopener nofollow\">Sprint<\/a><\/p>\n<p style=\"text-align: justify;\">Enea Bastianini a gagn\u00e9 trois places d\u00e8s le premier tour. Le pilote italien a continu\u00e9 son ascension dans les premi\u00e8res places pour atteindre la 3e place au 5e tour. Il conserve cette position jusqu&rsquo;\u00e0 la fin de la course, s&rsquo;offrant son premier podium de la saison. Pol Espargar\u00f3 est remont\u00e9 en 10e position lors de la premi\u00e8re boucle, avant de doubler Jorge Mart\u00edn au 8e tour, ce qui lui offre le dernier point de la course.<\/p>\n<blockquote>\n<p style=\"text-align: justify;\">\u00ab\u00a0Ce fut un excellent samedi pour l&rsquo;\u00e9quipe Tech3 KTM avec le premier podium sprint d&rsquo;Enea Bastianini avec nous ! Je pense que cela nous a tous surpris, car nous ne savions pas vraiment \u00e0 quoi nous attendre \u00e0 Brno, car Enea revenait de maladie, et nous devions comprendre son \u00e9tat physique. \u00c7a a \u00e9t\u00e9 son meilleur vendredi de la saison, se qualifiant directement en Q2, et aujourd&rsquo;hui, il a atteint la 11e place sur la grille, apr\u00e8s avoir \u00e9t\u00e9 bloqu\u00e9 par un autre pilote lors de sa derni\u00e8re tentative. Quoi qu&rsquo;il en soit, il savait qu&rsquo;il avait un rythme solide, et il a tout donn\u00e9 en piste lors de la Sprint. Excellent rythme avec le 4e temps de la Sprint, de beaux d\u00e9passements, et il a bien d\u00e9fendu sa place lors de la remont\u00e9e de Marco Bezzecchi \u00e0 la fin. F\u00e9licitations \u00e0 Enea pour son premier podium de la saison, cela va lui donner un \u00e9norme regain de confiance ! Chapeau \u00e9galement \u00e0 Pol Espargar\u00f3 qui a marqu\u00e9 un point en Sprint ! Il n&rsquo;a pas couru depuis de nombreux mois, c&rsquo;est une t\u00e2che tr\u00e8s difficile de remplacer un pilote pendant un week-end de course, et il a fait un travail remarquable aujourd&rsquo;hui. Les gar\u00e7ons ont bien fait aujourd&rsquo;hui, nous abordons la course principale avec de grands espoirs\u00a0\u00bb, d\u00e9clarait Nicolas Goyon apr\u00e8s la journ\u00e9e du samedi.<\/p>\n<\/blockquote>\n<p><a href=\"https:\/\/franceracing.fr\/moto-gp\/gp-de-republique-tcheque-2025-course-marc-marquez-cinq-de-suite\/\" target=\"_blank\" rel=\"noopener nofollow\">Grand Prix<\/a><\/p>\n<p style=\"text-align: justify;\">Comme la veille, Enea Bastianini a connu un d\u00e9but de Grand Prix parfait, en arrivant jusqu&rsquo;\u00e0 la quatri\u00e8me place au 6e tour. Mais le pilote italien a chut\u00e9 le tour suivant. De son c\u00f4t\u00e9, Pol Espargar\u00f3 a perdu de nombreuses places dans le premier tour. Mais le pilote espagnol ne s&rsquo;est pas laiss\u00e9 abattre et est remont\u00e9 jusqu&rsquo;\u00e0 la 9e place.<\/p>\n<blockquote>\n<p style=\"text-align: justify;\">\u00ab\u00a0Cette course a \u00e9t\u00e9 riche en \u00e9motions pour nous. Nous savions qu&rsquo;Enea Bastianini avait le potentiel pour faire une course solide. Il a pris un bon d\u00e9part, mais il a rapidement remont\u00e9 de nombreuses positions jusqu&rsquo;\u00e0 la 4e place. Malheureusement, il a chut\u00e9 au 7e tour, ce qui est vraiment dommage, mais je tiens vraiment \u00e0 retenir les points positifs de ce week-end. Enea a atteint la Q2 pour la premi\u00e8re fois et a sign\u00e9 son premier podium avec nous samedi. C&rsquo;\u00e9tait donc son meilleur week-end de la saison, ce qui est de bon augure pour la seconde moiti\u00e9 de 2025 ! Ensuite, je tiens \u00e0 f\u00e9liciter chaleureusement Pol Espargar\u00f3 pour sa performance ! Il a pris un mauvais d\u00e9part et \u00e9tait 20e, mais il a remont\u00e9 des positions jusqu&rsquo;\u00e0 la 9e place gr\u00e2ce \u00e0 un rythme vraiment solide. C&rsquo;est une performance impressionnante pour un pilote qui n&rsquo;a pas couru depuis des mois\u00a0\u00bb, concluait Nicolas Goyon.<\/p>\n<\/blockquote>\n","protected":false},"excerpt":{"rendered":"L&rsquo;\u00e9quipe Tech3 KTM s&rsquo;est offert un podium sur le circuit de Brno, avec Enea Bastianini, lors de la&hellip;\n","protected":false},"author":2,"featured_media":262725,"comment_status":"","ping_status":"","sticky":false,"template":"","format":"standard","meta":{"footnotes":""},"categories":[1413],"tags":[1011,27,1457,1456,60],"class_list":{"0":"post-262724","1":"post","2":"type-post","3":"status-publish","4":"format-standard","5":"has-post-thumbnail","7":"category-moto","8":"tag-fr","9":"tag-france","10":"tag-moto","11":"tag-motocycle","12":"tag-sports"},"share_on_mastodon":{"url":"https:\/\/pubeurope.com\/@fr\/114889811942909163","error":""},"_links":{"self":[{"href":"https:\/\/www.europesays.com\/fr\/wp-json\/wp\/v2\/posts\/262724","targetHints":{"allow":["GET"]}}],"collection":[{"href":"https:\/\/www.europesays.com\/fr\/wp-json\/wp\/v2\/posts"}],"about":[{"href":"https:\/\/www.europesays.com\/fr\/wp-json\/wp\/v2\/types\/post"}],"author":[{"embeddable":true,"href":"https:\/\/www.europesays.com\/fr\/wp-json\/wp\/v2\/users\/2"}],"replies":[{"embeddable":true,"href":"https:\/\/www.europesays.com\/fr\/wp-json\/wp\/v2\/comments?post=262724"}],"version-history":[{"count":0,"href":"https:\/\/www.europesays.com\/fr\/wp-json\/wp\/v2\/posts\/262724\/revisions"}],"wp:featuredmedia":[{"embeddable":true,"href":"https:\/\/www.europesays.com\/fr\/wp-json\/wp\/v2\/media\/262725"}],"wp:attachment":[{"href":"https:\/\/www.europesays.com\/fr\/wp-json\/wp\/v2\/media?parent=262724"}],"wp:term":[{"taxonomy":"category","embeddable":true,"href":"https:\/\/www.europesays.com\/fr\/wp-json\/wp\/v2\/categories?post=262724"},{"taxonomy":"post_tag","embeddable":true,"href":"https:\/\/www.europesays.com\/fr\/wp-json\/wp\/v2\/tags?post=262724"}],"curies":[{"name":"wp","href":"https:\/\/api.w.org\/{rel}","templated":true}]}}