{"id":26273,"date":"2025-04-15T09:47:29","date_gmt":"2025-04-15T09:47:29","guid":{"rendered":"https:\/\/www.europesays.com\/fr\/26273\/"},"modified":"2025-04-15T09:47:29","modified_gmt":"2025-04-15T09:47:29","slug":"livre-entre-traditions-et-desir-demancipation","status":"publish","type":"post","link":"https:\/\/www.europesays.com\/fr\/26273\/","title":{"rendered":"Livre : entre traditions et d\u00e9sir d\u2019\u00e9mancipation"},"content":{"rendered":"<p>Une s\u00e9lection de quatre \u0153uvres aux th\u00e8mes r\u00e9currents qui m\u00ealent imaginaire et morbidit\u00e9, saga g\u00e9n\u00e9rationnelle, exploration romanesque, temps incertain, le tout illustr\u00e9 par l\u2019espace entre vie et mort.<\/p>\n<p>Ahurissant\u00a0! Sans \u00e9gal et sans pareil, le premier roman de Marien Defalvard, Du temps qu\u2019on existait. Mais o\u00f9 est-on\u00a0? Mais qui est-ce, ce narrateur, un graphomane, un proustien, un disciple de Paul Morand, entre impressions et m\u00eame impressionnisme et vitesses, entre des villes comme Paris, Tours, Strasbourg, d\u2019autres cit\u00e9s, une propri\u00e9t\u00e9 familiale dans le Poitou, et le temps qui passe\u00a0? Il \u00e9crit, mais quoi\u00a0? Il travaille, mais \u00e0 quoi\u00a0? Il aime, surtout les hommes, voire exclusivement, mais comment\u00a0? Sans passion\u00a0?<\/p>\n","protected":false},"excerpt":{"rendered":"Une s\u00e9lection de quatre \u0153uvres aux th\u00e8mes r\u00e9currents qui m\u00ealent imaginaire et morbidit\u00e9, saga g\u00e9n\u00e9rationnelle, exploration romanesque, temps&hellip;\n","protected":false},"author":2,"featured_media":26274,"comment_status":"","ping_status":"","sticky":false,"template":"","format":"standard","meta":{"footnotes":""},"categories":[1357],"tags":[1379,58,59,1011,27,1380,1479],"class_list":{"0":"post-26273","1":"post","2":"type-post","3":"status-publish","4":"format-standard","5":"has-post-thumbnail","7":"category-livres","8":"tag-books","9":"tag-divertissement","10":"tag-entertainment","11":"tag-fr","12":"tag-france","13":"tag-livres","14":"tag-romans"},"share_on_mastodon":{"url":"https:\/\/pubeurope.com\/@fr\/114341350826427923","error":""},"_links":{"self":[{"href":"https:\/\/www.europesays.com\/fr\/wp-json\/wp\/v2\/posts\/26273","targetHints":{"allow":["GET"]}}],"collection":[{"href":"https:\/\/www.europesays.com\/fr\/wp-json\/wp\/v2\/posts"}],"about":[{"href":"https:\/\/www.europesays.com\/fr\/wp-json\/wp\/v2\/types\/post"}],"author":[{"embeddable":true,"href":"https:\/\/www.europesays.com\/fr\/wp-json\/wp\/v2\/users\/2"}],"replies":[{"embeddable":true,"href":"https:\/\/www.europesays.com\/fr\/wp-json\/wp\/v2\/comments?post=26273"}],"version-history":[{"count":0,"href":"https:\/\/www.europesays.com\/fr\/wp-json\/wp\/v2\/posts\/26273\/revisions"}],"wp:featuredmedia":[{"embeddable":true,"href":"https:\/\/www.europesays.com\/fr\/wp-json\/wp\/v2\/media\/26274"}],"wp:attachment":[{"href":"https:\/\/www.europesays.com\/fr\/wp-json\/wp\/v2\/media?parent=26273"}],"wp:term":[{"taxonomy":"category","embeddable":true,"href":"https:\/\/www.europesays.com\/fr\/wp-json\/wp\/v2\/categories?post=26273"},{"taxonomy":"post_tag","embeddable":true,"href":"https:\/\/www.europesays.com\/fr\/wp-json\/wp\/v2\/tags?post=26273"}],"curies":[{"name":"wp","href":"https:\/\/api.w.org\/{rel}","templated":true}]}}