{"id":262732,"date":"2025-07-21T06:32:10","date_gmt":"2025-07-21T06:32:10","guid":{"rendered":"https:\/\/www.europesays.com\/fr\/262732\/"},"modified":"2025-07-21T06:32:10","modified_gmt":"2025-07-21T06:32:10","slug":"caroline-et-stephanie-de-monaco-charlotte-casiraghi-beatrice-borromeo-alexandra-de-hanovre-les-grimaldi-fetent-les-20-ans-de-regne-dalbert-ii","status":"publish","type":"post","link":"https:\/\/www.europesays.com\/fr\/262732\/","title":{"rendered":"Caroline et St\u00e9phanie de Monaco, Charlotte Casiraghi, Beatrice Borromeo, Alexandra de Hanovre&#8230; Les Grimaldi f\u00eatent les 20 ans de r\u00e8gne d&rsquo;Albert II"},"content":{"rendered":"<p>Avec leurs enfants Jacques et Gabriella.<\/p>\n<p>Stephane Cardinale &#8211; Corbis\/Getty Images<\/p>\n<p>\u00ab Nous devons \u00eatre conscients de notre chance, de la joie de vivre \u00e0 Monaco et de la force des liens qui nous unissent. Pour ma part, je reste aussi d\u00e9termin\u00e9, motiv\u00e9 et confiant qu&rsquo;il y a 20 ans\u00a0\u00bb, a d\u00e9clar\u00e9 le prince Albert dans son discours, qui a cl\u00f4tur\u00e9 la f\u00eate en coupant un gigantesque g\u00e2teau compos\u00e9 de macarons rouges et blancs, les couleurs de la Principaut\u00e9 de Monaco.<\/p>\n<p>Lorsqu&rsquo;il s&rsquo;est agi de s&rsquo;habiller pour cette journ\u00e9e sp\u00e9ciale, chacune des femmes Grimaldi a choisi ses tenues non seulement en fonction de ses go\u00fbts, mais aussi des engagements professionnels que plusieurs d&rsquo;entre elles ont avec certaines des marques de luxe les plus c\u00e9l\u00e8bres au monde. Charlotte Casiraghi, par exemple, portait une combinaison noire et blanche de <a href=\"https:\/\/www.vanityfair.fr\/dossier\/chanel\" isautogenerated=\"true\" target=\"_blank\" rel=\"noopener\">Chanel<\/a>, maison dont elle est une proche, tout comme sa m\u00e8re, la princesse Caroline, qui est li\u00e9e \u00e0 la marque depuis l&rsquo;\u00e9poque de son grand ami <a href=\"https:\/\/www.vanityfair.fr\/dossier\/karl-lagerfeld\" isautogenerated=\"true\" target=\"_blank\" rel=\"noopener\"><strong>Karl Lagerfeld<\/strong><\/a>.<\/p>\n<p>Caroline de Monaco.<\/p>\n<p>Stephane Cardinale &#8211; Corbis\/Getty Images<\/p>\n<p>Camille Gottlieb.<\/p>\n<p>Stephane Cardinale &#8211; Corbis\/Getty Images<\/p>\n<p>B\u00e9atrice Casiraghi a fait appel \u00e0 <a href=\"https:\/\/www.vanityfair.fr\/dossier\/dior\" isautogenerated=\"true\" target=\"_blank\" rel=\"noopener\">Dior<\/a> et a combin\u00e9 une robe avec plusieurs compl\u00e9ments de la marque, tandis que la princesse Charl\u00e8ne a opt\u00e9 pour une robe rose avec de la dentelle Oscar de la Renta.<\/p>\n<p>Gabriella et Charl\u00e8ne de Monaco.<\/p>\n<p>Stephane Cardinale &#8211; Corbis\/Getty Images<\/p>\n<p>Les marques plus abordables ont \u00e9galement eu leur place, comme Zara, qui a habill\u00e9 la princesse St\u00e9phanie (avec des chaussures et un sac Zara) et sa belle-fille Marie Ducruet (une jupe et des sandales).<\/p>\n<blockquote class=\"BlockquoteEmbedWrapper-sc-SdiGL kMAUQf blockquote-embed\" data-testid=\"blockquote-wrapper\">\n<p>Initialement publi\u00e9 par <a href=\"https:\/\/www.revistavanityfair.es\/articulos\/alberto-monaco-celebra-20-aniversario-reinado-familia\" target=\"_blank\" rel=\"noopener\">Vanity Fair Espa\u00f1a<\/a><\/p>\n<\/blockquote>\n","protected":false},"excerpt":{"rendered":"Avec leurs enfants Jacques et Gabriella. Stephane Cardinale &#8211; Corbis\/Getty Images \u00ab Nous devons \u00eatre conscients de notre&hellip;\n","protected":false},"author":2,"featured_media":262733,"comment_status":"","ping_status":"","sticky":false,"template":"","format":"standard","meta":{"footnotes":""},"categories":[1359],"tags":[20429,40242,10675,4549,58,59,1011,27,973],"class_list":{"0":"post-262732","1":"post","2":"type-post","3":"status-publish","4":"format-standard","5":"has-post-thumbnail","7":"category-people","8":"tag-albert-ii-de-monaco","9":"tag-caroline-de-monaco","10":"tag-charlene-de-monaco","11":"tag-charlotte-casiraghi","12":"tag-divertissement","13":"tag-entertainment","14":"tag-fr","15":"tag-france","16":"tag-people"},"share_on_mastodon":{"url":"https:\/\/pubeurope.com\/@fr\/114889827554929676","error":""},"_links":{"self":[{"href":"https:\/\/www.europesays.com\/fr\/wp-json\/wp\/v2\/posts\/262732","targetHints":{"allow":["GET"]}}],"collection":[{"href":"https:\/\/www.europesays.com\/fr\/wp-json\/wp\/v2\/posts"}],"about":[{"href":"https:\/\/www.europesays.com\/fr\/wp-json\/wp\/v2\/types\/post"}],"author":[{"embeddable":true,"href":"https:\/\/www.europesays.com\/fr\/wp-json\/wp\/v2\/users\/2"}],"replies":[{"embeddable":true,"href":"https:\/\/www.europesays.com\/fr\/wp-json\/wp\/v2\/comments?post=262732"}],"version-history":[{"count":0,"href":"https:\/\/www.europesays.com\/fr\/wp-json\/wp\/v2\/posts\/262732\/revisions"}],"wp:featuredmedia":[{"embeddable":true,"href":"https:\/\/www.europesays.com\/fr\/wp-json\/wp\/v2\/media\/262733"}],"wp:attachment":[{"href":"https:\/\/www.europesays.com\/fr\/wp-json\/wp\/v2\/media?parent=262732"}],"wp:term":[{"taxonomy":"category","embeddable":true,"href":"https:\/\/www.europesays.com\/fr\/wp-json\/wp\/v2\/categories?post=262732"},{"taxonomy":"post_tag","embeddable":true,"href":"https:\/\/www.europesays.com\/fr\/wp-json\/wp\/v2\/tags?post=262732"}],"curies":[{"name":"wp","href":"https:\/\/api.w.org\/{rel}","templated":true}]}}