{"id":262734,"date":"2025-07-21T06:33:14","date_gmt":"2025-07-21T06:33:14","guid":{"rendered":"https:\/\/www.europesays.com\/fr\/262734\/"},"modified":"2025-07-21T06:33:14","modified_gmt":"2025-07-21T06:33:14","slug":"focus-emerveille-sur-pentti-sammallahti-invite-de-6x6-ici-au-loin-au-chambon-sur-lignon","status":"publish","type":"post","link":"https:\/\/www.europesays.com\/fr\/262734\/","title":{"rendered":"Focus \u00e9merveill\u00e9 sur Pentti Sammallahti invit\u00e9 de \u00ab 6&#215;6 Ici au loin \u00bb au Chambon-sur-Lignon"},"content":{"rendered":"<p>\t\t\t\t\t\t\t\t\t\t\t\t\t\t\t\t\t\t\t\t\t\t\t\t\t\t\t\t\t\t\t\t\t\t\t\t\t\t\t\t\t\t\t\t\t\t\t\t\t\t\t\t\t\t\t\t\t\t\t\t\t\t\t<a href=\"https:\/\/www.lacommere43.fr\/component\/banners\/click\/1701.html\" target=\"_blank\" title=\"Durand Charles Laradev carr\u00e9\" rel=\"noopener\"><br \/>\n\t\t\t\t\t\t\t<img decoding=\"async\" src=\"https:\/\/www.europesays.com\/fr\/wp-content\/uploads\/2025\/05\/05264e5f-f9b0-4af5-8f46-d08bf3dcc47e2.jpg\" alt=\"Durand Charles Laradev carr\u00e9\"\/><br \/>\n\t\t\t\t\t\t<\/a><\/p>\n<p><strong>Six expositions sont install\u00e9es tout l&rsquo;\u00e9t\u00e9 dans les villages du Haut-Lignon, r\u00e9unissant neuf photographes. On revient volontiers sur celle de Pentti Sammallahti, accroch\u00e9e au Chambon-sur-Lignon, qui donne \u00e0 voir une\u00a0<strong>\u0153uvre<\/strong> \u00e0 la fois populaire, pleine d\u2019humanit\u00e9, travers\u00e9e d\u2019humour, et d\u2019une grande virtuosit\u00e9 formelle.<\/strong><\/p>\n<p>L&rsquo;espace du 24 rue Neuve au Chambon-sur-Lignon accueille jusqu&rsquo;au 24 ao\u00fbt, une s\u00e9rie de photographies du Finlandais Pentti Sammallahti, qui r\u00e9alise ses tirages lui-m\u00eame avec une ma\u00eetrise consomm\u00e9e. On y d\u00e9couvre des paysages du monde et dans son pays la Finlande, des oiseaux, des chiens, des arbres&#8230; qui sont fascinants gr\u00e2ce aux tons des noirs et des blancs qu&rsquo;il travaille en orf\u00e8vre dans son laboratoire \u00e0 Helsinki.<\/p>\n<p><strong>\u00ab\u00a0Passer \u00e0 c\u00f4t\u00e9, juste pas pensable !\u00a0\u00bb<\/strong><\/p>\n<p>Les visiteurs ressortent \u00e9blouis et t\u00e9moignent de leur bonheur : \u00ab\u00a0Quelle qualit\u00e9 ! De magnifiques images! Un regard peu banal sur le Monde qui nous entoure, des tirages de grande qualit\u00e9 avec un rendu exceptionnel notamment dans les noirs. Vraiment une expo qui apporte un vrai plus \u00e0 ce festival. Avoir \u00e7a chez nous et passer \u00e0 c\u00f4t\u00e9, juste pas pensable !\u00a0\u00bb<\/p>\n<p>Tous les jours de 14 h 30 \u00e0 18 h 30<\/p>\n<p>Pour en savoir davantage sur le parcours\u00a0<a href=\"https:\/\/www.6x6photos-hautlignon.fr\" target=\"_blank\" rel=\"noopener\">www.6x6photos-hautlignon.fr<\/a>\u00a0<\/p>\n<p><a href=\"https:\/\/www.lacommere43.fr\/images\/DepliantA3-6x6-2025-iciauloin-web.pdf\" target=\"_blank\" rel=\"noopener\">T\u00e9l\u00e9chargez le guide<\/a><\/p>\n<p><strong>Les prochains rendez-vous autour du parcours<\/strong><\/p>\n<p><strong>Mercredi 23 juillet, 18 heures<\/strong><\/p>\n<p>Performance live graff\u2019 par Cl\u00e9ment Bransiani, libre interpr\u00e9tation du parcours photographique, La Plage, Le Chambon-sur-Lignon<\/p>\n<p><strong>Mercredi 6 ao\u00fbt, 18 heures<\/strong><\/p>\n<p>Luc Chazot, Chenereilles, ancienne mairie, pr\u00e9sentation de l\u2019exposition par l\u2019artiste<\/p>\n<p><strong>Jeudi 7 ao\u00fbt 14 heures-17 heures<\/strong><\/p>\n<p>Atelier de linogravure, les objets symboliques de la ruralit\u00e9, salle sous la mairie, Le Mas-de-Tence,<\/p>\n<p>Sur inscription, ado\/adulte tel 04 71 59 59 10<\/p>\n<p><strong>Jeudi 7 ao\u00fbt, 20 h 30<\/strong><\/p>\n<p>Projection fiction Delivrance, John Boorman, 1972,<\/p>\n<p>Cin\u00e9 Tence, tarifs habituels du cin\u00e9ma<\/p>\n<p><strong>Vendredi 8 ao\u00fbt, 18 heures<\/strong><\/p>\n<p>Rencontre avec les photographes, B\u00e9atrice Ropers, Fran\u00e7oise Fournier, Dominique Berta, Le Mas-de-Tence<\/p>\n<p><strong>Jeudi 21 ao\u00fbt, 17 heures<\/strong><\/p>\n<p>Paysannes, lecture par Marie-H\u00e9l\u00e8ne Lafon, en partenariat avec Les Lectures sous l\u2019Arbre, La Bo\u00eete \u00e0 Soleils, Tence<\/p>\n<p><strong>Samedi 23 ao\u00fbt, 15 heures<\/strong><\/p>\n<p>Ozarks, visite guid\u00e9e par les organisatrices, au Jardin botanique Mazet-Saint-Voy<\/p>\n","protected":false},"excerpt":{"rendered":"Six expositions sont install\u00e9es tout l&rsquo;\u00e9t\u00e9 dans les villages du Haut-Lignon, r\u00e9unissant neuf photographes. On revient volontiers sur&hellip;\n","protected":false},"author":2,"featured_media":262735,"comment_status":"","ping_status":"","sticky":false,"template":"","format":"standard","meta":{"footnotes":""},"categories":[1358],"tags":[2281,1348,1384,1385,1386,58,59,2282,1011,27,2280,2284,2285,2283],"class_list":{"0":"post-262734","1":"post","2":"type-post","3":"status-publish","4":"format-standard","5":"has-post-thumbnail","7":"category-arts-et-design","8":"tag-actualite-43","9":"tag-arts","10":"tag-arts-and-design","11":"tag-arts-et-design","12":"tag-design","13":"tag-divertissement","14":"tag-entertainment","15":"tag-faits-divers-auvergne","16":"tag-fr","17":"tag-france","18":"tag-information-haute-loire","19":"tag-infos-43","20":"tag-journal-haute-loire","21":"tag-la-commere-43"},"share_on_mastodon":{"url":"https:\/\/pubeurope.com\/@fr\/114889831480214909","error":""},"_links":{"self":[{"href":"https:\/\/www.europesays.com\/fr\/wp-json\/wp\/v2\/posts\/262734","targetHints":{"allow":["GET"]}}],"collection":[{"href":"https:\/\/www.europesays.com\/fr\/wp-json\/wp\/v2\/posts"}],"about":[{"href":"https:\/\/www.europesays.com\/fr\/wp-json\/wp\/v2\/types\/post"}],"author":[{"embeddable":true,"href":"https:\/\/www.europesays.com\/fr\/wp-json\/wp\/v2\/users\/2"}],"replies":[{"embeddable":true,"href":"https:\/\/www.europesays.com\/fr\/wp-json\/wp\/v2\/comments?post=262734"}],"version-history":[{"count":0,"href":"https:\/\/www.europesays.com\/fr\/wp-json\/wp\/v2\/posts\/262734\/revisions"}],"wp:featuredmedia":[{"embeddable":true,"href":"https:\/\/www.europesays.com\/fr\/wp-json\/wp\/v2\/media\/262735"}],"wp:attachment":[{"href":"https:\/\/www.europesays.com\/fr\/wp-json\/wp\/v2\/media?parent=262734"}],"wp:term":[{"taxonomy":"category","embeddable":true,"href":"https:\/\/www.europesays.com\/fr\/wp-json\/wp\/v2\/categories?post=262734"},{"taxonomy":"post_tag","embeddable":true,"href":"https:\/\/www.europesays.com\/fr\/wp-json\/wp\/v2\/tags?post=262734"}],"curies":[{"name":"wp","href":"https:\/\/api.w.org\/{rel}","templated":true}]}}