{"id":262740,"date":"2025-07-21T06:36:11","date_gmt":"2025-07-21T06:36:11","guid":{"rendered":"https:\/\/www.europesays.com\/fr\/262740\/"},"modified":"2025-07-21T06:36:11","modified_gmt":"2025-07-21T06:36:11","slug":"florent-pagny-63-ans-ne-mache-pas-ses-mots-a-propos-de-cette-chanteuse-quil-ne-porte-pas-dans-son-coeur","status":"publish","type":"post","link":"https:\/\/www.europesays.com\/fr\/262740\/","title":{"rendered":"Florent Pagny (63 ans) ne m\u00e2che pas ses mots \u00e0 propos de cette chanteuse qu&rsquo;il ne porte pas dans son c\u0153ur"},"content":{"rendered":"<p>Le conflit entre Florent Pagny et Olivia Ruiz ne date pas d\u2019hier. L\u2019ancien parrain de la Star Academy n\u2019a jamais m\u00e2ch\u00e9 ses mots \u00e0 propos de la chanteuse. Entre critiques ouvertes et blessures assum\u00e9es, retour sur une brouille qui en dit long sur le foss\u00e9 entre deux g\u00e9n\u00e9rations d\u2019artistes \u00e0 la sensibilit\u00e9 bien diff\u00e9rente.<\/p>\n<p>Florent Pagny et Olivia Ruiz, deux figures de la chanson fran\u00e7aise, entretiennent une <strong>relation glaciale <\/strong>depuis plus de vingt ans. D\u00e8s la premi\u00e8re saison de la <strong>Star Academy<\/strong>, un malaise s\u2019installe entre eux. Loin de s\u2019apaiser, cette tension se nourrit d\u2019interventions m\u00e9diatiques marqu\u00e9es par des mots durs. Si Florent Pagny assume ne pas porter Olivia Ruiz dans son c\u0153ur, cette derni\u00e8re avoue souffrir profond\u00e9ment de ces attaques. Cette confrontation entre un <strong>chanteur franc<\/strong> et une <strong>artiste sensible<\/strong> souligne aussi les tensions parfois invisibles qui traversent le monde du spectacle.<\/p>\n<p> \t\t\t  Florent Pagny : une rupture assum\u00e9e avec Olivia Ruiz depuis la Star Academy   Une premi\u00e8re rencontre sous tension d\u00e8s 2001  <\/p>\n<p>En 2001, Olivia Ruiz se fait conna\u00eetre gr\u00e2ce \u00e0 la premi\u00e8re saison de la Star Academy. <a href=\"https:\/\/www.pleinevie.fr\/loisirs\/celebrites\/cetait-devenu-insupportable-florent-pagny-devoile-les-premiers-symptomes-anodins-de-son-cancer-du-poumon-163298.html\" target=\"_blank\" rel=\"noopener nofollow\">Florent Pagny<\/a> actuellement atteint d\u2019un cancer en est le parrain. Lors du premier prime, il d\u00e9couvre une m\u00e9canique de s\u00e9lection qu\u2019il rejette compl\u00e8tement : \u00ab\u00a0J\u2019hallucinais. Je me demandais ce que c\u2019\u00e9tait cette horreur\u2026\u00a0\u00bb, confie-t-il \u00e0 T\u00e9l\u00e9-Loisirs. D\u00e8s ce moment, un <strong>malaise<\/strong> s\u2019installe. Si Olivia Ruiz trace son chemin, Florent Pagny garde un souvenir amer de cette exp\u00e9rience, qui marque selon lui le d\u00e9but d\u2019un \u00e9loignement avec certains <strong>jeunes artistes<\/strong>.<\/p>\n<p>    Des accusations directes contre le comportement d\u2019Olivia Ruiz  <\/p>\n<p>Des ann\u00e9es plus tard, en 2017, Florent Pagny \u00e9voque Olivia Ruiz sans d\u00e9tour. Il la critique pour son attitude distante et son <strong>manque de politesse<\/strong> : \u00ab\u00a0J&rsquo;avais d\u00e9j\u00e0 crois\u00e9 Matt [Pokora, ndlr] sur les plateaux et, contrairement \u00e0 certains artistes de la jeune g\u00e9n\u00e9ration comme Olivia Ruiz ou Julien Dor\u00e9, il est tr\u00e8s poli\u00a0\u00bb. Il poursuit : \u00ab\u00a0Je la vois et elle m&rsquo;\u00e9vite. [\u2026] Je me suis dit : \u2018Oh toi, j&rsquo;ai compris\u2019\u00a0\u00bb. Il conclut : \u00ab\u00a0Je ne l&rsquo;aime pas mais bon, elle me le rend bien\u00a0\u00bb.<\/p>\n<p>  Une rancune assum\u00e9e dans l\u2019\u00e9mission Th\u00e9 ou Caf\u00e9  <\/p>\n<p>Toujours en 2017, Florent Pagny qui vit actuellement dans une <a href=\"https:\/\/www.pleinevie.fr\/loisirs\/celebrites\/florent-pagny-voici-isolee-patagonie-ou-il-se-ressource-avec-sa-femme-azucena-97665.html\" target=\"_blank\" rel=\"noopener nofollow\">maison isol\u00e9e<\/a> s\u2019est montr\u00e9 encore plus tranchant face \u00e0 Catherine Ceylac dans Th\u00e9 ou Caf\u00e9. Il pr\u00e9cise : \u00ab\u00a0C&rsquo;est elle qui a commenc\u00e9, d\u2019ailleurs\u00a0\u00bb. Ces propos renforcent la conviction que ce conflit d\u00e9passe une simple incompr\u00e9hension. Il s\u2019agit d\u2019un <strong>rejet mutuel<\/strong> et assum\u00e9. Pagny ne cherche pas \u00e0 apaiser les tensions, mais \u00e0 clarifier publiquement son ressenti. Il affirme avoir \u00e9t\u00e9 ignor\u00e9 \u00e0 plusieurs reprises par Olivia Ruiz sur diff\u00e9rents plateaux, ce qu\u2019il n\u2019a visiblement jamais dig\u00e9r\u00e9.<\/p>\n<p>     Olivia Ruiz : une artiste bless\u00e9e par l\u2019acharnement m\u00e9diatique   Une hypersensibilit\u00e9 assum\u00e9e face aux critiques  <\/p>\n<p>Interrog\u00e9e en 2017 par l\u2019animatrice <a href=\"https:\/\/www.pleinevie.fr\/loisirs\/celebrites\/faustine-bollaert-46-ans-la-cadence-imposee-est-parfois-lanimatrice-prend-une-grande-decision-qui-va-bouleverser-son-quotidien-159984.html\" target=\"_blank\" rel=\"noopener nofollow\">Faustine Bollaert<\/a> pour Femme actuelle, Olivia Ruiz r\u00e9agit avec \u00e9motion aux propos de Florent Pagny. \u00ab\u00a0\u00c7a a tendance \u00e0 me bouleverser, je suis une hypersensible\u00a0\u00bb, confie-t-elle. Touch\u00e9e personnellement, elle avoue ne pas comprendre cet acharnement : \u00ab\u00a0Florent Pagny, vraiment je n&rsquo;y comprends rien, il s&rsquo;acharne sur mon dos\u00a0\u00bb. Loin de l\u2019ignorer, elle admet que ces <strong>attaques r\u00e9p\u00e9t\u00e9es<\/strong> l\u2019affectent profond\u00e9ment. Une <strong>fragilit\u00e9<\/strong> qu\u2019elle tente de surmonter en adoptant une posture de d\u00e9tachement.<\/p>\n<p>  Un mal-\u00eatre toujours pr\u00e9sent dans l\u2019esprit de la chanteuse  <\/p>\n<p>Bien qu\u2019elle tente de se prot\u00e9ger, Olivia Ruiz ne cache pas que cette <strong>animosit\u00e9<\/strong> la fait souffrir : \u00ab\u00a0Par contre, oui, c&rsquo;est vrai que j&rsquo;y pense, c&rsquo;est douloureux, quoi !\u00a0\u00bb Elle poursuit : \u00ab\u00a0Ma philosophie c&rsquo;est &lsquo;N&rsquo;accorde pas trop d&rsquo;importance \u00e0 cet enfoir\u00e9 qui t&rsquo;a fait du mal\u2019\u00a0\u00bb. Cette d\u00e9claration, \u00e0 la fois poignante et r\u00e9sign\u00e9e, r\u00e9v\u00e8le \u00e0 quel point les <strong>critiques publiques <\/strong>peuvent avoir un impact durable, rappelle <a href=\"https:\/\/actu.voici.fr\/news-people\/olivia-ruiz-fachee-avec-florent-pagny-decouvrez-les-dessous-de-leur-brouille-796496?utm_source=zemanta&amp;utm_medium=cpc&amp;utm_campaign=pmo_voi_article_desktop_desktop_iso_froid_pagny_ruiz_ISODS&amp;utm_term=z1193953402b1_outbrainrtb__www%2Eliberation%2Efr1z&amp;utm_content=www%2Eliberation%2Efr&amp;_z1_adgid=69331941&amp;_z1_caid=193953402&amp;_z1_msid=b1_outbrainrtb&amp;_z1_pub=www%2Eliberation%2Efr&amp;zpbid=67313_8bd8971b-63a4-11f0-aa2a-cd304983236f\" target=\"_blank\" rel=\"noopener nofollow\">Voici<\/a>. Elle illustre aussi la solitude que peuvent ressentir certains artistes malgr\u00e9 leur succ\u00e8s.<\/p>\n<p>     Un diff\u00e9rend symbolique d\u2019une fracture g\u00e9n\u00e9rationnelle ?  <\/p>\n<p>Le conflit entre Florent Pagny et Olivia Ruiz illustre peut-\u00eatre plus largement une fracture entre <strong>deux g\u00e9n\u00e9rations d\u2019artistes<\/strong>. D\u2019un c\u00f4t\u00e9, un chanteur \u00e9tabli, franc et parfois rugueux ; de l\u2019autre, une chanteuse plus discr\u00e8te, hypersensible et marqu\u00e9e par la critique. Si leurs personnalit\u00e9s divergent, leur <strong>confrontation m\u00e9diatique<\/strong> pose la question du respect mutuel dans l\u2019industrie musicale. Ce clash, loin d\u2019\u00eatre un simple malentendu, r\u00e9v\u00e8le un d\u00e9saccord plus profond sur les rapports humains dans ce milieu tr\u00e8s expos\u00e9.<\/p>\n","protected":false},"excerpt":{"rendered":"Le conflit entre Florent Pagny et Olivia Ruiz ne date pas d\u2019hier. L\u2019ancien parrain de la Star Academy&hellip;\n","protected":false},"author":2,"featured_media":262741,"comment_status":"","ping_status":"","sticky":false,"template":"","format":"standard","meta":{"footnotes":""},"categories":[1355],"tags":[1102,10281,58,59,1011,27,1361,873],"class_list":{"0":"post-262740","1":"post","2":"type-post","3":"status-publish","4":"format-standard","5":"has-post-thumbnail","7":"category-musique","8":"tag-breakingnews","9":"tag-buzz-nonli","10":"tag-divertissement","11":"tag-entertainment","12":"tag-fr","13":"tag-france","14":"tag-music","15":"tag-musique"},"share_on_mastodon":{"url":"https:\/\/pubeurope.com\/@fr\/114889843178839235","error":""},"_links":{"self":[{"href":"https:\/\/www.europesays.com\/fr\/wp-json\/wp\/v2\/posts\/262740","targetHints":{"allow":["GET"]}}],"collection":[{"href":"https:\/\/www.europesays.com\/fr\/wp-json\/wp\/v2\/posts"}],"about":[{"href":"https:\/\/www.europesays.com\/fr\/wp-json\/wp\/v2\/types\/post"}],"author":[{"embeddable":true,"href":"https:\/\/www.europesays.com\/fr\/wp-json\/wp\/v2\/users\/2"}],"replies":[{"embeddable":true,"href":"https:\/\/www.europesays.com\/fr\/wp-json\/wp\/v2\/comments?post=262740"}],"version-history":[{"count":0,"href":"https:\/\/www.europesays.com\/fr\/wp-json\/wp\/v2\/posts\/262740\/revisions"}],"wp:featuredmedia":[{"embeddable":true,"href":"https:\/\/www.europesays.com\/fr\/wp-json\/wp\/v2\/media\/262741"}],"wp:attachment":[{"href":"https:\/\/www.europesays.com\/fr\/wp-json\/wp\/v2\/media?parent=262740"}],"wp:term":[{"taxonomy":"category","embeddable":true,"href":"https:\/\/www.europesays.com\/fr\/wp-json\/wp\/v2\/categories?post=262740"},{"taxonomy":"post_tag","embeddable":true,"href":"https:\/\/www.europesays.com\/fr\/wp-json\/wp\/v2\/tags?post=262740"}],"curies":[{"name":"wp","href":"https:\/\/api.w.org\/{rel}","templated":true}]}}