{"id":262742,"date":"2025-07-21T06:38:13","date_gmt":"2025-07-21T06:38:13","guid":{"rendered":"https:\/\/www.europesays.com\/fr\/262742\/"},"modified":"2025-07-21T06:38:13","modified_gmt":"2025-07-21T06:38:13","slug":"trailer-aux-allures-de-grand-nimporte-quoi","status":"publish","type":"post","link":"https:\/\/www.europesays.com\/fr\/262742\/","title":{"rendered":"trailer aux allures de grand n&rsquo;importe quoi"},"content":{"rendered":"<p>On l\u2019avait presque oubli\u00e9, dans un planning charg\u00e9 en suite, remake ou reboot. Alors que les licences sont omnipr\u00e9sentes au cin\u00e9ma cette ann\u00e9e, une autre estampille c\u00e9l\u00e8bre se pr\u00e9pare \u00e0 reprendre du service. Quatre ans apr\u00e8s le premier film r\u00e9alis\u00e9 par Simon McQuoid, Mortal Kombat II veut frapper fort avec un d\u00e9luge d\u2019effets visuels, des combats muscl\u00e9s et une bonne dose d\u2019humour un peu lourdingue. C\u2019est aussi la premi\u00e8re fois au sein de cette franchise reboot\u00e9 que l\u2019un des personnages les plus embl\u00e9matiques de Mortal Kombat fait son entr\u00e9e. Johnny Cage est dans les starting-blocks et ajoute encore un peu de kitch \u00e0 la proposition.<\/p>\n<p>L\u2019histoire \u00e9voluera autour d\u2019un tournoi ultime entre des champions de tous horizons. Il s\u2019agira principalement de suivre <strong>Johnny Cage<\/strong>, <strong>acteur injustement accus\u00e9 de faire appel \u00e0 des doublures<\/strong> pour ses sc\u00e8nes de combat. Vedette sur le retour, il est propuls\u00e9 dans un monde qu\u2019il ne conna\u00eet pas et doit affronter des combattants dot\u00e9s de pouvoir. S\u2019il remporte le tournoi, il a une <strong>chance de renverser Shao Kahn<\/strong>, un tyran qui menace l\u2019existence m\u00eame d\u2019Earthrealm et de ses partisans.<\/p>\n<p> Karl Urban en roue libre <\/p>\n<p>Pour camper Johnny Cage, personnage inspir\u00e9 du Frank Dux de Jean-Claude Van Damme, Warner Bros a recrut\u00e9 un acteur qui n\u2019a pas la langue dans sa poche et pas peur du ridicule. C\u2019est <strong>Karl Urban<\/strong> qui porte le film r\u00e9alis\u00e9 par McQuoid. Le N\u00e9o-Z\u00e9landais de 53 ans ne sera pas seul dans cette aventure, puisqu\u2019il donnera la r\u00e9plique \u00e0 <strong>Tati Gabrielle, Adeline Rudolph, Desmond Chiam et Lewis Tan<\/strong>. Le tyrannique Shao Kahn sera camp\u00e9 par Martyn Ford, culturiste anglais que l\u2019on a vu dans Fast and Furious 9.<\/p>\n<p>Le film sortira au cin\u00e9ma le<strong> 22 octobre prochain<\/strong> et sera une occasion pour Warner Bros d\u2019\u00e9valuer l\u2019attrait du public pour les propositions du genre. En effet, Mortal Kombat premier du nom n\u2019a pas pu montrer l\u2019\u00e9tendue de ses talents \u00e0 sa sortie en 2021. Il compte parmi les films ayant profit\u00e9 d\u2019une double diffusion, au cin\u00e9ma et sur HBO Max \u00e0 sa sortie. Cette strat\u00e9gie, d\u00e9cri\u00e9e et depuis abandonn\u00e9e, avait largement entach\u00e9 sa capacit\u00e9 \u00e0 faire des recettes au box-office mondial. Il n\u2019avait rapport\u00e9 que<strong> 84 millions de dollars<\/strong> sur la sc\u00e8ne mondiale. <strong>Un bide<\/strong> compte tenu de son budget de 55 millions.<\/p>\n<\/p>\n<p>    <a href=\"https:\/\/www.youtube.com\/user\/JournalduGeek?sub_confirmation=1\" target=\"_blank\" rel=\"nofollow noopener\"><br \/>\n        S&rsquo;abonner \u00e0 Journal du Geek<br \/>\n    <\/a> <\/p>\n<p>Si HBO Max n\u2019a pas communiqu\u00e9 sur les audiences du film \u00e0 sa sortie, elles ont d\u00fb \u00eatre suffisantes pour justifier la mise en chantier de cette suite. Reste \u00e0 voir maintenant si, alors que le box-office n\u2019est pas tendre cette ann\u00e9e, Mortal Kombat II finira au tapis ou sur la premi\u00e8re marche du podium.<\/p>\n<blockquote>\n<p class=\"text-base text-neutral-700 dark:text-neutral-300\">\ud83d\udfe3 Pour ne manquer aucune news sur le Journal du Geek, abonnez-vous sur <a href=\"https:\/\/news.google.com\/publications\/CAAqBwgKMNr_hAswwYyCAw?hl=fr&amp;gl=FR&amp;ceid=FR%3Afr\" target=\"_blank\" rel=\"nofollow noopener\">Google Actualit\u00e9s<\/a> et sur <a href=\"https:\/\/whatsapp.com\/channel\/0029VaClM5y4tRry12tb7D2h\" target=\"_blank\" rel=\"nofollow noopener\">notre WhatsApp<\/a>. Et si vous nous adorez, on a <a href=\"https:\/\/www.journaldugeek.com\/newsletter\/\" target=\"_blank\" rel=\"nofollow noopener\">une newsletter tous les matins<\/a>.<\/p>\n<\/blockquote>\n","protected":false},"excerpt":{"rendered":"On l\u2019avait presque oubli\u00e9, dans un planning charg\u00e9 en suite, remake ou reboot. Alors que les licences sont&hellip;\n","protected":false},"author":2,"featured_media":262743,"comment_status":"","ping_status":"","sticky":false,"template":"","format":"standard","meta":{"footnotes":""},"categories":[1354],"tags":[58,59,1346,1011,27,40243,1360,5523],"class_list":{"0":"post-262742","1":"post","2":"type-post","3":"status-publish","4":"format-standard","5":"has-post-thumbnail","7":"category-films","8":"tag-divertissement","9":"tag-entertainment","10":"tag-films","11":"tag-fr","12":"tag-france","13":"tag-mortal-kombat","14":"tag-movies","15":"tag-warner-bros"},"share_on_mastodon":{"url":"https:\/\/pubeurope.com\/@fr\/114889851083235694","error":""},"_links":{"self":[{"href":"https:\/\/www.europesays.com\/fr\/wp-json\/wp\/v2\/posts\/262742","targetHints":{"allow":["GET"]}}],"collection":[{"href":"https:\/\/www.europesays.com\/fr\/wp-json\/wp\/v2\/posts"}],"about":[{"href":"https:\/\/www.europesays.com\/fr\/wp-json\/wp\/v2\/types\/post"}],"author":[{"embeddable":true,"href":"https:\/\/www.europesays.com\/fr\/wp-json\/wp\/v2\/users\/2"}],"replies":[{"embeddable":true,"href":"https:\/\/www.europesays.com\/fr\/wp-json\/wp\/v2\/comments?post=262742"}],"version-history":[{"count":0,"href":"https:\/\/www.europesays.com\/fr\/wp-json\/wp\/v2\/posts\/262742\/revisions"}],"wp:featuredmedia":[{"embeddable":true,"href":"https:\/\/www.europesays.com\/fr\/wp-json\/wp\/v2\/media\/262743"}],"wp:attachment":[{"href":"https:\/\/www.europesays.com\/fr\/wp-json\/wp\/v2\/media?parent=262742"}],"wp:term":[{"taxonomy":"category","embeddable":true,"href":"https:\/\/www.europesays.com\/fr\/wp-json\/wp\/v2\/categories?post=262742"},{"taxonomy":"post_tag","embeddable":true,"href":"https:\/\/www.europesays.com\/fr\/wp-json\/wp\/v2\/tags?post=262742"}],"curies":[{"name":"wp","href":"https:\/\/api.w.org\/{rel}","templated":true}]}}