{"id":262744,"date":"2025-07-21T06:39:11","date_gmt":"2025-07-21T06:39:11","guid":{"rendered":"https:\/\/www.europesays.com\/fr\/262744\/"},"modified":"2025-07-21T06:39:11","modified_gmt":"2025-07-21T06:39:11","slug":"une-therapie-genique-restaure-laudition-chez-les-patients-sourds-en-quelques-semaines-apres-une-seule-injection","status":"publish","type":"post","link":"https:\/\/www.europesays.com\/fr\/262744\/","title":{"rendered":"Une th\u00e9rapie g\u00e9nique restaure l&rsquo;audition chez les patients sourds en quelques semaines apr\u00e8s une seule injection !"},"content":{"rendered":"<p data-start=\"297\" data-end=\"946\"><strong>La surdit\u00e9 g\u00e9n\u00e9tique est<br \/>\nun handicap sensoriel qui affecte des centaines de milliers de<br \/>\npersonnes dans le monde, souvent d\u00e8s la <a href=\"https:\/\/sciencepost.fr\/le-champignon-responsable-de-la-malediction-de-toutankhamon-pourrait-donner-naissance-a-un-puissant-medicament-contre-la-leucemie\/\" target=\"_blank\" rel=\"noopener nofollow\">naissance<\/a>. Jusqu\u2019\u00e0 pr\u00e9sent, les<br \/>\nsolutions th\u00e9rapeutiques restaient limit\u00e9es \u00e0 des aides auditives<br \/>\nou des implants cochl\u00e9aires, qui am\u00e9liorent certes la perception<br \/>\nsonore, mais ne r\u00e9parent pas la cause sous-jacente. Aujourd\u2019hui,<br \/>\nune avanc\u00e9e scientifique majeure ouvre une nouvelle \u00e8re : la<br \/>\nth\u00e9rapie g\u00e9nique permet non seulement de traiter des enfants, mais<br \/>\naussi des adolescents et des adultes atteints d\u2019une forme<br \/>\nsp\u00e9cifique de surdit\u00e9 g\u00e9n\u00e9tique, en restaurant v\u00e9ritablement leur<br \/>\ncapacit\u00e9 \u00e0 entendre.<\/strong><\/p>\n<p><strong data-start=\"953\" data-end=\"994\">Un g\u00e8ne cl\u00e9, une mutation invalidante<\/strong><\/p>\n<p data-start=\"953\" data-end=\"1558\">Au centre de cette innovation<br \/>\nse trouve le g\u00e8ne OTOF, responsable de la production d\u2019une prot\u00e9ine<br \/>\nessentielle \u00e0 la transmission des signaux sonores de l\u2019oreille<br \/>\ninterne vers le cerveau. Ce g\u00e8ne joue un r\u00f4le fondamental dans la<br \/>\ncommunication neuronale auditive. Lorsqu\u2019il est mut\u00e9, la<br \/>\ntransmission des informations auditives est interrompue, ce qui<br \/>\nrend la personne sourde malgr\u00e9 la pr\u00e9sence intacte des structures<br \/>\ncochl\u00e9aires. Cette forme de surdit\u00e9 est rare mais d\u00e9vastatrice, car<br \/>\nelle emp\u00eache la perception des sons d\u00e8s la naissance ou tr\u00e8s t\u00f4t<br \/>\ndans la vie.<\/p>\n<p data-start=\"1560\" data-end=\"1904\">Ce handicap est souvent<br \/>\ndiagnostiqu\u00e9 chez les jeunes enfants, ce qui limite jusqu\u2019ici les<br \/>\ninterventions \u00e0 des solutions externes, sans possibilit\u00e9 de gu\u00e9rir<br \/>\nla cause g\u00e9n\u00e9tique. La nouveaut\u00e9 est que la th\u00e9rapie g\u00e9nique permet<br \/>\nmaintenant d\u2019agir directement sur le d\u00e9faut g\u00e9n\u00e9tique responsable,<br \/>\nce qui pourrait changer radicalement le pronostic.<\/p>\n<p><strong data-start=\"1911\" data-end=\"1963\">Une m\u00e9thode novatrice bas\u00e9e sur un virus<br \/>\nmodifi\u00e9<\/strong><\/p>\n<p data-start=\"1911\" data-end=\"2413\">Pour r\u00e9parer ce g\u00e8ne<br \/>\nd\u00e9faillant, les chercheurs ont recours \u00e0 un vecteur viral<br \/>\nparticuli\u00e8rement adapt\u00e9 : le virus ad\u00e9no-associ\u00e9 (AAV). Ce virus<br \/>\nest modifi\u00e9 pour transporter une copie saine du g\u00e8ne OTOF sans<br \/>\nprovoquer de maladie. Inject\u00e9 directement dans l\u2019oreille interne,<br \/>\nplus pr\u00e9cis\u00e9ment \u00e0 travers une membrane \u00e0 la base de la cochl\u00e9e, il<br \/>\npermet aux cellules auditives de produire la prot\u00e9ine fonctionnelle<br \/>\nn\u00e9cessaire \u00e0 la transmission du son.<\/p>\n<p data-start=\"2415\" data-end=\"2786\">Cette injection unique est un<br \/>\nexploit technique, car la cochl\u00e9e est une structure d\u00e9licate et<br \/>\ndifficile d\u2019acc\u00e8s, en particulier chez l\u2019humain. De plus, cette<br \/>\nproc\u00e9dure n\u2019avait jamais \u00e9t\u00e9 test\u00e9e chez des adolescents ou des<br \/>\nadultes, ce qui constituait un d\u00e9fi suppl\u00e9mentaire li\u00e9 \u00e0 la<br \/>\nplasticit\u00e9 neuronale et \u00e0 la possible d\u00e9g\u00e9n\u00e9rescence des cellules<br \/>\nauditives avec l\u2019\u00e2ge.<\/p>\n<p><strong data-start=\"2793\" data-end=\"2856\">Des r\u00e9sultats encourageants chez des patients de 1<br \/>\n\u00e0 24 ans<\/strong><\/p>\n<p data-start=\"2793\" data-end=\"3140\"><a href=\"https:\/\/www.nature.com\/articles\/s41591-025-03773-w\" target=\"_blank\" rel=\"noopener nofollow\">L\u2019\u00e9tude clinique<\/a>, men\u00e9e dans cinq<br \/>\nh\u00f4pitaux en Chine, a r\u00e9uni dix patients pr\u00e9sentant une surdit\u00e9<br \/>\ns\u00e9v\u00e8re ou cong\u00e9nitale li\u00e9e \u00e0 la mutation d\u2019OTOF. Les \u00e2ges des<br \/>\nparticipants variaient de 1 \u00e0 24 ans, permettant ainsi d\u2019\u00e9valuer la<br \/>\nport\u00e9e du traitement sur diff\u00e9rentes tranches d\u2019\u00e2ge.<\/p>\n<p data-start=\"3142\" data-end=\"3637\">Les r\u00e9sultats ont \u00e9t\u00e9<br \/>\nrapidement visibles : d\u00e8s un mois apr\u00e8s la th\u00e9rapie, la plupart des<br \/>\npatients ont commenc\u00e9 \u00e0 percevoir des sons, ce qui t\u00e9moigne d\u2019une<br \/>\nrestauration fonctionnelle rapide. Au fil des six mois suivants,<br \/>\ncette am\u00e9lioration s\u2019est renforc\u00e9e, avec une nette baisse du seuil<br \/>\nauditif moyen, passant de 106 d\u00e9cibels (niveau tr\u00e8s \u00e9lev\u00e9,<br \/>\ndifficilement supportable) \u00e0 52 d\u00e9cibels, un volume plus proche<br \/>\nd\u2019un environnement sonore naturel et confortable, comparable au<br \/>\nbruit de la pluie.<\/p>\n<p data-start=\"3639\" data-end=\"4066\">Ce succ\u00e8s fut particuli\u00e8rement<br \/>\nnotable chez les jeunes enfants, \u00e2g\u00e9s de 5 \u00e0 8 ans, qui ont montr\u00e9<br \/>\nune tr\u00e8s bonne r\u00e9ponse au traitement. Toutefois, la th\u00e9rapie a<br \/>\n\u00e9galement \u00e9t\u00e9 efficace chez deux patients plus \u00e2g\u00e9s, de 14 et 24<br \/>\nans, ce qui d\u00e9montre que la fen\u00eatre th\u00e9rapeutique peut \u00eatre plus<br \/>\nlarge que ce que l\u2019on pensait, offrant de l\u2019espoir aux adolescents<br \/>\net adultes qui \u00e9taient jusqu\u2019ici exclus de ce type<br \/>\nd\u2019interventions.<\/p>\n<p><img loading=\"lazy\" data-lazyloaded=\"1\" decoding=\"async\" class=\"size-full wp-image-312899\" src=\"https:\/\/www.europesays.com\/fr\/wp-content\/uploads\/2025\/07\/iStock-2160275016.jpg\" alt=\"sourd surdit\u00e9 th\u00e9rapie g\u00e9nique\" width=\"1254\" height=\"836\"  data-\/><\/p>\n<p class=\"istock-credit\" style=\"text-align:center\">Cr\u00e9dit :<br \/>\niStock<\/p>\n<p>Cr\u00e9dits : Evgeniya Markina\/istock<strong data-start=\"4073\" data-end=\"4112\">Tol\u00e9rance et s\u00e9curit\u00e9 du traitement<\/strong><\/p>\n<p data-start=\"4073\" data-end=\"4473\">La s\u00e9curit\u00e9 est une<br \/>\npr\u00e9occupation majeure dans toute th\u00e9rapie g\u00e9nique, notamment<br \/>\nlorsqu\u2019elle implique une injection dans une zone aussi sensible que<br \/>\nl\u2019oreille interne. Pendant la p\u00e9riode de suivi d\u2019un an, aucun effet<br \/>\nsecondaire grave n\u2019a \u00e9t\u00e9 rapport\u00e9 chez les participants, ce qui est<br \/>\nun signe tr\u00e8s encourageant pour la poursuite du d\u00e9veloppement<br \/>\nclinique.<\/p>\n<p data-start=\"4475\" data-end=\"4753\">Cette bonne tol\u00e9rance renforce<br \/>\nla confiance des chercheurs et des m\u00e9decins dans le potentiel de<br \/>\ncette approche. Elle ouvre aussi la voie \u00e0 des essais plus larges,<br \/>\nn\u00e9cessaires pour confirmer la durabilit\u00e9 des r\u00e9sultats et la<br \/>\ng\u00e9n\u00e9ralisation du traitement \u00e0 d\u2019autres populations.<\/p>\n<p><strong data-start=\"4760\" data-end=\"4821\">Vers un traitement des autres formes de surdit\u00e9<br \/>\ng\u00e9n\u00e9tique<\/strong><\/p>\n<p data-start=\"4760\" data-end=\"5067\">Si l\u2019\u00e9tude se concentre sur la<br \/>\nmutation d\u2019OTOF, les chercheurs ne s\u2019arr\u00eatent pas l\u00e0. D\u2019autres<br \/>\nformes de surdit\u00e9 g\u00e9n\u00e9tique, caus\u00e9es par des mutations dans des<br \/>\ng\u00e8nes comme GJB2 ou TMC1, sont plus fr\u00e9quentes mais aussi plus<br \/>\ncomplexes \u00e0 traiter.<\/p>\n<p data-start=\"5069\" data-end=\"5397\">Ces g\u00e8nes interviennent dans<br \/>\ndiff\u00e9rents m\u00e9canismes cellulaires de l\u2019audition, ce qui n\u00e9cessite<br \/>\ndes techniques g\u00e9n\u00e9tiques plus sophistiqu\u00e9es et adapt\u00e9es. Les<br \/>\nr\u00e9sultats obtenus jusqu\u2019ici sur des mod\u00e8les animaux sont<br \/>\nprometteurs, laissant entrevoir la possibilit\u00e9 d\u2019\u00e9tendre la<br \/>\nth\u00e9rapie g\u00e9nique \u00e0 un plus grand nombre de patients.<\/p>\n<p data-start=\"5399\" data-end=\"5758\">Cette perspective est d\u2019autant<br \/>\nplus enthousiasmante que la surdit\u00e9 g\u00e9n\u00e9tique affecte des millions<br \/>\nde personnes dans le monde, souvent sans solution curative. Le<br \/>\nsucc\u00e8s de la th\u00e9rapie OTOF pourrait donc ouvrir la voie \u00e0 une<br \/>\nnouvelle \u00e8re o\u00f9 la restauration de l\u2019audition devient possible pour<br \/>\ndiverses causes g\u00e9n\u00e9tiques, gr\u00e2ce \u00e0 des traitements<br \/>\npersonnalis\u00e9s.<\/p>\n","protected":false},"excerpt":{"rendered":"La surdit\u00e9 g\u00e9n\u00e9tique est un handicap sensoriel qui affecte des centaines de milliers de personnes dans le monde,&hellip;\n","protected":false},"author":2,"featured_media":262745,"comment_status":"","ping_status":"","sticky":false,"template":"","format":"standard","meta":{"footnotes":""},"categories":[10],"tags":[1011,27,72,71],"class_list":{"0":"post-262744","1":"post","2":"type-post","3":"status-publish","4":"format-standard","5":"has-post-thumbnail","7":"category-sante","8":"tag-fr","9":"tag-france","10":"tag-health","11":"tag-sante"},"share_on_mastodon":{"url":"https:\/\/pubeurope.com\/@fr\/114889855122681067","error":""},"_links":{"self":[{"href":"https:\/\/www.europesays.com\/fr\/wp-json\/wp\/v2\/posts\/262744","targetHints":{"allow":["GET"]}}],"collection":[{"href":"https:\/\/www.europesays.com\/fr\/wp-json\/wp\/v2\/posts"}],"about":[{"href":"https:\/\/www.europesays.com\/fr\/wp-json\/wp\/v2\/types\/post"}],"author":[{"embeddable":true,"href":"https:\/\/www.europesays.com\/fr\/wp-json\/wp\/v2\/users\/2"}],"replies":[{"embeddable":true,"href":"https:\/\/www.europesays.com\/fr\/wp-json\/wp\/v2\/comments?post=262744"}],"version-history":[{"count":0,"href":"https:\/\/www.europesays.com\/fr\/wp-json\/wp\/v2\/posts\/262744\/revisions"}],"wp:featuredmedia":[{"embeddable":true,"href":"https:\/\/www.europesays.com\/fr\/wp-json\/wp\/v2\/media\/262745"}],"wp:attachment":[{"href":"https:\/\/www.europesays.com\/fr\/wp-json\/wp\/v2\/media?parent=262744"}],"wp:term":[{"taxonomy":"category","embeddable":true,"href":"https:\/\/www.europesays.com\/fr\/wp-json\/wp\/v2\/categories?post=262744"},{"taxonomy":"post_tag","embeddable":true,"href":"https:\/\/www.europesays.com\/fr\/wp-json\/wp\/v2\/tags?post=262744"}],"curies":[{"name":"wp","href":"https:\/\/api.w.org\/{rel}","templated":true}]}}