{"id":262746,"date":"2025-07-21T06:40:12","date_gmt":"2025-07-21T06:40:12","guid":{"rendered":"https:\/\/www.europesays.com\/fr\/262746\/"},"modified":"2025-07-21T06:40:12","modified_gmt":"2025-07-21T06:40:12","slug":"le-roi-scheffler-boisson-sacree-les-bleues-demoralisantes-en-images-nos-tops-et-flops-du-week-end-sport-le-figaro","status":"publish","type":"post","link":"https:\/\/www.europesays.com\/fr\/262746\/","title":{"rendered":"Le roi Scheffler, Boisson sacr\u00e9e, les Bleues d\u00e9moralisantes&#8230; En images, nos tops et flops du week-end sport &#8211; Le Figaro"},"content":{"rendered":"<ol>\n<li><a href=\"https:\/\/news.google.com\/rss\/articles\/CBMi4gFBVV95cUxONkljRjlKal9FVUZyUldXZGlkQzZodXoxcmpibEt1VHFKQndUTVhrb0JUbUx6akwtYkRrcWlBcUVPZm5Pd3FkMExJWVF1eW9FaXRXTk5tWkQ1RTFpQlVhcWJKZGxXZVc3RVRCd3hpb25JSWFobzJfM2g3MEl6X3VqMnQ2eDJzbTRRQVhoelVMclRWX0pkNEl5bG9XTm8xaEJqMVRVeWdxbnVBQlZ2Mm1WZVdQYmwzck1XTWd0eEVqbXlJM2Q3XzFZY0JLamQ0aTJ1emlTVVQ2d01ac1pYYmdSQ2tB?oc=5\" target=\"_blank\" rel=\"noopener\">Le roi Scheffler, Boisson sacr\u00e9e, les Bleues d\u00e9moralisantes&#8230; En images, nos tops et flops du week-end sport<\/a>&nbsp;&nbsp;Le Figaro<\/li>\n<li><a href=\"https:\/\/news.google.com\/rss\/articles\/CBMijAJBVV95cUxQRjBrOUIxekd1NXByNjBlT3pEaGhqODVLTmVpV2FBRjZYODhCNkxIc1hwNTExemVVRzdWSkwtM2pmNTFmRXEzam94dWoyQVpuS0ZTWW1ZZzBLQlduZ3ZMcnhaMThacE82UG5zd2NPaTF2MlVURlRvSFNES0QzZUkwRFdPQXNuRzBpQUxwb1dFMG9mU04xYmp2WWlfYjByMlRuVjVEZEFMOTRfYjBiQUxBSjhLNy1Ka256bkp6WENrblFKeXQ2c1lNaG5vUzl4UFVhVWdJY3VHdGtLdFRnTkdJZUM4dzg4TXptZ1lBNlhpS012bmhFY29yaEF1TXFFWHFtVXFiTUcxNnNGY19B?oc=5\" target=\"_blank\" rel=\"noopener\">Tadej Pogacar toujours en jaune, les Bleues encore \u00e9limin\u00e9es en quarts, Lo\u00efs Boisson s&rsquo;offre un premier sacre&#8230; Le r\u00e9cap sport du week-end<\/a>&nbsp;&nbsp;France Info<\/li>\n<li><a href=\"https:\/\/news.google.com\/rss\/articles\/CBMiwwFBVV95cUxNNjBtZTQ4OFdOX3ZGa0ptQi1xQzhrOGV1LTFKU01mVi0ydGQxSklMTEhZYXIyWmJfRjJzN3ZSWnhYTmpaYzVNNWNJdGZKc2tQOVdwT2h0ZTJUeEpNUWluSzkzRGR0V3J5OERJdDJBZUs3Q0haZ0JBNC1lYk1nZ3ZkU1ctX25OSlZ4SDdnRnlVeVRNSzNfbDc1dFd4dmI0MWtqaThpUUg0Y1BjTGloblg1eVJXZTZBcmlwa3JlQVZWTzBfa2c?oc=5\" target=\"_blank\" rel=\"noopener\">Les Bleues, Boisson, Scheffler : le r\u00e9cap&rsquo; de ce qui s&rsquo;est pass\u00e9 ce week-end<\/a>&nbsp;&nbsp;L&rsquo;\u00c9quipe<\/li>\n<li><a href=\"https:\/\/news.google.com\/rss\/articles\/CBMiW0FVX3lxTE11QW9nRW9RQmhTTTBzX25WdkFWblV2N2poMWRzb1FOUzFZeXMzZjZuLVBYUTEyTEYyLTB0amFiMC0zZlhxcTlXZmlNaDdmOUNQSzdHMm9NMUV0U3M?oc=5\" target=\"_blank\" rel=\"noopener\">Podcast: Le r\u00e9sum\u00e9 du week-end avec le Journal du Sport<\/a>&nbsp;&nbsp;RTL Infos &#8211; Home<\/li>\n<\/ol>\n","protected":false},"excerpt":{"rendered":"Le roi Scheffler, Boisson sacr\u00e9e, les Bleues d\u00e9moralisantes&#8230; En images, nos tops et flops du week-end sport&nbsp;&nbsp;Le Figaro&hellip;\n","protected":false},"author":2,"featured_media":262747,"comment_status":"","ping_status":"","sticky":false,"template":"","format":"standard","meta":{"footnotes":""},"categories":[9],"tags":[1011,27,10535,1461,60,1138],"class_list":{"0":"post-262746","1":"post","2":"type-post","3":"status-publish","4":"format-standard","5":"has-post-thumbnail","7":"category-sports","8":"tag-fr","9":"tag-france","10":"tag-lois-boisson","11":"tag-marc-marquez","12":"tag-sports","13":"tag-tadej-pogacar"},"share_on_mastodon":{"url":"https:\/\/pubeurope.com\/@fr\/114889859000687844","error":""},"_links":{"self":[{"href":"https:\/\/www.europesays.com\/fr\/wp-json\/wp\/v2\/posts\/262746","targetHints":{"allow":["GET"]}}],"collection":[{"href":"https:\/\/www.europesays.com\/fr\/wp-json\/wp\/v2\/posts"}],"about":[{"href":"https:\/\/www.europesays.com\/fr\/wp-json\/wp\/v2\/types\/post"}],"author":[{"embeddable":true,"href":"https:\/\/www.europesays.com\/fr\/wp-json\/wp\/v2\/users\/2"}],"replies":[{"embeddable":true,"href":"https:\/\/www.europesays.com\/fr\/wp-json\/wp\/v2\/comments?post=262746"}],"version-history":[{"count":0,"href":"https:\/\/www.europesays.com\/fr\/wp-json\/wp\/v2\/posts\/262746\/revisions"}],"wp:featuredmedia":[{"embeddable":true,"href":"https:\/\/www.europesays.com\/fr\/wp-json\/wp\/v2\/media\/262747"}],"wp:attachment":[{"href":"https:\/\/www.europesays.com\/fr\/wp-json\/wp\/v2\/media?parent=262746"}],"wp:term":[{"taxonomy":"category","embeddable":true,"href":"https:\/\/www.europesays.com\/fr\/wp-json\/wp\/v2\/categories?post=262746"},{"taxonomy":"post_tag","embeddable":true,"href":"https:\/\/www.europesays.com\/fr\/wp-json\/wp\/v2\/tags?post=262746"}],"curies":[{"name":"wp","href":"https:\/\/api.w.org\/{rel}","templated":true}]}}