{"id":262749,"date":"2025-07-21T06:42:12","date_gmt":"2025-07-21T06:42:12","guid":{"rendered":"https:\/\/www.europesays.com\/fr\/262749\/"},"modified":"2025-07-21T06:42:12","modified_gmt":"2025-07-21T06:42:12","slug":"un-tresor-inegale-cette-decouverte-dun-mega-gisement-dor-pourrait-renverser-leconomie-mondiale-avec-ses-tonnes-de-metal-precieux-pretes-a-etre-extraites","status":"publish","type":"post","link":"https:\/\/www.europesays.com\/fr\/262749\/","title":{"rendered":"\u00ab Un tr\u00e9sor in\u00e9gal\u00e9 \u00bb : cette d\u00e9couverte d&rsquo;un m\u00e9ga-gisement d&rsquo;or pourrait renverser l&rsquo;\u00e9conomie mondiale avec ses tonnes de m\u00e9tal pr\u00e9cieux pr\u00eates \u00e0 \u00eatre extraites"},"content":{"rendered":"<tr>\n<td><strong>EN BREF<\/strong><\/td>\n<\/tr>\n<tr>\n<td>\n<ul>\n<li>\ud83c\udf0d La d\u00e9couverte d\u2019un gisement d\u2019or \u00e0 Hawa\u00ef pourrait <strong>transformer<\/strong> l\u2019\u00e9conomie mondiale.<\/li>\n<li>\ud83d\udd0d Le lien g\u00e9ologique entre le <strong>ruth\u00e9nium<\/strong> et l\u2019or renforce la probabilit\u00e9 de trouver ce m\u00e9tal pr\u00e9cieux sur l\u2019\u00eele.<\/li>\n<li>\u23f3 Bien que l\u2019or soit encore inaccessible, il pourrait devenir aussi <strong>commun<\/strong> que le fer \u00e0 l\u2019avenir.<\/li>\n<li>\ud83c\udf31 Les d\u00e9fis environnementaux et sociaux pos\u00e9s par l\u2019extraction future n\u00e9cessitent une approche <strong>durable<\/strong> et responsable.<\/li>\n<\/ul>\n<\/td>\n<\/tr>\n<p>L\u2019or, m\u00e9tal pr\u00e9cieux par excellence, continue de fasciner les civilisations \u00e0 travers les \u00e2ges. Sa d\u00e9couverte sur l\u2019\u00eele d\u2019Hawa\u00ef pourrait bien bouleverser les dynamiques \u00e9conomiques et sociales \u00e0 l\u2019\u00e9chelle mondiale. Ce potentiel gisement, au-del\u00e0 de ses promesses de richesse, pose \u00e9galement des d\u00e9fis environnementaux et sociaux importants. L\u2019analyse des roches basaltiques de l\u2019\u00eele a r\u00e9v\u00e9l\u00e9 la pr\u00e9sence de ruth\u00e9nium et de tungst\u00e8ne, des indicateurs potentiels de l\u2019existence de gisements aurif\u00e8res. Que signifie cette d\u00e9couverte pour l\u2019avenir de l\u2019or et son statut de m\u00e9tal pr\u00e9cieux ?<\/p>\n<p>De la pr\u00e9sence de ruth\u00e9nium \u00e0 la d\u00e9couverte de l\u2019or<\/p>\n<p>Le ruth\u00e9nium, bien que moins connu que l\u2019or, joue un r\u00f4le crucial dans la d\u00e9tection de gisements aurif\u00e8res. <strong>La pr\u00e9sence simultan\u00e9e de ruth\u00e9nium et d\u2019or dans les m\u00eames gisements<\/strong> est un ph\u00e9nom\u00e8ne g\u00e9ologique bien document\u00e9. Les scientifiques ont observ\u00e9 une concentration significative de ruth\u00e9nium dans les roches basaltiques d\u2019Hawa\u00ef, ce qui sugg\u00e8re la pr\u00e9sence potentielle d\u2019or. Cette corr\u00e9lation repose sur des processus g\u00e9ologiques complexes o\u00f9 les m\u00e9taux pr\u00e9cieux migrent progressivement de la profondeur du noyau terrestre vers la surface. La d\u00e9couverte de ruth\u00e9nium renforce ainsi l\u2019hypoth\u00e8se d\u2019une richesse aurif\u00e8re sous la cro\u00fbte hawa\u00efenne.<\/p>\n<p>Les experts estiment que ces roches proviennent de r\u00e9gions du noyau terrestre o\u00f9 l\u2019or pourrait \u00eatre pr\u00e9sent en abondance. La confirmation de l\u2019existence de cet or pourrait transformer radicalement l\u2019\u00e9conomie locale et mondiale, en offrant \u00e0 Hawa\u00ef une position strat\u00e9gique unique dans la production de ce m\u00e9tal pr\u00e9cieux. Toutefois, l\u2019exploitation de ce gisement n\u00e9cessite encore des avanc\u00e9es technologiques significatives pour atteindre les ressources enfouies en profondeur. Cette d\u00e9couverte nous invite \u00e0 reconsid\u00e9rer notre rapport \u00e0 l\u2019or et \u00e0 envisager un futur o\u00f9 ce m\u00e9tal pourrait devenir plus commun.<\/p>\n<blockquote class=\"wp-embedded-content\" data-secret=\"zZ3pRPSGVF\">\n<p><a href=\"https:\/\/www.lejournaleconomique.com\/2025\/05\/05\/panne-en-espagne-faut-il-repenser-nos-systemes-electriques\/\" target=\"_blank\" rel=\"noopener\">Panne en Espagne : faut-il repenser nos syst\u00e8mes \u00e9lectriques ?<\/a><\/p>\n<\/blockquote>\n<p>Une r\u00e9serve d\u2019or encore largement inexploitable<\/p>\n<p>Les estimations des scientifiques sugg\u00e8rent que <strong>99,99 % de l\u2019or terrestre est encore enfoui<\/strong> au sein de notre plan\u00e8te. Les quantit\u00e9s envisag\u00e9es sont si colossales qu\u2019elles pourraient recouvrir la surface terrestre d\u2019une couche d\u2019environ 0,46 m\u00e8tre d\u2019\u00e9paisseur. Cependant, cet or demeure pour l\u2019instant inaccessible, cach\u00e9 dans les profondeurs du noyau terrestre. L\u2019id\u00e9e qu\u2019un jour l\u2019or puisse \u00eatre aussi courant que le fer ou l\u2019aluminium reste hypoth\u00e9tique, mais elle ouvre des perspectives fascinantes pour les g\u00e9n\u00e9rations futures. Cette abondance potentielle pourrait red\u00e9finir la valeur et la raret\u00e9 de l\u2019or, actuellement per\u00e7u comme un symbole de richesse et de pouvoir.<\/p>\n<p>Actuellement, l\u2019extraction de l\u2019or est co\u00fbteuse et complexe, requ\u00e9rant des technologies avanc\u00e9es pour atteindre des gisements situ\u00e9s \u00e0 des profondeurs consid\u00e9rables. La d\u00e9couverte r\u00e9cente sur Hawa\u00ef souligne l\u2019importance de poursuivre les recherches g\u00e9ologiques pour identifier de nouvelles sources potentielles d\u2019or. Il est crucial de noter que l\u2019exploitation de ces ressources devra \u00eatre r\u00e9alis\u00e9e de mani\u00e8re durable pour minimiser les impacts environnementaux, tout en maximisant les b\u00e9n\u00e9fices \u00e9conomiques pour les communaut\u00e9s locales.<\/p>\n<blockquote class=\"wp-embedded-content\" data-secret=\"JoFmUAqsRV\">\n<p><a href=\"https:\/\/www.lejournaleconomique.com\/2024\/12\/17\/maximiser-la-productivite-outils-essentiels-pour-les-professionnels-modernes\/\" target=\"_blank\" rel=\"noopener\">Maximiser la Productivit\u00e9 : Outils Essentiels pour les Professionnels Modernes<\/a><\/p>\n<\/blockquote>\n<p>Les d\u00e9fis de l\u2019extraction future<\/p>\n<p>Malgr\u00e9 la confirmation de l\u2019existence de cet or, <strong>la ru\u00e9e vers ce m\u00e9tal pr\u00e9cieux n\u2019est pas imminente<\/strong>. Les r\u00e9alit\u00e9s g\u00e9ologiques indiquent qu\u2019il faudra encore des millions d\u2019ann\u00e9es avant que cet or ne devienne accessible. Cette attente contraste avec l\u2019histoire de gisements comme celui de Bushveld en Afrique du Sud, d\u00e9couvert \u00e0 la fin du XIXe si\u00e8cle mais exploit\u00e9 seulement r\u00e9cemment. Cette temporalit\u00e9 souligne la patience n\u00e9cessaire dans le domaine de la prospection mini\u00e8re.<\/p>\n<p>La d\u00e9couverte d\u2019un gisement ne signifie pas une extraction imm\u00e9diate. Les processus d\u2019exploration, de validation, et de mise en exploitation prennent souvent plusieurs d\u00e9cennies. Ce d\u00e9lai offre une opportunit\u00e9 pour d\u00e9velopper des technologies d\u2019extraction plus efficaces et respectueuses de l\u2019environnement. Il est essentiel de pr\u00e9parer cette transition avec soin, afin de garantir que les b\u00e9n\u00e9fices de l\u2019extraction aurif\u00e8re soient partag\u00e9s \u00e9quitablement et que les impacts n\u00e9gatifs soient minimis\u00e9s.<\/p>\n<blockquote class=\"wp-embedded-content\" data-secret=\"24yGxwC87Q\">\n<p><a href=\"https:\/\/www.lejournaleconomique.com\/2025\/04\/18\/budget-2026-les-grandes-orientations-attendues-avant-le-14-juillet\/\" target=\"_blank\" rel=\"noopener\">Budget 2026 : les grandes orientations attendues avant le 14 juillet\u00a0<\/a><\/p>\n<\/blockquote>\n<p>L\u2019avenir de l\u2019or : un m\u00e9tal commun ?<\/p>\n<p>La perspective d\u2019un monde o\u00f9 l\u2019or pourrait perdre son statut de m\u00e9tal rare incite \u00e0 r\u00e9fl\u00e9chir sur les implications \u00e9conomiques et culturelles d\u2019une telle transformation. Si l\u2019or devenait aussi banal que le fer, cela pourrait avoir des r\u00e9percussions importantes sur les march\u00e9s financiers et les industries qui d\u00e9pendent de ce m\u00e9tal. L\u2019\u00e9volution de la valeur de l\u2019or pourrait \u00e9galement influencer la mani\u00e8re dont nous percevons et utilisons ce m\u00e9tal pr\u00e9cieux au quotidien.<\/p>\n<p>Les d\u00e9couvertes r\u00e9centes ouvrent un nouveau chapitre dans l\u2019histoire de l\u2019or, incitant les chercheurs et les d\u00e9cideurs \u00e0 envisager des sc\u00e9narios futurs. Comment ces \u00e9volutions affecteront-elles notre soci\u00e9t\u00e9 ? Quels seront les impacts sur les \u00e9conomies locales et globales ? \u00c0 mesure que nous approfondissons nos connaissances sur ces gisements, il devient crucial de r\u00e9fl\u00e9chir aux implications \u00e0 long terme de l\u2019accessibilit\u00e9 accrue de l\u2019or. Quels d\u00e9fis et opportunit\u00e9s cela apportera-t-il pour les g\u00e9n\u00e9rations \u00e0 venir ?<\/p>\n<p>Cet article s\u2019appuie sur des sources v\u00e9rifi\u00e9es et l\u2019assistance de technologies \u00e9ditoriales.<\/p>\n<p id=\"rating\">\u00c7a vous a plu ?\u00a04.5\/5 (21)<\/p>\n","protected":false},"excerpt":{"rendered":"EN BREF \ud83c\udf0d La d\u00e9couverte d\u2019un gisement d\u2019or \u00e0 Hawa\u00ef pourrait transformer l\u2019\u00e9conomie mondiale. \ud83d\udd0d Le lien g\u00e9ologique&hellip;\n","protected":false},"author":2,"featured_media":262750,"comment_status":"","ping_status":"","sticky":false,"template":"","format":"standard","meta":{"footnotes":""},"categories":[7],"tags":[1011,27,34616,5548,5190,43,40,41,39,42,44],"class_list":{"0":"post-262749","1":"post","2":"type-post","3":"status-publish","4":"format-standard","5":"has-post-thumbnail","7":"category-sciences-et-technologies","8":"tag-fr","9":"tag-france","10":"tag-geologie","11":"tag-hawai","12":"tag-or","13":"tag-science","14":"tag-science-and-technology","15":"tag-sciences","16":"tag-sciences-et-technologies","17":"tag-technologies","18":"tag-technology"},"share_on_mastodon":{"url":"https:\/\/pubeurope.com\/@fr\/114889866873977763","error":""},"_links":{"self":[{"href":"https:\/\/www.europesays.com\/fr\/wp-json\/wp\/v2\/posts\/262749","targetHints":{"allow":["GET"]}}],"collection":[{"href":"https:\/\/www.europesays.com\/fr\/wp-json\/wp\/v2\/posts"}],"about":[{"href":"https:\/\/www.europesays.com\/fr\/wp-json\/wp\/v2\/types\/post"}],"author":[{"embeddable":true,"href":"https:\/\/www.europesays.com\/fr\/wp-json\/wp\/v2\/users\/2"}],"replies":[{"embeddable":true,"href":"https:\/\/www.europesays.com\/fr\/wp-json\/wp\/v2\/comments?post=262749"}],"version-history":[{"count":0,"href":"https:\/\/www.europesays.com\/fr\/wp-json\/wp\/v2\/posts\/262749\/revisions"}],"wp:featuredmedia":[{"embeddable":true,"href":"https:\/\/www.europesays.com\/fr\/wp-json\/wp\/v2\/media\/262750"}],"wp:attachment":[{"href":"https:\/\/www.europesays.com\/fr\/wp-json\/wp\/v2\/media?parent=262749"}],"wp:term":[{"taxonomy":"category","embeddable":true,"href":"https:\/\/www.europesays.com\/fr\/wp-json\/wp\/v2\/categories?post=262749"},{"taxonomy":"post_tag","embeddable":true,"href":"https:\/\/www.europesays.com\/fr\/wp-json\/wp\/v2\/tags?post=262749"}],"curies":[{"name":"wp","href":"https:\/\/api.w.org\/{rel}","templated":true}]}}