{"id":26275,"date":"2025-04-15T09:48:18","date_gmt":"2025-04-15T09:48:18","guid":{"rendered":"https:\/\/www.europesays.com\/fr\/26275\/"},"modified":"2025-04-15T09:48:18","modified_gmt":"2025-04-15T09:48:18","slug":"black-mirror-the-last-of-us-et-la-servante-ecarlate-liberation","status":"publish","type":"post","link":"https:\/\/www.europesays.com\/fr\/26275\/","title":{"rendered":"\u00abBlack Mirror\u00bb, \u00abThe Last of Us\u00bb et \u00abla Servante \u00e9carlate\u00bb \u2013 Lib\u00e9ration"},"content":{"rendered":"<p class=\"sc-cPiKLX AiZTS text-element\">Pour aider nos lecteurs \u00e0 s\u2019y retrouver dans une offre culturelle foisonnante, les journalistes du service Culture de Lib\u00e9 vous d\u00e9blaient le terrain dans l\u2019actualit\u00e9 des sorties de films, d\u2019albums, de spectacles, de s\u00e9ries et d\u2019expositions. <a href=\"https:\/\/www.liberation.fr\/selections-culture\/\" target=\"_blank\" rel=\"noopener\">Retrouvez l\u2019ensemble de nos s\u00e9lections<\/a>.<\/p>\n<p class=\"sc-cPiKLX AiZTS text-element\">Comment l\u2019anticipation fait ressurgir nos angoisses contemporaines ? Entretien avec le cr\u00e9ateur de Black Mirror Charlie Brooker et sa productrice Jessica Rhoades \u00e0 l\u2019occasion de la sortie sur Netflix d\u2019une septi\u00e8me saison particuli\u00e8rement cruelle et ing\u00e9nieuse.<a href=\"https:\/\/www.liberation.fr\/culture\/series\/charlie-brooker-createur-de-black-mirror-je-nentends-pas-mettre-en-garde-quiconque-de-quoi-que-ce-soit-20250410_QF2FPTJPTVGIDBPAQXKGXHLA7E\/\" target=\"_blank\" rel=\"noopener\"> Lire l\u2019interview<\/a><a href=\"https:\/\/www.liberation.fr\/culture\/series\/daredevil-born-again-sur-disney-impuissance-maximum-20250306_FNAU3X4QCZGAJFEA26BZZUAQ7I\/\" target=\"_blank\" rel=\"noopener\">.<\/a><\/p>\n<\/p>\n<p class=\"sc-cPiKLX AiZTS text-element\">Libre adaptation du livre de Delphine Horvilleur, la s\u00e9rie dr\u00f4le et profonde de No\u00e9 Debr\u00e9 et Benjamin Charbit qui arrive sur Max suit les premiers pas d\u2019une rabbine en proie aux doutes et aux questionnements. <a href=\"https:\/\/www.liberation.fr\/culture\/series\/le-sens-des-choses-le-carnet-de-doutes-dune-rabbine-debutante-20250328_RNSKXVA4BNDFVCRMW6MGFVJHS4\/\" target=\"_blank\" rel=\"noopener\">Lire notre critique.<\/a><\/p>\n<\/p>\n<p class=\"sc-cPiKLX AiZTS text-element\">R\u00e9cit satirique sur les m\u00e9saventures et les coulisses de Hollywood, la nouvelle cr\u00e9ation de Seth Rogen pour Apple TV + oscille entre dr\u00f4lerie et cauchemar. <a href=\"https:\/\/www.liberation.fr\/culture\/series\/the-studio-sur-apple-tv-a-stars-et-a-travers-20250325_N32C7J6WO5BZ3GQVHJ6O64EFCM\/\" target=\"_blank\" rel=\"noopener\">Lire notre critique<\/a>.<\/p>\n<\/p>\n<p class=\"sc-cPiKLX AiZTS text-element\">L\u2019\u00e2ge ingrat dans toute son horreur, dans une s\u00e9rie judiciaire britannique en quatre plans-s\u00e9quences. Un peu plus qu\u2019un coup de force. A voir sur Netflix. <a href=\"https:\/\/www.liberation.fr\/culture\/series\/adolescence-retour-a-lage-denfer-20250316_PNGNQQUXUVCBJEEPNSPNV26TJU\/\" target=\"_blank\" rel=\"noopener\">Lire notre critique.<\/a><\/p>\n<\/p>\n<p class=\"sc-cPiKLX AiZTS text-element\">Quatri\u00e8me et derni\u00e8re saison de la farce pr\u00e9cieuse sur les nantis de l\u2019Am\u00e9rique \u00e9vang\u00e9lique, qui aurait m\u00e9rit\u00e9 moins d\u2019indiff\u00e9rence mais loupe le train du trumpisme. <a href=\"https:\/\/www.liberation.fr\/culture\/series\/the-righteous-gemstones-sur-max-ras-le-culte-20250314_BGII7YLOLRFDHHALYRSOAT5JNA\/\" target=\"_blank\" rel=\"noopener\">Lire notre critique.<\/a><\/p>\n<\/p>\n<p class=\"sc-cPiKLX AiZTS text-element\">Deux ans apr\u00e8s le stressant premier volet sur la travers\u00e9e d\u2019une Am\u00e9rique d\u00e9vast\u00e9e, la s\u00e9rie postapocalyptique reprend sur Max. Malgr\u00e9 des s\u00e9quences impressionnantes, elle peine \u00e0 convoquer le sentiment d\u2019urgence cens\u00e9e la guider. <a href=\"https:\/\/www.liberation.fr\/culture\/series\/the-last-of-us-saison-2-nouveaux-instants-de-survie-20250411_DTLF3634FFCANJ2KG5QN354SDU\/\" target=\"_blank\" rel=\"noopener\">Lire notre critique<\/a>.<\/p>\n<\/p>\n<p class=\"sc-cPiKLX AiZTS text-element\">Malgr\u00e9 une esth\u00e9tique lourde voire d\u00e9plac\u00e9e, le documentaire accroche gr\u00e2ce \u00e0 la puissance de ses t\u00e9moignages parfois oubli\u00e9s. Et mesure le chemin parcouru, depuis 2003, dans les mots pos\u00e9s sur cette affaire. <a href=\"https:\/\/www.liberation.fr\/societe\/droits-des-femmes\/de-rockstar-a-tueur-le-cas-cantat-sur-netflix-archives-dun-feminicide-20250402_7ZN4AVDU25AKPIWCL7X2NFFMBM\/\" target=\"_blank\" rel=\"noopener\">Lire notre critique.<\/a><\/p>\n<\/p>\n<p class=\"sc-cPiKLX AiZTS text-element\">Dans sa derni\u00e8re saison, la s\u00e9rie dystopique de Bruce Miller s\u2019\u00e9loigne du tableau p\u00e9trifiant d\u2019un totalitarisme christiano-sexuel pour plonger ses personnages dans un tunnel infini de guet-apens et de cavales. <a href=\"https:\/\/www.liberation.fr\/culture\/series\/la-servante-ecarlate-une-saison-6-pleine-de-peripeties-circulaires-20250409_527T7VKDUZHS7OTY4FUEHYHY6Y\/\" target=\"_blank\" rel=\"noopener\">Lire notre critique.<\/a><\/p>\n<\/p>\n<p class=\"sc-cPiKLX AiZTS text-element\">Rythm\u00e9e par les rebondissements judiciaires de l\u2019affaire du naufrage du Bugaled Breizh, la s\u00e9rie Arte aurait gagn\u00e9 \u00e0 se d\u00e9tacher des faits pour vraiment d\u00e9coller. <a href=\"https:\/\/www.liberation.fr\/culture\/series\/37-secondes-sur-arte-peche-en-haut-trouble-20250322_4NLR6WWJDVGOTK6M7JDO6MWG24\/\" target=\"_blank\" rel=\"noopener\">Lire notre critique<\/a>.<\/p>\n<\/p>\n<p class=\"sc-cPiKLX AiZTS text-element\">Sur un sch\u00e9ma vu et revu et via des arch\u00e9types banals, le roi de la t\u00e9l\u00e9 anglaise se vautre dans une parabole de boomer largu\u00e9 sur la cancel culture. <a href=\"https:\/\/www.liberation.fr\/culture\/series\/douglas-is-cancelled-sur-artetv-balance-ta-porte-ouverte-20250315_LDV2C3TZPNCXNAATMBA4XWPZE4\/\" target=\"_blank\" rel=\"noopener\">Lire notre critique.<\/a><\/p>\n<\/p>\n<p class=\"sc-cPiKLX AiZTS text-element\"><b>Chaque jour, retrouvez les choix du service Culture de <\/b><b>Lib\u00e9 <\/b><b>: expositions le lundi, th\u00e9\u00e2tre, danse et op\u00e9ra le mardi, sorties cin\u00e9 le mercredi, musique le vendredi, s\u00e9ries le dimanche. Ainsi que le Top 10 de la semaine le samedi. Tout ce qui nous a plu (et parfois d\u00e9plu) dans l\u2019actualit\u00e9 de la culture.<\/b><\/p>\n","protected":false},"excerpt":{"rendered":"Pour aider nos lecteurs \u00e0 s\u2019y retrouver dans une offre culturelle foisonnante, les journalistes du service Culture de&hellip;\n","protected":false},"author":2,"featured_media":26276,"comment_status":"","ping_status":"","sticky":false,"template":"","format":"standard","meta":{"footnotes":""},"categories":[1356],"tags":[58,59,1011,27,9352,252,1364],"class_list":{"0":"post-26275","1":"post","2":"type-post","3":"status-publish","4":"format-standard","5":"has-post-thumbnail","7":"category-television","8":"tag-divertissement","9":"tag-entertainment","10":"tag-fr","11":"tag-france","12":"tag-sorties-series","13":"tag-television","14":"tag-tv"},"share_on_mastodon":{"url":"https:\/\/pubeurope.com\/@fr\/114341354290984004","error":""},"_links":{"self":[{"href":"https:\/\/www.europesays.com\/fr\/wp-json\/wp\/v2\/posts\/26275","targetHints":{"allow":["GET"]}}],"collection":[{"href":"https:\/\/www.europesays.com\/fr\/wp-json\/wp\/v2\/posts"}],"about":[{"href":"https:\/\/www.europesays.com\/fr\/wp-json\/wp\/v2\/types\/post"}],"author":[{"embeddable":true,"href":"https:\/\/www.europesays.com\/fr\/wp-json\/wp\/v2\/users\/2"}],"replies":[{"embeddable":true,"href":"https:\/\/www.europesays.com\/fr\/wp-json\/wp\/v2\/comments?post=26275"}],"version-history":[{"count":0,"href":"https:\/\/www.europesays.com\/fr\/wp-json\/wp\/v2\/posts\/26275\/revisions"}],"wp:featuredmedia":[{"embeddable":true,"href":"https:\/\/www.europesays.com\/fr\/wp-json\/wp\/v2\/media\/26276"}],"wp:attachment":[{"href":"https:\/\/www.europesays.com\/fr\/wp-json\/wp\/v2\/media?parent=26275"}],"wp:term":[{"taxonomy":"category","embeddable":true,"href":"https:\/\/www.europesays.com\/fr\/wp-json\/wp\/v2\/categories?post=26275"},{"taxonomy":"post_tag","embeddable":true,"href":"https:\/\/www.europesays.com\/fr\/wp-json\/wp\/v2\/tags?post=26275"}],"curies":[{"name":"wp","href":"https:\/\/api.w.org\/{rel}","templated":true}]}}