{"id":262755,"date":"2025-07-21T06:45:15","date_gmt":"2025-07-21T06:45:15","guid":{"rendered":"https:\/\/www.europesays.com\/fr\/262755\/"},"modified":"2025-07-21T06:45:15","modified_gmt":"2025-07-21T06:45:15","slug":"a7-a50-a54-du-21-au-25-juillet-ces-fermetures-dautoroutes-vont-impacter-votre-trajet","status":"publish","type":"post","link":"https:\/\/www.europesays.com\/fr\/262755\/","title":{"rendered":"A7, A50, A54&#8230; Du 21 au 25 juillet, ces fermetures d&rsquo;autoroutes vont impacter votre trajet"},"content":{"rendered":"<p>Alors m\u00eame que les <a href=\"https:\/\/www.laprovence.com\/article\/societe\/7220853101589\/tout-va-reposer-sur-sa-grand-mere-preparer-les-vacances-d-ete-des-enfants-un-casse-tete-d-organisation\" target=\"_blank\" rel=\"noopener\">vacances d&rsquo;\u00e9t\u00e9<\/a> battent leur plein, les coupures de la circulation ne s&rsquo;arr\u00eatent pas, sur les autoroutes des Bouches-du-Rh\u00f4ne. Plusieurs <a href=\"https:\/\/www.laprovence.com\/article\/region\/1020860973825514\/c-est-un-parcours-du-combattant-ces-automobilistes-irrites-par-les-fermetures-d-autoroutes-autour-de-marseille\" target=\"_blank\" rel=\"noopener\">fermetures nocturnes<\/a> sont pr\u00e9vues pour la semaine du lundi 21 au vendredi 25 juillet. Mises en place par la Direction interd\u00e9partementale des routes M\u00e9diterran\u00e9e (<a href=\"https:\/\/www.laprovence.com\/article\/region\/2295799866146215\/video-autoroutes-a-marseille-des-oeuvres-pour-limiter-la-profusion-des-tags-et-promouvoir-les-artistes-locaux\" target=\"_blank\" rel=\"noopener\">Dirmed<\/a>) sur les axes non conc\u00e9d\u00e9es au priv\u00e9, ces restrictions doivent permettre de r\u00e9aliser des travaux de maintenance. Pour une fois, la <a href=\"https:\/\/www.laprovence.com\/article\/region\/1276040115083915\/un-embouteillage-monstre-pris-dans-la-coupure-surprise-de-la-l2-a-marseille-ces-automobilistes-racontent\" target=\"_blank\" rel=\"noopener\">rocade L2<\/a>, officiellement appel\u00e9e \u00ab\u00a0autoroute A507\u00a0\u00bb, n&rsquo;est pas concern\u00e9e par des coupures.<\/p>\n<p>Cette semaine va \u00e9galement \u00eatre marqu\u00e9e par des fermetures sur <a href=\"https:\/\/www.laprovence.com\/article\/region\/1275909485811914\/bientot-moins-d-embouteillages-a-salon-la-bifurcation-a7-a54-operationnelle\" target=\"_blank\" rel=\"noopener\">l&rsquo;autoroute A54<\/a>, g\u00e9r\u00e9e par le concessionnaire priv\u00e9 Vinci Autoroutes. Elles aussi doivent laisser le champ libre \u00e0 des agents qui r\u00e9aliseront des travaux de maintenance portant \u00ab\u00a0sur les dispositifs anti-contresens au niveau des \u00e9changeurs de Saint-Martin-de-Crau, d&rsquo;Eygui\u00e8res-Miramas, et de Grans-Salon-de-Provence\u00a0\u00bb. Le report du trafic s&rsquo;effectuera principalement sur la RD113.<\/p>\n<p>Voici <strong>le d\u00e9tail des <a href=\"https:\/\/www.laprovence.com\/article\/societe\/94997283483687\/fermetures-d-autoroutes-dans-les-bouches-du-rhone-pourquoi-les-applications-gps-ne-les-indiquent-pas-toujours\" target=\"_blank\" rel=\"noopener\">fermetures d&rsquo;autoroutes<\/a> dans les Bouches-du-Rh\u00f4ne<\/strong>, pour la semaine du lundi 21 au vendredi 25 juillet.<\/p>\n<p>Autoroutes<\/p>\n<p><strong>Nuit du lundi 21 au mardi 22 juillet<\/strong><\/p>\n<ul>&#13;<\/p>\n<li><strong>A7 : <\/strong>coupure totale de la circulation de la bretelle de sortie n\u00b0 34 (Les Arnavaux) \u00e0 Marseille, dans le sens Lyon-Marseille, de 22 h 30 \u00e0 6 h<\/li>\n<p>&#13;<\/p>\n<li><strong>A7 : <\/strong>coupure totale de la circulation de Marseille \u00e0 la bretelle d&rsquo;entr\u00e9e n\u00b0 36 (Plombi\u00e8res), dans le sens Marseille-Lyon, de 21 h \u00e0 6 h<\/li>\n<p>&#13;<\/p>\n<li><strong>A50 : <\/strong>coupure totale de la circulation de la bretelle de sortie n\u00b0 5 (La Penne-sur-Huveaune) \u00e0 la bretelle d&rsquo;entr\u00e9e n\u00b0 3 (Florian), dans le sens Aubagne-Marseille, de 21 h \u00e0 6 h<\/li>\n<p>&#13;<\/p>\n<li><strong>A54 :<\/strong> fermeture de l&rsquo;\u00e9changeur n \u00b0 12 (Saint-Martin-de-Crau) dans les deux sens de circulation, de 22 h \u00e0 6 h<\/li>\n<p>&#13;\n<\/ul>\n<p><strong>Nuit du mardi 22 au mercredi 23 juillet<\/strong><\/p>\n<ul>&#13;<\/p>\n<li><strong>A7 :<\/strong> coupure totale de la circulation de Marseille \u00e0 la bretelle d&rsquo;entr\u00e9e n\u00b0 35 (Le Canet), dans le sens Marseille-Lyon, de 21 h \u00e0 6 h<\/li>\n<p>&#13;<\/p>\n<li><strong>A54 : <\/strong>fermeture de l&rsquo;\u00e9changeur n\u00b0 13 (Eygui\u00e8res-Miramas), dans les deux sens de circulation, de 22 h \u00e0 6 h<\/li>\n<p>&#13;\n<\/ul>\n<p><strong>Nuit du mercredi 23 au jeudi 24 juillet<\/strong><\/p>\n<ul>&#13;<\/p>\n<li><strong>A7 :<\/strong> coupure totale de la circulation de Marseille \u00e0 la bretelle d&rsquo;entr\u00e9e n\u00b0 36 (Plombi\u00e8res), dans le sens Marseille-Lyon, de 21 h \u00e0 6 h<\/li>\n<p>&#13;<\/p>\n<li><strong>A54 : <\/strong>fermeture de l&rsquo;\u00e9changeur n\u00b0 14 (Grans-Salon-de-Provence), dans les deux sens de circulation, de 21 h \u00e0 6 h<\/li>\n<p>&#13;\n<\/ul>\n<p><strong>Nuit du jeudi 24 au vendredi 25 juillet<\/strong><\/p>\n<ul>&#13;<\/p>\n<li><strong>A7 : <\/strong>coupure totale de la circulation de Marseille \u00e0 la bretelle d&rsquo;entr\u00e9e n\u00b0 36 (Plombi\u00e8res), dans le sens Marseille-Lyon, de 21 h \u00e0 6 h<\/li>\n<p>&#13;\n<\/ul>\n","protected":false},"excerpt":{"rendered":"Alors m\u00eame que les vacances d&rsquo;\u00e9t\u00e9 battent leur plein, les coupures de la circulation ne s&rsquo;arr\u00eatent pas, sur&hellip;\n","protected":false},"author":2,"featured_media":262756,"comment_status":"","ping_status":"","sticky":false,"template":"","format":"standard","meta":{"footnotes":""},"categories":[4],"tags":[17,13344,40246,13343,11,885,9122,20685,1011,27,2868,12,16,25],"class_list":{"0":"post-262755","1":"post","2":"type-post","3":"status-publish","4":"format-standard","5":"has-post-thumbnail","7":"category-france","8":"tag-17","9":"tag-a50","10":"tag-a54","11":"tag-a7","12":"tag-actualites","13":"tag-bouches-du-rhone","14":"tag-ces","15":"tag-fermetures","16":"tag-fr","17":"tag-france","18":"tag-juillet","19":"tag-news","20":"tag-region","21":"tag-republique-francaise"},"share_on_mastodon":{"url":"https:\/\/pubeurope.com\/@fr\/114889878672101905","error":""},"_links":{"self":[{"href":"https:\/\/www.europesays.com\/fr\/wp-json\/wp\/v2\/posts\/262755","targetHints":{"allow":["GET"]}}],"collection":[{"href":"https:\/\/www.europesays.com\/fr\/wp-json\/wp\/v2\/posts"}],"about":[{"href":"https:\/\/www.europesays.com\/fr\/wp-json\/wp\/v2\/types\/post"}],"author":[{"embeddable":true,"href":"https:\/\/www.europesays.com\/fr\/wp-json\/wp\/v2\/users\/2"}],"replies":[{"embeddable":true,"href":"https:\/\/www.europesays.com\/fr\/wp-json\/wp\/v2\/comments?post=262755"}],"version-history":[{"count":0,"href":"https:\/\/www.europesays.com\/fr\/wp-json\/wp\/v2\/posts\/262755\/revisions"}],"wp:featuredmedia":[{"embeddable":true,"href":"https:\/\/www.europesays.com\/fr\/wp-json\/wp\/v2\/media\/262756"}],"wp:attachment":[{"href":"https:\/\/www.europesays.com\/fr\/wp-json\/wp\/v2\/media?parent=262755"}],"wp:term":[{"taxonomy":"category","embeddable":true,"href":"https:\/\/www.europesays.com\/fr\/wp-json\/wp\/v2\/categories?post=262755"},{"taxonomy":"post_tag","embeddable":true,"href":"https:\/\/www.europesays.com\/fr\/wp-json\/wp\/v2\/tags?post=262755"}],"curies":[{"name":"wp","href":"https:\/\/api.w.org\/{rel}","templated":true}]}}