{"id":262759,"date":"2025-07-21T06:48:15","date_gmt":"2025-07-21T06:48:15","guid":{"rendered":"https:\/\/www.europesays.com\/fr\/262759\/"},"modified":"2025-07-21T06:48:15","modified_gmt":"2025-07-21T06:48:15","slug":"saint-etienne-la-poste-recycle-ses-velos-jaunes-pour-les-particuliers","status":"publish","type":"post","link":"https:\/\/www.europesays.com\/fr\/262759\/","title":{"rendered":"SAINT-\u00c9TIENNE : LA POSTE RECYCLE SES V\u00c9LOS JAUNES POUR LES PARTICULIERS"},"content":{"rendered":"<p>                <a href=\"https:\/\/cadenceradio.fr\" target=\"_blank\" aria-label=\"Banni\u00e8re Cadence 2025\" rel=\"noopener\"><img loading=\"lazy\" decoding=\"async\" src=\"https:\/\/www.europesays.com\/fr\/wp-content\/uploads\/2025\/07\/Banniere-Cadence-2025-scaled.jpg\" alt=\"\"   width=\"2560\" height=\"738\"\/><\/a><\/p>\n<p>Depuis avril, la Grand\u2019Poste st\u00e9phanoise participe \u00e0 une initiative nationale touchant 142 agences fran\u00e7aises. Les v\u00e9los des facteurs sont revendu au bout de cinq ans. Ils retrouvent ensuite une nouvelle vie. Cette d\u00e9marche s\u2019inscrit dans une logique de r\u00e9emploi plut\u00f4t que de destruction, donnant une valeur \u00e9conomique aux \u00e9quipements en fin de carri\u00e8re professionnelle.<\/p>\n<p><strong>Alchimie du reconditionnement<\/strong><\/p>\n<p>Le processus de transformation s\u2019av\u00e8re complexe : trois v\u00e9los usag\u00e9s sont n\u00e9cessaires pour reconditionner un seul engin. Cette m\u00e9ticulosit\u00e9 garantit la fiabilit\u00e9 d\u2019un produit hybride entre recyclage et neuf, optimisant durabilit\u00e9 et s\u00e9curit\u00e9.<\/p>\n<p>Les v\u00e9los collect\u00e9s dans toute la France transitent par les ateliers de Nouvelle Attitude \u00e0 Tours, filiale postale sp\u00e9cialis\u00e9e. Ces ateliers emploient des personnes en insertion, cr\u00e9ant un double b\u00e9n\u00e9fice social et environnemental.<\/p>\n<p>Le v\u00e9lo reconditionn\u00e9 perd ses attributs professionnels : stabilisateurs avant remplac\u00e9s par b\u00e9quille centrale, sacoches supprim\u00e9es, guidon adapt\u00e9 aux loisirs. Seuls persistent panier avant et porte-bagages arri\u00e8re, conservant l\u2019aspect pratique.<\/p>\n<p><strong>Caract\u00e9ristiques techniques attractives<\/strong><\/p>\n<p>Ces v\u00e9los reconditionn\u00e9s offrent 60 km d\u2019autonomie et supportent 170 kg (conducteur compris), sp\u00e9cifications s\u00e9duisantes pour familles avec enfants ou petits artisans. Ces v\u00e9los sont robuste et propos\u00e9s \u00e0 1 490 euros, ces v\u00e9los se positionnent avantageusement face aux mod\u00e8les neufs \u00e9quivalents. Cette tarification rend accessible un \u00e9quipement professionnel \u00e0 des particuliers recherchant qualit\u00e9 et durabilit\u00e9. L\u2019acquisition n\u00e9cessite simplement de se rendre rue Gambetta pour remplir un bon de commande et effectuer le paiement. Les v\u00e9los pr\u00eat au bout de cinq \u00e0 huit semaines.<\/p>\n<p>Au-del\u00e0 des particuliers, professionnels et collectivit\u00e9s peuvent \u00e9galement acqu\u00e9rir ces v\u00e9los, \u00e9largissant le march\u00e9 potentiel de cette initiative circulaire.<\/p>\n","protected":false},"excerpt":{"rendered":"Depuis avril, la Grand\u2019Poste st\u00e9phanoise participe \u00e0 une initiative nationale touchant 142 agences fran\u00e7aises. Les v\u00e9los des facteurs&hellip;\n","protected":false},"author":2,"featured_media":262760,"comment_status":"","ping_status":"","sticky":false,"template":"","format":"standard","meta":{"footnotes":""},"categories":[9653],"tags":[1111,11,2430,51,33,1777,674,1011,27,3316,3367,12,25,4001,208],"class_list":{"0":"post-262759","1":"post","2":"type-post","3":"status-publish","4":"format-standard","5":"has-post-thumbnail","7":"category-saint-etienne","8":"tag-actu","9":"tag-actualites","10":"tag-auvergne-rhone-alpes","11":"tag-ecologie","12":"tag-economie","13":"tag-eu","14":"tag-europe","15":"tag-fr","16":"tag-france","17":"tag-la-poste","18":"tag-loire","19":"tag-news","20":"tag-republique-francaise","21":"tag-saint-etienne","22":"tag-velo"},"share_on_mastodon":{"url":"https:\/\/pubeurope.com\/@fr\/114889890541014825","error":""},"_links":{"self":[{"href":"https:\/\/www.europesays.com\/fr\/wp-json\/wp\/v2\/posts\/262759","targetHints":{"allow":["GET"]}}],"collection":[{"href":"https:\/\/www.europesays.com\/fr\/wp-json\/wp\/v2\/posts"}],"about":[{"href":"https:\/\/www.europesays.com\/fr\/wp-json\/wp\/v2\/types\/post"}],"author":[{"embeddable":true,"href":"https:\/\/www.europesays.com\/fr\/wp-json\/wp\/v2\/users\/2"}],"replies":[{"embeddable":true,"href":"https:\/\/www.europesays.com\/fr\/wp-json\/wp\/v2\/comments?post=262759"}],"version-history":[{"count":0,"href":"https:\/\/www.europesays.com\/fr\/wp-json\/wp\/v2\/posts\/262759\/revisions"}],"wp:featuredmedia":[{"embeddable":true,"href":"https:\/\/www.europesays.com\/fr\/wp-json\/wp\/v2\/media\/262760"}],"wp:attachment":[{"href":"https:\/\/www.europesays.com\/fr\/wp-json\/wp\/v2\/media?parent=262759"}],"wp:term":[{"taxonomy":"category","embeddable":true,"href":"https:\/\/www.europesays.com\/fr\/wp-json\/wp\/v2\/categories?post=262759"},{"taxonomy":"post_tag","embeddable":true,"href":"https:\/\/www.europesays.com\/fr\/wp-json\/wp\/v2\/tags?post=262759"}],"curies":[{"name":"wp","href":"https:\/\/api.w.org\/{rel}","templated":true}]}}