{"id":262763,"date":"2025-07-21T06:53:12","date_gmt":"2025-07-21T06:53:12","guid":{"rendered":"https:\/\/www.europesays.com\/fr\/262763\/"},"modified":"2025-07-21T06:53:12","modified_gmt":"2025-07-21T06:53:12","slug":"decouvrez-sur-la-peau-des-histoires-notre-serie-dete-sur-les-tatouages-par-lecrivaine-varoise-heloise-guay-de-bellissen","status":"publish","type":"post","link":"https:\/\/www.europesays.com\/fr\/262763\/","title":{"rendered":"D\u00e9couvrez \u00ab\u00a0Sur la peau, des histoires\u00a0\u00bb, notre s\u00e9rie d\u2019\u00e9t\u00e9 sur les tatouages, par l&rsquo;\u00e9crivaine varoise H\u00e9lo\u00efse Guay de Bellissen"},"content":{"rendered":"<p>Je suis sortie avec cette envie f\u00e9roce de rencontrer des gens. J\u2019ai pris mon sac \u00e0 dos, mon cahier, mes id\u00e9es et je suis partie. J\u2019habite \u00e0 Ollioules donc je suis all\u00e9e \u00e0 Sanary, les Sablettes, Toulon, jusqu\u2019au Lavandou. Je voulais de la came pour \u00e9crire des histoires, pour \u00e9crire la chronique que vous lisez.<\/p>\n<p>Cette envie-l\u00e0, celle de tirer des portraits du Sud par l\u2019\u00e9criture comme l\u2019aurait fait un peintre ou un photographe, je l\u2019ai toujours eue. J\u2019avais pour ambition d\u2019entendre et que vous entendiez ceux qui n\u2019ont pas d\u2019actualit\u00e9, qui ne sont pas dans les faits divers ou qui n\u2019ont pas re\u00e7u un prix particulier, n\u2019ont aucune promo \u00e0 faire d\u2019aucune sorte.<\/p>\n<p>Une sorte de ma\u00efeutique \u00e0 la Socrate. Eh bien, ce n\u2019\u00e9tait pas si facile, on ne se livre pas comme \u00e7a dans la rue, au d\u00e9tour d\u2019une plage, \u00e0 un caf\u00e9.<\/p>\n<p>Je devais me rendre \u00e0 l\u2019\u00e9vidence, je n\u2019\u00e9tais pas un philosophe grec mais une femme tatou\u00e9e posant trop de questions. Mon constat \u00e9tait sans appel: je suis \u00e9crivaine et je n\u2019arrive pas \u00e0 \u00e9crire, vous comprenez bien mon d\u00e9sarroi?<\/p>\n<p>J\u2019ai d\u2019ailleurs ces mots tatou\u00e9s sur mon bras gauche: \u00ab\u00a0d\u00e9sarroi, d\u00e9j\u00e0 roi\u00a0\u00bb de la chanson Qu\u2019est-ce qu\u2019on attend de NTM; au passage j\u2019ai aussi du Marguerite Duras ou du Th\u00e9ophile Gautier.<\/p>\n<p>Le probl\u00e8me ce n\u2019\u00e9tait pas sp\u00e9cifiquement ce qu\u2019on appelle la page blanche, c\u2019est que je n\u2019avais carr\u00e9ment ni la page ni les mots.<\/p>\n<p>J\u2019allais renoncer \u00e0 \u00e9crire pour Var-matin, alors que c\u2019est le premier journal qui m\u2019a mise en avant lorsque j\u2019avais huit ans et que j\u2019ex\u00e9cutais, avec un certain panache, une danse proven\u00e7ale au stade Baquet de la Seyne-sur-Mer avec ma classe de CM2.<\/p>\n<p>Mais comme toujours dans la vie, on a ce que j\u2019appelle des \u00e9claircies. C\u2019est comme \u00e7a qu\u2019un apr\u00e8s-midi, en rentrant chez moi, je bifurque par le salon de tatouage de mon mari et j\u2019entends une femme lui dire: \u00ab\u00a0Cette m\u00e9duse, pour moi, elle en dit long.\u00a0\u00bb<\/p>\n<p>J\u2019ai ressenti alors la m\u00eame \u00e9motion piquante que le Capitaine Cook lors de son exp\u00e9dition dans le pacifique Sud en 1770 quand il d\u00e9couvrit les tatouages polyn\u00e9siens et qu\u2019il prit la d\u00e9cision de les ramener en occident.<\/p>\n<p>Mais lui a rapatri\u00e9 un autochtone comme un objet de foire. Les grandes choses, celles qui ont marqu\u00e9 l\u2019Humanit\u00e9, ont parfois un d\u00e9part peu glorieux, et l\u2019histoire du tatouage, comme nous le savons tous, a fait sa part.<\/p>\n<p>Il n\u2019emp\u00eache que le monde aujourd\u2019hui est tatou\u00e9, et qu\u2019il a pris sa place au sein de la soci\u00e9t\u00e9 moderne en faisant partie int\u00e9grante de nos vies.<\/p>\n<p>                                La m\u00e9duse d\u2019Annie<\/p>\n<p>Mais revenons \u00e0 celle qui allait se faire tatouer sous mes yeux une m\u00e9duse. Annie a 56 ans, elle est aide-soignante et vit dans le centre de Toulon. C\u2019est son premier tatouage.<\/p>\n<p>C\u2019est l\u2019\u00e9t\u00e9 en 1982, Annie a dix ans et elle passe ses vacances, comme toujours, dans la maison de ses grands-parents \u00e0 Sanary. Sa grand-m\u00e8re est amoureuse du soleil alors, tous les matins, elles se rendent \u00e0 pied \u00e0 la plage de Portissol.<\/p>\n<p>Bient\u00f4t les cousins et cousines d\u00e9barqueront, alors Annie profite de ses moments privil\u00e9gi\u00e9s. D\u2019autant que l\u2019ann\u00e9e pass\u00e9e, son cousin Jos\u00e9 lui avait coll\u00e9 un chewing-gum dans les cheveux et qu\u2019il a fallu couper dans sa blondeur.<\/p>\n<p>C\u2019est pour \u00e7a que, dans sa valise cette ann\u00e9e, elle a emport\u00e9 de la glu pour lui en mettre sur ses tongs et le laisser coller sur place.<\/p>\n<p>Sur la plage, Annie adore se baigner, et sa grand-m\u00e8re retrouver les rayons. Mais alors qu\u2019elle nageait en \u00e9laborant son plan gluant et machiav\u00e9lique, elle sentit une morsure sur son avant-bras. Alors, elle sortit en trombe et courut vers sa grand-m\u00e8re qui l\u00e9zardait.<\/p>\n<p>Elle montra sa blessure, sa grand-m\u00e8re enleva ses grosses lunettes de soleil d\u2019\u00e9poque, et elle pronon\u00e7a cette phrase digne d\u2019un Michel Audiard: \u00ab\u00a0\u00c7a c\u2019est la morsure du temps, \u00e7a passera! \u00ab\u00a0.<\/p>\n<p>Annie fut m\u00e9dus\u00e9e, le temps avait une bouche et il vivait dans l\u2019eau? Mais comment \u00e9tait-il? Et pourquoi l\u2019avait-il mordu? Lorsqu\u2019elles rentr\u00e8rent, son grand-p\u00e8re avait une autre version: c\u2019\u00e9tait une m\u00e9duse. Mais qui disait vrai?<\/p>\n<p>Aujourd\u2019hui, des d\u00e9cennies plus tard, la grand-m\u00e8re vient d\u2019\u00eatre plac\u00e9e en Ehpad. Annie est d\u00e9vast\u00e9e, et son anc\u00eatre ne la reconna\u00eet plus.<\/p>\n<p>Mais avant-hier en allant la voir, alors qu\u2019elle quittait sa chambre, sa grand-m\u00e8re lui a dit: \u00ab\u00a0Ta morsure de m\u00e9duse passera, ma Nine\u00a0\u00bb.<\/p>\n<p>Pourquoi parmi tous les souvenirs qu\u2019elles avaient en commun, celui-ci \u00e9tait-il revenu? Personne ne le saura jamais.<\/p>\n<p>Maintenant Annie comprend, c\u2019\u00e9tait bien en v\u00e9rit\u00e9 la morsure du temps qui l\u2019avait piqu\u00e9e, et parfois m\u00eame s\u2019il fait mal, il laisse une belle empreinte commune.<\/p>\n<p>Alors, maintenant, si vous sentez une piq\u00fbre pendant une baignade sur la plage de Portissol ou ailleurs cet \u00e9t\u00e9, ce sera peut-\u00eatre la morsure du temps.<\/p>\n<p>Si vous avez une histoire \u00e0 raconter \u00e0 travers votre peau et que vous \u00eates de la r\u00e9gion, envoyez un mail \u00e0: surlapeaudeshistoires@gmail.com<\/p>\n<p>            Qui est H\u00e9lo\u00efse Guay de Bellissen?<\/p>\n<p>H\u00e9lo\u00efse Guay de Bellissen a pass\u00e9 son enfance et son adolescence \u00e0 La Seyne-sur-Mer.<\/p>\n<p>Elle est l\u2019auteure de sept romans dont Les tatouages sont notre histoire (Robert Laffont) ou derni\u00e8rement Le King et Le proph\u00e8te (Rivages, Actes Sud).<\/p>\n<p>Elle anime des ateliers d\u2019\u00e9criture pour les enfants, ainsi que les adultes dans la r\u00e9gion.<\/p>\n","protected":false},"excerpt":{"rendered":"Je suis sortie avec cette envie f\u00e9roce de rencontrer des gens. J\u2019ai pris mon sac \u00e0 dos, mon&hellip;\n","protected":false},"author":2,"featured_media":262764,"comment_status":"","ping_status":"","sticky":false,"template":"","format":"standard","meta":{"footnotes":""},"categories":[9619],"tags":[1111,11,1777,674,332,1011,27,12,882,25,2310],"class_list":{"0":"post-262763","1":"post","2":"type-post","3":"status-publish","4":"format-standard","5":"has-post-thumbnail","7":"category-toulon","8":"tag-actu","9":"tag-actualites","10":"tag-eu","11":"tag-europe","12":"tag-faits-de-societe","13":"tag-fr","14":"tag-france","15":"tag-news","16":"tag-provence-alpes-cote-dazur","17":"tag-republique-francaise","18":"tag-toulon"},"share_on_mastodon":{"url":"https:\/\/pubeurope.com\/@fr\/114889910107891275","error":""},"_links":{"self":[{"href":"https:\/\/www.europesays.com\/fr\/wp-json\/wp\/v2\/posts\/262763","targetHints":{"allow":["GET"]}}],"collection":[{"href":"https:\/\/www.europesays.com\/fr\/wp-json\/wp\/v2\/posts"}],"about":[{"href":"https:\/\/www.europesays.com\/fr\/wp-json\/wp\/v2\/types\/post"}],"author":[{"embeddable":true,"href":"https:\/\/www.europesays.com\/fr\/wp-json\/wp\/v2\/users\/2"}],"replies":[{"embeddable":true,"href":"https:\/\/www.europesays.com\/fr\/wp-json\/wp\/v2\/comments?post=262763"}],"version-history":[{"count":0,"href":"https:\/\/www.europesays.com\/fr\/wp-json\/wp\/v2\/posts\/262763\/revisions"}],"wp:featuredmedia":[{"embeddable":true,"href":"https:\/\/www.europesays.com\/fr\/wp-json\/wp\/v2\/media\/262764"}],"wp:attachment":[{"href":"https:\/\/www.europesays.com\/fr\/wp-json\/wp\/v2\/media?parent=262763"}],"wp:term":[{"taxonomy":"category","embeddable":true,"href":"https:\/\/www.europesays.com\/fr\/wp-json\/wp\/v2\/categories?post=262763"},{"taxonomy":"post_tag","embeddable":true,"href":"https:\/\/www.europesays.com\/fr\/wp-json\/wp\/v2\/tags?post=262763"}],"curies":[{"name":"wp","href":"https:\/\/api.w.org\/{rel}","templated":true}]}}