{"id":262765,"date":"2025-07-21T06:54:11","date_gmt":"2025-07-21T06:54:11","guid":{"rendered":"https:\/\/www.europesays.com\/fr\/262765\/"},"modified":"2025-07-21T06:54:11","modified_gmt":"2025-07-21T06:54:11","slug":"un-puma-noir-traque-dans-le-bois-de-montmaur-etait-un-dogue-allemand","status":"publish","type":"post","link":"https:\/\/www.europesays.com\/fr\/262765\/","title":{"rendered":"un \u00ab\u00a0puma noir\u00a0\u00bb traqu\u00e9 dans le bois de Montmaur \u00e9tait&#8230; un dogue allemand\u00a0!"},"content":{"rendered":"<p>            Par<br \/>\n        <strong><br \/>\n            <a href=\"https:\/\/actu.fr\/auteur\/jm-aubert\" title=\"Consulter tous les articles de Jean-Marc Aubert\" rel=\"nofollow noopener\" target=\"_blank\">Jean-Marc Aubert<\/a><br \/>\n        <\/strong><\/p>\n<p>        Publi\u00e9 le<\/p>\n<p>            21 juil. 2025 \u00e0 8h36        <\/p>\n<p>Apr\u00e8s la <a href=\"https:\/\/actu.fr\/occitanie\/montagnac_34162\/herault-mystere-a-montagnac-une-panthere-aurait-ete-apercue-rodant-dans-les-bois_61351659.html\" rel=\"nofollow noopener\" target=\"_blank\">\u00ab\u00a0panth\u00e8re\u00a0\u00bb insaisissable<\/a> dans la for\u00eat de <strong>Montagnac<\/strong>, un puma noir se cachait-il dans le bois de Montmaur, \u00e0 <strong>Montpellier<\/strong> ?!\u00a0Un ouf de soulagement a \u00e9t\u00e9 pouss\u00e9, ce dimanche 20 juillet 2025, vers 22h30, quand la traque au<strong> \u00ab\u00a0puma noir\u00a0\u00bb<\/strong> s\u2019est achev\u00e9e dans ce poumon vert du nord de la ville.\u00a0Depuis plus d\u2019une heure, en effet, les <strong>policiers<\/strong> nationaux et municipaux \u00e9taient \u00e0 la recherche d\u2019un mammif\u00e8re carnivore de la famille des f\u00e9lid\u00e9s, qu\u2019un promeneur avait cru apercevoir en libert\u00e9 dans cet espace bois\u00e9 du quartier nord d\u2019Agropolis.<\/p>\n<p class=\" wall-content\">Entre chien et loup, vers 21h, lorsque ce signalement inattendu, mais quelque peu inqui\u00e9tant a \u00e9t\u00e9 re\u00e7u, il a \u00e9t\u00e9 pris au s\u00e9rieux, d\u2019autant que, dans un premier temps, les services de police et les sapeurs-pompiers du <strong>Sdis 34,<\/strong> \u00e9galement alert\u00e9s ont constat\u00e9 que le bois de Montmaur est mitoyen du zoo de Lunaret. Un tel pensionnaire se serait-il \u00e9chapp\u00e9 de son enclos ?!<\/p>\n<p class=\" wall-content\">D\u00e8s lors, sans tarder, des responsables de la <strong>M\u00e9tropole de Montpellier<\/strong> et du parc animalier ont \u00e9t\u00e9 inform\u00e9s de la pr\u00e9sence possible d\u2019un tel animal, avec en retour une information qui a install\u00e9 le doute sur la v\u00e9racit\u00e9 de cette observation : il n\u2019y a pas de puma au zoo de Lunaret. Mais il fallait pousser plus loin les investigations pour lever compl\u00e8tement le doute et ne pas tomber lors de cette chasse sur cet h\u00f4te du bois de Montmaur au d\u00e9tour d\u2019une all\u00e9e ou d\u2019un bosquet : un puma noir s\u2019\u00e9tait-il enfui de la m\u00e9nagerie d\u2019un cirque ou de chez un particulier qui le d\u00e9tiendrait ill\u00e9galement ? Et, incroyable co\u00efncidence, r\u00f4derait-il \u00e0 c\u00f4t\u00e9 du parc animalier-zoo de Lunaret ?<\/p>\n<p>    <img   decoding=\"async\" loading=\"lazy\" src=\"https:\/\/www.europesays.com\/fr\/wp-content\/uploads\/2025\/07\/istockphoto-1459927761-612x612-1-960x640.jpg\" alt=\"Un puma noir qu'un t\u00e9moin a cru apercevoir dans le bois de Montmaur \" width=\"960\" height=\"640\"\/><br \/>\n    Un puma noir qu\u2019un t\u00e9moin a cru apercevoir dans le bois de Montmaur (\u00a9Pixabay)<\/p>\n<p class=\" wall-content\">Une hypoth\u00e8se plausible, puisque dans le pass\u00e9, un puma \u00e0 la robe noire imposant ramen\u00e9 d\u2019Am\u00e9rique alors qu\u2019il \u00e9tait b\u00e9b\u00e9 par un habitant de M\u00e8ze qui l\u2019avait apprivois\u00e9 et qu\u2019il cachait \u00e0 son domicile, avait r\u00e9ussi \u00e0 prendre la poudre d\u2019escampette. Il n\u2019\u00e9tait pas all\u00e9 bien loin, puisqu\u2019une retrait\u00e9e qui rentrait de faire ses courses \u00e9tait tomb\u00e9e quasiment nez \u00e0 nez avec l\u2019animal tranquillement allong\u00e9 derri\u00e8re un buisson du parc r\u00e9sidentiel. Un sacr\u00e9 choc que cette vision brutale. Un puma qui \u00e9tait inoffensif, mais affol\u00e9e, cette dame s\u2019\u00e9tait pr\u00e9cipit\u00e9e pour donner l\u2019alerte, sans trop convaincre pompiers et gendarmes sur la v\u00e9racit\u00e9 de son observation.<\/p>\n<p>Vid\u00e9os : en ce moment sur Actu<\/p>\n<p class=\" wall-content\">Cette ann\u00e9e-l\u00e0, sa capture rocambolesque in\u00e9dite avait fait les choux gras de la presse. Le puma avait \u00e9t\u00e9 retir\u00e9 \u00e0 ce M\u00e9zois qui avait fait preuve d\u2019une sacr\u00e9e inconscience et ciongfi\u00e9 au zoo de Lunaret. Mais cette histoire de M\u00e8ze ne s\u2019est pas r\u00e9p\u00e9t\u00e9e : en effet, la pr\u00e9sence d\u2019un puma en libert\u00e9 dans le quartier d\u2019Agropolis a \u00e9t\u00e9 exclue ce dimanche soir, quand vers 22h15, le doute a \u00e9t\u00e9 d\u00e9finitivement lev\u00e9 : le t\u00e9moin avait aper\u00e7u en r\u00e9alit\u00e9 un <strong>dogue allemand au pelage noir<\/strong> d\u2019une belle stature, haut sur pattes, dont le ma\u00eetre r\u00e9side dans cette zone et qu\u2019il vient souvent faire courir dans le bois de Montmaur. Pas d\u2019inqui\u00e9tude donc, vous pouvez venir faire votre jogging quotidien, fl\u00e2ner en famille ou\u2026 promener votre chien.<\/p>\n<p class=\" wall-content\">Suivez toute l\u2019actualit\u00e9 de vos villes et m\u00e9dias favoris en vous inscrivant \u00e0 <a href=\"https:\/\/moncompte.actu.fr\" title=\"D\u00e9couvez Mon Actu\" rel=\"nofollow noopener\" data-trk=\"{&quot;cta&quot;:{&quot;action&quot;:&quot;https:\\\/\\\/moncompte.actu.fr&quot;,&quot;category&quot;:&quot;mon compte&quot;,&quot;from&quot;:&quot;article footer&quot;,&quot;name&quot;:&quot;Mon actu&quot;,&quot;type&quot;:&quot;cta&quot;}}\" target=\"_blank\">Mon Actu<\/a>.<\/p>\n","protected":false},"excerpt":{"rendered":"Par Jean-Marc Aubert Publi\u00e9 le 21 juil. 2025 \u00e0 8h36 Apr\u00e8s la \u00ab\u00a0panth\u00e8re\u00a0\u00bb insaisissable dans la for\u00eat de&hellip;\n","protected":false},"author":2,"featured_media":262766,"comment_status":"","ping_status":"","sticky":false,"template":"","format":"standard","meta":{"footnotes":""},"categories":[9599],"tags":[1111,11,1867,1777,674,1011,27,1757,2208,12,2680,1072,1311,25],"class_list":{"0":"post-262765","1":"post","2":"type-post","3":"status-publish","4":"format-standard","5":"has-post-thumbnail","7":"category-montpellier","8":"tag-actu","9":"tag-actualites","10":"tag-animaux","11":"tag-eu","12":"tag-europe","13":"tag-fr","14":"tag-france","15":"tag-insolite","16":"tag-montpellier","17":"tag-news","18":"tag-occitanie","19":"tag-police","20":"tag-pompiers","21":"tag-republique-francaise"},"share_on_mastodon":{"url":"https:\/\/pubeurope.com\/@fr\/114889914097871764","error":""},"_links":{"self":[{"href":"https:\/\/www.europesays.com\/fr\/wp-json\/wp\/v2\/posts\/262765","targetHints":{"allow":["GET"]}}],"collection":[{"href":"https:\/\/www.europesays.com\/fr\/wp-json\/wp\/v2\/posts"}],"about":[{"href":"https:\/\/www.europesays.com\/fr\/wp-json\/wp\/v2\/types\/post"}],"author":[{"embeddable":true,"href":"https:\/\/www.europesays.com\/fr\/wp-json\/wp\/v2\/users\/2"}],"replies":[{"embeddable":true,"href":"https:\/\/www.europesays.com\/fr\/wp-json\/wp\/v2\/comments?post=262765"}],"version-history":[{"count":0,"href":"https:\/\/www.europesays.com\/fr\/wp-json\/wp\/v2\/posts\/262765\/revisions"}],"wp:featuredmedia":[{"embeddable":true,"href":"https:\/\/www.europesays.com\/fr\/wp-json\/wp\/v2\/media\/262766"}],"wp:attachment":[{"href":"https:\/\/www.europesays.com\/fr\/wp-json\/wp\/v2\/media?parent=262765"}],"wp:term":[{"taxonomy":"category","embeddable":true,"href":"https:\/\/www.europesays.com\/fr\/wp-json\/wp\/v2\/categories?post=262765"},{"taxonomy":"post_tag","embeddable":true,"href":"https:\/\/www.europesays.com\/fr\/wp-json\/wp\/v2\/tags?post=262765"}],"curies":[{"name":"wp","href":"https:\/\/api.w.org\/{rel}","templated":true}]}}