{"id":262768,"date":"2025-07-21T06:56:09","date_gmt":"2025-07-21T06:56:09","guid":{"rendered":"https:\/\/www.europesays.com\/fr\/262768\/"},"modified":"2025-07-21T06:56:09","modified_gmt":"2025-07-21T06:56:09","slug":"pres-de-rouen-un-projet-dhabitat-participatif-est-envisage-sur-la-friche-etanel","status":"publish","type":"post","link":"https:\/\/www.europesays.com\/fr\/262768\/","title":{"rendered":"Pr\u00e8s de Rouen, un projet d&rsquo;habitat participatif est envisag\u00e9 sur la friche \u00c9tanel"},"content":{"rendered":"<p>            Par<br \/>\n        <strong><br \/>\n            <a href=\"https:\/\/actu.fr\/auteur\/laredaction\" title=\"Consulter tous les articles de R\u00e9daction Normandie\" rel=\"nofollow noopener\" target=\"_blank\">R\u00e9daction Normandie<\/a><br \/>\n        <\/strong><\/p>\n<p>        Publi\u00e9 le<\/p>\n<p>            21 juil. 2025 \u00e0 8h07        <\/p>\n<p>Jusqu\u2019en 2008, <strong>l\u2019entreprise \u00c9tanel<\/strong> \u00e9tait install\u00e9e sur un terrain de 6 250 m\u00b2, <a href=\"https:\/\/actu.fr\/normandie\/roncherolles-sur-le-vivier_76536\" rel=\"nofollow noopener\" target=\"_blank\">\u00e0 Roncherolles-sur-le-Vivier<\/a>, <strong>pr\u00e8s de Rouen<\/strong>. Apr\u00e8s un portage par l\u2019\u00c9tablissement public foncier de Normandie (EPFN), la commune est devenue propri\u00e9taire de la friche, en 2013. Reste maintenant \u00e0 savoir quoi en faire. <strong>Un projet commence \u00e0 \u00e9merger\u2026<\/strong><\/p>\n<p>La commune veut un projet original<\/p>\n<p class=\" wall-content\">\u00ab Dans le mandat pr\u00e9c\u00e9dent (2014-2020), nous avions r\u00e9fl\u00e9chi \u00e0 ce que nous pouvions en faire. Cela a mis du temps, nous voulions un projet original \u00e0 l\u2019aune de notre \u00e9coquartier, alors qu\u2019on nous proposait des lotissements classiques. <strong>Mais, nous ne cherchons pas \u00e0 avoir trop d\u2019habitations<\/strong> \u00bb, explique la maire Sylvaine Santo, qui souhaite avec son \u00e9quipe municipale, conserver l\u2019esprit village de Roncherolles-sur-le-Vivier.<\/p>\n<p class=\" wall-content\">D\u00e8s les municipales 2020 pass\u00e9es, une commission friche Bimare a ainsi \u00e9t\u00e9 cr\u00e9\u00e9e, avec des habitants et des \u00e9lus, pour r\u00e9fl\u00e9chir sur ce sujet. Entre-temps, <strong>la friche a \u00e9t\u00e9 d\u00e9construite et d\u00e9samiant\u00e9e.<\/strong><\/p>\n<p>Quelques signes de pollution<\/p>\n<p class=\" wall-content\">\u00ab Elle pr\u00e9sente quelques signes de pollution. Nous devons refaire une autre \u00e9tude, d\u2019un co\u00fbt de 7 000\u00a0euros, fin 2025, pour lancer un devis et savoir de quoi on parle au niveau des finances. Nous ne sommes pas oblig\u00e9s de livrer le terrain d\u00e9pollu\u00e9. Ce sera un choix des \u00e9lus au moment de la vente \u00bb, poursuit la maire.<\/p>\n<p class=\" wall-content\">La commission a, en effet beaucoup d\u2019id\u00e9es, <strong>allant de la r\u00e9sidence seniors, \u00e0 la maison de sant\u00e9 en passant par un coworking<\/strong> en plus de quelques logements. \u00ab C\u2019est apr\u00e8s plusieurs visites, notamment dans les quartiers de la Grand-Mare et Grieu, \u00e0 Rouen, \u00e0 l\u2019\u00celot Effel \u00e0 Malaunay, et ensuite la rencontre avec H\u00e9l\u00e8ne Devaux d\u2019Habitat Participatif de Normandie, que nous nous sommes engag\u00e9s dans cette solution \u00bb, explique Sylvaine Santo.<\/p>\n<p class=\" wall-content\">En septembre\u00a02024, une journ\u00e9e portes ouvertes a \u00e9t\u00e9 organis\u00e9e, et des ateliers ont \u00e9t\u00e9 lanc\u00e9s. \u00ab Un petit groupe de sept foyers s\u2019est constitu\u00e9. \u00c0 partir de ce moment, le terrain a \u00e9t\u00e9 int\u00e9gr\u00e9 dans une OAP (Orientation d\u2019am\u00e9nagement et de programmation) d\u2019une surface de deux hectares, qui comprend aussi des terrains priv\u00e9s, et aupr\u00e8s de l\u2019Assistance \u00e0 ma\u00eetrise d\u2019ouvrage de la part de la M\u00e9tropole Rouen Normandie \u00bb, indique l\u2019\u00e9lue.<\/p>\n<p class=\" wall-content\">Le 8\u00a0juillet, le conseil municipal a mis au vote une d\u00e9lib\u00e9ration sur un sch\u00e9ma d\u2019am\u00e9nagement pour avoir un point de d\u00e9part, <strong>figeant ce que la commune souhaite faire de la friche.<\/strong><\/p>\n<p>Une r\u00e9flexion sur un style de vie<\/p>\n<p class=\" wall-content\">Ce n\u2019est pas tout, toutefois, d\u2019avoir des \u00e9l\u00e9ments sur le papier. Pour faire na\u00eetre un habitat participatif, il faut des habitants engag\u00e9s \u00ab o\u00f9 il y a plus de choses \u00e0 discuter qu\u2019une construction cl\u00e9 en main. C\u2019est une r\u00e9flexion sur un style de vie \u00bb, insiste l\u2019adjointe Monique Pillut-Boissi\u00e8re. Une r\u00e9union publique et des ateliers ont permis de concr\u00e9tiser une forme \u00ab avec des maisons individuelles en bande en R +\u00a01 +\u00a0C maximum, un petit jardin privatif, une salle collective et un potager partag\u00e9. Mais, rien n\u2019est arr\u00eat\u00e9, car il faut \u00e9toffer le noyau du groupe actuel \u00bb.<\/p>\n<p class=\" wall-content\">Compte tenu du nombre de logements demand\u00e9 sur l\u2019OAP, il faut compter entre 12 \u00e0 15 foyers. \u00ab C\u2019est pourquoi, nous avons aussi sollicit\u00e9 les trois bailleurs sociaux pr\u00e9sents sur la commune, afin d\u2019apporter une solution de location-accession \u00e0 l\u2019image de l\u2019\u00e9coquartier. Pour le moment, deux ont r\u00e9pondu. Nous allons donc continuer notre communication pour attirer d\u2019autres personnes \u00bb, annonce Sylvaine Santo.<\/p>\n<p>Et si vous saisissiez \u00ab\u00a0l\u2019opportunit\u00e9 de choisir vos futurs voisins\u00a0\u00bb ?<\/p>\n<p class=\" wall-content\">Si vous voulez saisir \u00ab l\u2019opportunit\u00e9 de choisir vos futurs voisins \u00bb, comme a d\u00e9crit la conseill\u00e8re municipale Christine Le Naour, une journ\u00e9e portes ouvertes et l\u2019atelier n\u00b03 sont programm\u00e9s le 27 septembre : \u00ab ceux qui seraient int\u00e9ress\u00e9s peuvent nous contacter \u00bb.<\/p>\n<p>Informations : <a href=\"https:\/\/actu.fr\/cdn-cgi\/l\/email-protection\" class=\"__cf_email__\" data-cfemail=\"c2b1a7b0b4aba1a7a3b7bab7b1a3a5a7b0b182afa3abb0aba7efb0adaca1aaa7b0adaeaea7b1b4abb4aba7b0eca4b0\" rel=\"nofollow noopener\" target=\"_blank\">[email\u00a0protected]<\/a> \u2013 02 35 59 09 59Suivez l\u2019actualit\u00e9 de Rouen <a href=\"https:\/\/www.whatsapp.com\/channel\/0029VaKfnf99hXF2ddApFB1D\" rel=\"nofollow noopener\" target=\"_blank\">sur notre cha\u00eene WhatsApp<\/a> et <a href=\"https:\/\/www.tiktok.com\/@76actu.fr?lang=fr\" rel=\"nofollow noopener\" target=\"_blank\">sur notre compte TikTok<\/a><\/p>\n<p class=\" wall-content\">Suivez toute l\u2019actualit\u00e9 de vos villes et m\u00e9dias favoris en vous inscrivant \u00e0 <a href=\"https:\/\/moncompte.actu.fr\" title=\"D\u00e9couvez Mon Actu\" rel=\"nofollow noopener\" data-trk=\"{&quot;cta&quot;:{&quot;action&quot;:&quot;https:\\\/\\\/moncompte.actu.fr&quot;,&quot;category&quot;:&quot;mon compte&quot;,&quot;from&quot;:&quot;article footer&quot;,&quot;name&quot;:&quot;Mon actu&quot;,&quot;type&quot;:&quot;cta&quot;}}\" target=\"_blank\">Mon Actu<\/a>.<\/p>\n<p>                    <script async src=\"\/\/www.tiktok.com\/embed.js\"><\/script><\/p>\n","protected":false},"excerpt":{"rendered":"Par R\u00e9daction Normandie Publi\u00e9 le 21 juil. 2025 \u00e0 8h07 Jusqu\u2019en 2008, l\u2019entreprise \u00c9tanel \u00e9tait install\u00e9e sur un&hellip;\n","protected":false},"author":2,"featured_media":262769,"comment_status":"","ping_status":"","sticky":false,"template":"","format":"standard","meta":{"footnotes":""},"categories":[9587],"tags":[1111,11,1777,674,1011,27,1116,1908,12,5161,25,9590,104],"class_list":{"0":"post-262768","1":"post","2":"type-post","3":"status-publish","4":"format-standard","5":"has-post-thumbnail","7":"category-rouen","8":"tag-actu","9":"tag-actualites","10":"tag-eu","11":"tag-europe","12":"tag-fr","13":"tag-france","14":"tag-immobilier","15":"tag-logement","16":"tag-news","17":"tag-normandie","18":"tag-republique-francaise","19":"tag-rouen","20":"tag-societe"},"share_on_mastodon":{"url":"https:\/\/pubeurope.com\/@fr\/114889921958958317","error":""},"_links":{"self":[{"href":"https:\/\/www.europesays.com\/fr\/wp-json\/wp\/v2\/posts\/262768","targetHints":{"allow":["GET"]}}],"collection":[{"href":"https:\/\/www.europesays.com\/fr\/wp-json\/wp\/v2\/posts"}],"about":[{"href":"https:\/\/www.europesays.com\/fr\/wp-json\/wp\/v2\/types\/post"}],"author":[{"embeddable":true,"href":"https:\/\/www.europesays.com\/fr\/wp-json\/wp\/v2\/users\/2"}],"replies":[{"embeddable":true,"href":"https:\/\/www.europesays.com\/fr\/wp-json\/wp\/v2\/comments?post=262768"}],"version-history":[{"count":0,"href":"https:\/\/www.europesays.com\/fr\/wp-json\/wp\/v2\/posts\/262768\/revisions"}],"wp:featuredmedia":[{"embeddable":true,"href":"https:\/\/www.europesays.com\/fr\/wp-json\/wp\/v2\/media\/262769"}],"wp:attachment":[{"href":"https:\/\/www.europesays.com\/fr\/wp-json\/wp\/v2\/media?parent=262768"}],"wp:term":[{"taxonomy":"category","embeddable":true,"href":"https:\/\/www.europesays.com\/fr\/wp-json\/wp\/v2\/categories?post=262768"},{"taxonomy":"post_tag","embeddable":true,"href":"https:\/\/www.europesays.com\/fr\/wp-json\/wp\/v2\/tags?post=262768"}],"curies":[{"name":"wp","href":"https:\/\/api.w.org\/{rel}","templated":true}]}}