{"id":26277,"date":"2025-04-15T09:49:15","date_gmt":"2025-04-15T09:49:15","guid":{"rendered":"https:\/\/www.europesays.com\/fr\/26277\/"},"modified":"2025-04-15T09:49:15","modified_gmt":"2025-04-15T09:49:15","slug":"lalcool-et-garou-revele-le-secret-pas-tres-sain-derriere-sa-voix-legendaire-louane-mal-a-laise","status":"publish","type":"post","link":"https:\/\/www.europesays.com\/fr\/26277\/","title":{"rendered":"\u00ab\u00a0L&rsquo;alcool et\u2026\u00a0\u00bb, Garou r\u00e9v\u00e8le le secret pas tr\u00e8s sain derri\u00e8re sa voix l\u00e9gendaire, Louane mal \u00e0 l&rsquo;aise"},"content":{"rendered":"<p>Sur le plateau de Quelle \u00e9poque ! sur France 2, <strong>une confidence inattendue<\/strong> a d\u00e9clench\u00e9 des rires nerveux. Garou, connu pour sa voix rauque et puissante, a lev\u00e9 le voile sur <strong>ce qui aurait forg\u00e9 ce timbre si singulier<\/strong>.<\/p>\n<p>Si certains misaient sur des ann\u00e9es de travail ou un talent brut, la v\u00e9rit\u00e9, elle, est bien plus brute encore&#8230; Et pas forc\u00e9ment un exemple \u00e0 suivre. Face \u00e0 Louane, jeune chanteuse <strong>au parcours tr\u00e8s diff\u00e9rent<\/strong>, la g\u00eane s\u2019est invit\u00e9e \u00e0 table.<\/p>\n<p>Garou, du petit gar\u00e7on complex\u00e9 \u00e0 la b\u00eate de sc\u00e8ne<\/p>\n<p>Loin de l\u2019image du chanteur s\u00fbr de lui, Garou confie qu\u2019il n\u2019a pas toujours eu cette aura. \u00ab\u00a0Petit gros\u00a0\u00bb, moqu\u00e9 \u00e0 l\u2019\u00e9cole, il dit avoir longtemps <strong>manqu\u00e9 de confiance<\/strong>. <a href=\"https:\/\/www.public.fr\/garou-cest-fini\" rel=\"nofollow noopener\" target=\"_blank\">Mais tout a bascul\u00e9<\/a> le jour o\u00f9 <strong>une guitare est entr\u00e9e dans sa vie<\/strong>.<\/p>\n<p>Tr\u00e8s vite, il se d\u00e9couvre une passion et une \u00e9chappatoire : <strong>la musique<\/strong>. Adolescent, il se lance dans un groupe <strong>aux accents punk<\/strong> et compose sa premi\u00e8re chanson dans un style bien loin des ballades qu\u2019on lui conna\u00eet. C\u2019est dans cette p\u00e9riode rebelle qu\u2019il forge ses premi\u00e8res armes musicales et sc\u00e9niques.<\/p>\n<p>Son \u00e9cole r\u00e9serv\u00e9e aux gar\u00e7ons, voisine de deux lyc\u00e9es pour filles, devient alors <strong>une petite salle de concert improvis\u00e9e<\/strong> o\u00f9 les filles payaient pour l\u2019\u00e9couter. Ce succ\u00e8s inattendu lui redonne confiance et transforme peu \u00e0 peu sa vie. <strong>Une revanche en musique<\/strong> sur des ann\u00e9es de complexes.<\/p>\n<p>Garou et ses dr\u00f4les de profs : l\u2019alcool et la clope<\/p>\n<p>Invit\u00e9 \u00e0 parler de ses influences vocales, <a href=\"https:\/\/www.public.fr\/garou-enfin-une-bonne-nouvelle-apres-12-ans-dattente\" rel=\"nofollow noopener\" target=\"_blank\">Garou surprend tout le monde<\/a>. Quand on lui demande s\u2019il a pris des cours de chant, il r\u00e9pond sans d\u00e9tour : \u00ab\u00a0Mes deux seuls profs, <strong>c\u2019\u00e9tait le whisky et la clope<\/strong>.\u00a0\u00bb Une r\u00e9v\u00e9lation lanc\u00e9e sur le ton de l\u2019humour, mais qui fait tiquer.<\/p>\n<p>Autour de la table, les rires fusent. M\u00eame Laurent Baffie rebondit, d&rsquo;un air taquin : \u00ab\u00a0Faut dire aux jeunes chanteurs de fumer !\u00a0\u00bb, en riant. Mais derri\u00e8re le trait d\u2019humour, <strong>une r\u00e9alit\u00e9 plus sombre<\/strong> pointe, les exc\u00e8s ont parfois forg\u00e9 les voix\u2026 au d\u00e9triment de la sant\u00e9.<\/p>\n<p>Ce genre de confidence rappelle que certains artistes <strong>paient leur timbre au prix fort<\/strong>. Garou assume, mais <strong>ne recommande \u00e0 personne<\/strong> de suivre le m\u00eame chemin. Un choix de vie <strong>risqu\u00e9<\/strong>, qui fait aussi partie de sa l\u00e9gende.<\/p>\n<p>Louane, entre g\u00eane et admiration<\/p>\n<p>Assise \u00e0 c\u00f4t\u00e9 de lui, Louane \u00e9coute avec attention, mais on devine <strong>une certaine distance<\/strong>. Elle, qui a toujours affich\u00e9 une image <strong>saine et engag\u00e9e<\/strong>, ne commente pas directement l\u2019anecdote. Son l\u00e9ger sourire crisp\u00e9 en dit pourtant long.<\/p>\n<p>\u00c0 une \u00e9poque o\u00f9 les artistes prennent soin de leur voix comme d\u2019un tr\u00e9sor, <strong>les propos de Garou font contraste<\/strong>. Louane semble plus proche d\u2019une g\u00e9n\u00e9ration prudente, consciente des risques. Ce face-\u00e0-face montre bien comment <strong>les m\u00e9thodes dans la musique<\/strong> <strong>ont \u00e9volu\u00e9<\/strong> au fil des ann\u00e9es.<\/p>\n<p>      Mentionn\u00e9s dans cet article<\/p>\n<p>\u00c0 lire aussi<\/p>\n","protected":false},"excerpt":{"rendered":"Sur le plateau de Quelle \u00e9poque ! sur France 2, une confidence inattendue a d\u00e9clench\u00e9 des rires nerveux.&hellip;\n","protected":false},"author":2,"featured_media":26278,"comment_status":"","ping_status":"","sticky":false,"template":"","format":"standard","meta":{"footnotes":""},"categories":[1355],"tags":[58,59,1011,27,594,8105,4501,1361,873,4495,9353,1364],"class_list":{"0":"post-26277","1":"post","2":"type-post","3":"status-publish","4":"format-standard","5":"has-post-thumbnail","7":"category-musique","8":"tag-divertissement","9":"tag-entertainment","10":"tag-fr","11":"tag-france","12":"tag-france-2","13":"tag-garou","14":"tag-louane","15":"tag-music","16":"tag-musique","17":"tag-quelle-epoque","18":"tag-revelation","19":"tag-tv"},"share_on_mastodon":{"url":"https:\/\/pubeurope.com\/@fr\/114341357997061244","error":""},"_links":{"self":[{"href":"https:\/\/www.europesays.com\/fr\/wp-json\/wp\/v2\/posts\/26277","targetHints":{"allow":["GET"]}}],"collection":[{"href":"https:\/\/www.europesays.com\/fr\/wp-json\/wp\/v2\/posts"}],"about":[{"href":"https:\/\/www.europesays.com\/fr\/wp-json\/wp\/v2\/types\/post"}],"author":[{"embeddable":true,"href":"https:\/\/www.europesays.com\/fr\/wp-json\/wp\/v2\/users\/2"}],"replies":[{"embeddable":true,"href":"https:\/\/www.europesays.com\/fr\/wp-json\/wp\/v2\/comments?post=26277"}],"version-history":[{"count":0,"href":"https:\/\/www.europesays.com\/fr\/wp-json\/wp\/v2\/posts\/26277\/revisions"}],"wp:featuredmedia":[{"embeddable":true,"href":"https:\/\/www.europesays.com\/fr\/wp-json\/wp\/v2\/media\/26278"}],"wp:attachment":[{"href":"https:\/\/www.europesays.com\/fr\/wp-json\/wp\/v2\/media?parent=26277"}],"wp:term":[{"taxonomy":"category","embeddable":true,"href":"https:\/\/www.europesays.com\/fr\/wp-json\/wp\/v2\/categories?post=26277"},{"taxonomy":"post_tag","embeddable":true,"href":"https:\/\/www.europesays.com\/fr\/wp-json\/wp\/v2\/tags?post=26277"}],"curies":[{"name":"wp","href":"https:\/\/api.w.org\/{rel}","templated":true}]}}