{"id":262770,"date":"2025-07-21T06:57:12","date_gmt":"2025-07-21T06:57:12","guid":{"rendered":"https:\/\/www.europesays.com\/fr\/262770\/"},"modified":"2025-07-21T06:57:12","modified_gmt":"2025-07-21T06:57:12","slug":"mercato-vers-un-pret-dun-joueur-du-fc-lorient-au-fc-rouen","status":"publish","type":"post","link":"https:\/\/www.europesays.com\/fr\/262770\/","title":{"rendered":"Mercato. Vers un pr\u00eat d&rsquo;un joueur du FC Lorient au FC Rouen"},"content":{"rendered":"<p><img loading=\"lazy\" decoding=\"async\" width=\"696\" height=\"464\" class=\"lazyload entry-thumb\" src=\"https:\/\/www.europesays.com\/fr\/wp-content\/uploads\/2025\/07\/Kop-Lenoble-Rouen-696x464.jpg\" alt=\"\" title=\"Kop Lenoble Rouen\"\/><\/p>\n<p style=\"font-size:20px\"><strong>D\u2019apr\u00e8s une information de notre partenaire <a href=\"https:\/\/www.ouest-france.fr\/sport\/football\/fc-lorient\/mercato-fc-lorient-enzo-genton-vers-un-pret-au-fc-rouen-en-national-cab65c2a-6591-11f0-8d96-1f3c0ceaabc2\" target=\"_blank\" rel=\"noreferrer noopener\">Ouest-France<\/a>, le jeune d\u00e9fenseur du FC Lorient Enzo Genton (19 ans) devrait \u00eatre pr\u00eat\u00e9 au <a href=\"https:\/\/footamateur.ouest-france.fr\/tag\/fc-rouen\/\" target=\"_blank\" rel=\"noopener\">FC Rouen<\/a> (National) pour la saison 2025 \u2013 2026.<\/strong><\/p>\n<p>Promu en Ligue 1, le FC Lorient devrait pr\u00eater un de ses jeunes talents pour qu\u2019il puisse s\u2019aguerrir en National. D\u2019apr\u00e8s Ouest-France, le d\u00e9fenseur central Enzo Genton, qui a sign\u00e9 son premier contrat professionnel en mars 2025, devrait en effet rejoindre le FC Rouen pour l\u2019exercice 2025 \u2013 2026.<\/p>\n<p>Le joueur de 19 ans a pris part \u00e0 6 rencontres de Ligue 2 la saison derni\u00e8re, pour un total de 44 minutes de jeu et un but marqu\u00e9. Il a \u00e9galement pris une part active dans la mont\u00e9e de l\u2019\u00e9quipe r\u00e9serve en National 2 avec notamment un doubl\u00e9 d\u00e9cisif face \u00e0 Flers.<\/p>\n<p><a href=\"https:\/\/footamateur.ouest-france.fr\/author\/fred\/\" class=\"url\" title=\"Fr\u00e9d\u00e9ric Sougey\" target=\"_blank\" rel=\"noopener\"> <img decoding=\"async\" src=\"https:\/\/www.europesays.com\/fr\/wp-content\/uploads\/2025\/04\/gnlpcfya_400x400.jpg\" class=\"lazyload photo\" width=\"250\" alt=\"Fr\u00e9d\u00e9ric Sougey\"\/><\/a><\/p>\n<p>Journaliste chez Sports M\u00e9dia<\/p>\n<p>Elev\u00e9 au c\u0153ur des Alpes, Fred quitte (temporairement) son Grenoble ador\u00e9 pour pr\u00eater sa plume et son regard au monde amateur et plus particuli\u00e8rement au Championnat National dont il est un assidu observateur. Fan de tartiflette, de Karim Mokeddem et de Mulholland Drive. Les bonnes choses de la vie, en somme.<\/p>\n<p><a href=\"https:\/\/footamateur.ouest-france.fr\/author\/fred\/\" class=\"url\" title=\"Fr\u00e9d\u00e9ric Sougey\" target=\"_blank\" rel=\"noopener\"><img decoding=\"async\" src=\"https:\/\/www.europesays.com\/fr\/wp-content\/uploads\/2025\/04\/gnlpcfya_400x400.jpg\" class=\"lazyload photo\" width=\"250\" alt=\"Fr\u00e9d\u00e9ric Sougey\"\/><\/a>Les derniers articles par Fr\u00e9d\u00e9ric Sougey (<a href=\"https:\/\/footamateur.ouest-france.fr\/author\/fred\/\" target=\"_blank\" rel=\"noopener\">tout voir<\/a>)<\/p>\n","protected":false},"excerpt":{"rendered":"D\u2019apr\u00e8s une information de notre partenaire Ouest-France, le jeune d\u00e9fenseur du FC Lorient Enzo Genton (19 ans) devrait&hellip;\n","protected":false},"author":2,"featured_media":262771,"comment_status":"","ping_status":"","sticky":false,"template":"","format":"standard","meta":{"footnotes":""},"categories":[9587],"tags":[1111,11,1777,674,3317,13096,1011,27,1434,12,5161,25,9590],"class_list":{"0":"post-262770","1":"post","2":"type-post","3":"status-publish","4":"format-standard","5":"has-post-thumbnail","7":"category-rouen","8":"tag-actu","9":"tag-actualites","10":"tag-eu","11":"tag-europe","12":"tag-fc-lorient","13":"tag-fc-rouen-1899","14":"tag-fr","15":"tag-france","16":"tag-mercato","17":"tag-news","18":"tag-normandie","19":"tag-republique-francaise","20":"tag-rouen"},"share_on_mastodon":{"url":"https:\/\/pubeurope.com\/@fr\/114889925872444019","error":""},"_links":{"self":[{"href":"https:\/\/www.europesays.com\/fr\/wp-json\/wp\/v2\/posts\/262770","targetHints":{"allow":["GET"]}}],"collection":[{"href":"https:\/\/www.europesays.com\/fr\/wp-json\/wp\/v2\/posts"}],"about":[{"href":"https:\/\/www.europesays.com\/fr\/wp-json\/wp\/v2\/types\/post"}],"author":[{"embeddable":true,"href":"https:\/\/www.europesays.com\/fr\/wp-json\/wp\/v2\/users\/2"}],"replies":[{"embeddable":true,"href":"https:\/\/www.europesays.com\/fr\/wp-json\/wp\/v2\/comments?post=262770"}],"version-history":[{"count":0,"href":"https:\/\/www.europesays.com\/fr\/wp-json\/wp\/v2\/posts\/262770\/revisions"}],"wp:featuredmedia":[{"embeddable":true,"href":"https:\/\/www.europesays.com\/fr\/wp-json\/wp\/v2\/media\/262771"}],"wp:attachment":[{"href":"https:\/\/www.europesays.com\/fr\/wp-json\/wp\/v2\/media?parent=262770"}],"wp:term":[{"taxonomy":"category","embeddable":true,"href":"https:\/\/www.europesays.com\/fr\/wp-json\/wp\/v2\/categories?post=262770"},{"taxonomy":"post_tag","embeddable":true,"href":"https:\/\/www.europesays.com\/fr\/wp-json\/wp\/v2\/tags?post=262770"}],"curies":[{"name":"wp","href":"https:\/\/api.w.org\/{rel}","templated":true}]}}