{"id":262776,"date":"2025-07-21T07:02:13","date_gmt":"2025-07-21T07:02:13","guid":{"rendered":"https:\/\/www.europesays.com\/fr\/262776\/"},"modified":"2025-07-21T07:02:13","modified_gmt":"2025-07-21T07:02:13","slug":"pres-de-rennes-des-druides-se-reunissent-en-congres","status":"publish","type":"post","link":"https:\/\/www.europesays.com\/fr\/262776\/","title":{"rendered":"pr\u00e8s de Rennes, des druides se r\u00e9unissent en congr\u00e8s"},"content":{"rendered":"<p class=\"article-p mdl\">C&rsquo;est un rassemblement insolite qui s&rsquo;est d\u00e9roul\u00e9 ce dimanche 20 juillet \u00e0\u00a0Montreuil-le-Gast, pr\u00e8s de Rennes (Ille-et-Vilaine) : les <strong>druides bretons se rassemblent lors de leur traditionnel congr\u00e8s<\/strong>.\u00a0<\/p>\n<p class=\"article-p mdl\">La cornemuse et le tambour sont de sortie dans la salle polyvalente de cette petite commune. Un long cort\u00e8ge s&rsquo;\u00e9lance alors vers <strong>une prairie o\u00f9 un cercle de pierres a \u00e9t\u00e9 dispos\u00e9<\/strong>.\u00a0<\/p>\n<p class=\"article-p mdl\">Si, dans l&rsquo;imaginaire collectif, les druides rappellent souvent Ast\u00e9rix, le grand druide de Bretagne\u00a0Per-Vari Kerloc&rsquo;h voit dans la BD de Goscinny et Uderzo un <strong>hommage \u00e0 une culture s\u00e9culaire<\/strong>. \u00ab\u00a0Je pense que c&rsquo;est quelque chose qui pla\u00eet, justement, aux Fran\u00e7ais, parce que c&rsquo;est une mani\u00e8re d&rsquo;assumer un h\u00e9ritage ancien\u00a0\u00bb, assure-t-il.\u00a0<\/p>\n<p class=\"article-p mdl\">Les participants sont v\u00eatus d&rsquo;une longue tunique bleue, verte ou blanche selon les grades, un\u00a0\u00e9tendard au symbole plut\u00f4t illisible pour un profane.\u00a0<\/p>\n<p class=\"article-p mdl\">Cependant, pas de marmite ni de Panoramix \u00e0 l&rsquo;horizon. \u00ab\u00a0On n&rsquo;est pas dans la potion magique. Je dirais qu&rsquo;on la sous-traite aux \u00c9cossais qui se d\u00e9brouillent bien mieux que nous\u00a0\u00bb, sourit Per-Vari Kerloc&rsquo;h. <strong>\u00ab\u00a0On est effectivement sur un plan symbolique, atemporel. C&rsquo;est un petit peu la magie du rituel.\u00a0\u00bb<\/strong><\/p>\n<p class=\"article-p mdl\">Un rituel qui perdure en Bretagne depuis 1899. Il existerait aujourd&rsquo;hui<strong> entre 300 et 400 druides dans la r\u00e9gion.\u00a0<\/strong><\/p>\n<p>    L&rsquo;\u00e9quipe de l&rsquo;\u00e9mission vous recommande<\/p>\n<p class=\"s-newsletter__title\">\n                L\u2019actualit\u00e9 par la r\u00e9daction de RTL dans votre bo\u00eete mail.\n            <\/p>\n<p class=\"s-newsletter__subtitle\">\n                Gr\u00e2ce \u00e0 votre compte RTL abonnez-vous \u00e0 la newsletter RTL info pour suivre toute l&rsquo;actualit\u00e9 au quotidien\n            <\/p>\n<p>\n                                    Lire la suite\n                                <\/p>\n","protected":false},"excerpt":{"rendered":"C&rsquo;est un rassemblement insolite qui s&rsquo;est d\u00e9roul\u00e9 ce dimanche 20 juillet \u00e0\u00a0Montreuil-le-Gast, pr\u00e8s de Rennes (Ille-et-Vilaine) : les&hellip;\n","protected":false},"author":2,"featured_media":262777,"comment_status":"","ping_status":"","sticky":false,"template":"","format":"standard","meta":{"footnotes":""},"categories":[2821],"tags":[1111,11,829,251,1777,674,107,1011,27,12,584,25],"class_list":{"0":"post-262776","1":"post","2":"type-post","3":"status-publish","4":"format-standard","5":"has-post-thumbnail","7":"category-rennes","8":"tag-actu","9":"tag-actualites","10":"tag-bretagne","11":"tag-culture","12":"tag-eu","13":"tag-europe","14":"tag-fil-info","15":"tag-fr","16":"tag-france","17":"tag-news","18":"tag-rennes","19":"tag-republique-francaise"},"share_on_mastodon":{"url":"https:\/\/pubeurope.com\/@fr\/114889945357014620","error":""},"_links":{"self":[{"href":"https:\/\/www.europesays.com\/fr\/wp-json\/wp\/v2\/posts\/262776","targetHints":{"allow":["GET"]}}],"collection":[{"href":"https:\/\/www.europesays.com\/fr\/wp-json\/wp\/v2\/posts"}],"about":[{"href":"https:\/\/www.europesays.com\/fr\/wp-json\/wp\/v2\/types\/post"}],"author":[{"embeddable":true,"href":"https:\/\/www.europesays.com\/fr\/wp-json\/wp\/v2\/users\/2"}],"replies":[{"embeddable":true,"href":"https:\/\/www.europesays.com\/fr\/wp-json\/wp\/v2\/comments?post=262776"}],"version-history":[{"count":0,"href":"https:\/\/www.europesays.com\/fr\/wp-json\/wp\/v2\/posts\/262776\/revisions"}],"wp:featuredmedia":[{"embeddable":true,"href":"https:\/\/www.europesays.com\/fr\/wp-json\/wp\/v2\/media\/262777"}],"wp:attachment":[{"href":"https:\/\/www.europesays.com\/fr\/wp-json\/wp\/v2\/media?parent=262776"}],"wp:term":[{"taxonomy":"category","embeddable":true,"href":"https:\/\/www.europesays.com\/fr\/wp-json\/wp\/v2\/categories?post=262776"},{"taxonomy":"post_tag","embeddable":true,"href":"https:\/\/www.europesays.com\/fr\/wp-json\/wp\/v2\/tags?post=262776"}],"curies":[{"name":"wp","href":"https:\/\/api.w.org\/{rel}","templated":true}]}}