{"id":262781,"date":"2025-07-21T07:08:51","date_gmt":"2025-07-21T07:08:51","guid":{"rendered":"https:\/\/www.europesays.com\/fr\/262781\/"},"modified":"2025-07-21T07:08:51","modified_gmt":"2025-07-21T07:08:51","slug":"quel-est-donc-cet-immense-bateau-de-croisiere-qui-voguait-pres-de-nos-cotes-ces-derniers-jours-a-nice","status":"publish","type":"post","link":"https:\/\/www.europesays.com\/fr\/262781\/","title":{"rendered":"Quel est donc cet immense bateau de croisi\u00e8re qui voguait pr\u00e8s de nos c\u00f4tes ces derniers jours \u00e0 Nice?"},"content":{"rendered":"<p>Si vous \u00eates all\u00e9s vous promener <strong>en bord de mer ce lundi 14 juillet<\/strong>, vos yeux se sont tr\u00e8s probablement pos\u00e9s sur cet immense bateau de croisi\u00e8re qui voguait non loin de nos c\u00f4tes.<\/p>\n<p>Ce navire, le <strong>Celebrity Equinox,<\/strong> faisait une escale du c\u00f4t\u00e9 de Villefranche-sur-Mer, <strong>avant de reprendre sa route vers Marseille<\/strong>, o\u00f9 il est ce mardi matin.<\/p>\n<p>V\u00e9ritable \u00ab\u00a0monstre des mers\u00a0\u00bb, il peut embarquer <strong>2.850 passagers, compte un millier de personnels d&rsquo;\u00e9quipage, 1.426 cabines<\/strong>, et mesure pr\u00e8s de 315m de long.<\/p>\n<p>C\u00f4t\u00e9 activit\u00e9, il offre <strong>une dizaine de restaurants,<\/strong> la possibilit\u00e9 de faire du \u00ab\u00a0glamping\u00a0\u00bb, des piscines, diverses activit\u00e9s, etc&#8230;\u00a0<\/p>\n<p><strong>Battant pavillon maltais<\/strong>, il partage son temps entre les croisi\u00e8res en M\u00e9diterran\u00e9e l&rsquo;\u00e9t\u00e9 et les Cara\u00efbes en hiver.<\/p>\n<p>Actuellement, <strong>le navire fait des croisi\u00e8res en M\u00e9diterran\u00e9e<\/strong>, entre Palma, Marseille, Villefranche, ou encore La Spezia.<\/p>\n<p>Et si vous vous \u00e9tonniez de croiser un si grand navire du c\u00f4t\u00e9 de chez nous, <a href=\"https:\/\/www.nicematin.com\/vie-locale\/croisieres-xxl-la-justice-suspend-l-arrete-du-president-de-la-metropole-nice-cote-d-azur-christian-estrosi-994100\" rel=\"nofollow noopener\" target=\"_blank\">le tribunal administratif de Nice, saisi par le pr\u00e9fet des Alpes-Maritimes, a suspendu dimanche 13 juillet, <strong>un arr\u00eat\u00e9 de Christian Estrosi qui cherchait \u00e0 limiter les escales de paquebots g\u00e9ants pr\u00e8s de Nice<\/strong><\/a>, estimant que cela n&rsquo;\u00e9tait pas de sa comp\u00e9tence.<\/p>\n<p>Le maire de Nice, qui avait agi en tant que pr\u00e9sident de la m\u00e9tropole Nice C\u00f4te d&rsquo;Azur, n&rsquo;est \u00ab\u00a0pas comp\u00e9tent pour \u00e9dicter de telles mesures\u00a0\u00bb et seul le pr\u00e9fet des Alpes-Maritimes peut \u00ab\u00a0dans le cadre de ses pouvoirs de police du plan d&rsquo;eau, organiser les entr\u00e9es, les sorties et les mouvements des navires\u00a0\u00bb, <strong>a expliqu\u00e9 le tribunal administratif dans un communiqu\u00e9.<\/strong><\/p>\n<p>Apr\u00e8s avoir annonc\u00e9 fin janvier <strong>une interdiction des plus gros navires de croisi\u00e8re dans la baie de Villefranche-sur-Mer<\/strong>, voisine de Nice, M. Estrosi y avait renonc\u00e9 fin f\u00e9vrier.<\/p>\n<p>Mais, mercredi 9 juillet, il avait pris <strong>un nouvel arr\u00eat\u00e9 limitant le nombre de navires de plus de 2.500 passagers \u00e0 65 par an<\/strong> \u00e0 Villefranche-sur-Mer et interdisant les escales de <strong>bateaux de plus de 450 passagers<\/strong> dans le port de Nice, qui n&rsquo;accueille d\u00e9j\u00e0 que les bateaux les plus petits, souvent les plus luxueux.<\/p>\n<p>Il avait justifi\u00e9 cet arr\u00eat\u00e9 <strong>en \u00e9voquant<\/strong><strong> \u00ab\u00a0l&rsquo;urgence climatique<\/strong>, la protection de la biodiversit\u00e9 marine, la promotion d&rsquo;un tourisme raisonn\u00e9 et la protection du patrimoine\u00a0\u00bb.<\/p>\n","protected":false},"excerpt":{"rendered":"Si vous \u00eates all\u00e9s vous promener en bord de mer ce lundi 14 juillet, vos yeux se sont&hellip;\n","protected":false},"author":2,"featured_media":262782,"comment_status":"","ping_status":"","sticky":false,"template":"","format":"standard","meta":{"footnotes":""},"categories":[2819],"tags":[1111,11,436,1777,674,1011,27,12,2401,882,25],"class_list":{"0":"post-262781","1":"post","2":"type-post","3":"status-publish","4":"format-standard","5":"has-post-thumbnail","7":"category-nice","8":"tag-actu","9":"tag-actualites","10":"tag-environnement","11":"tag-eu","12":"tag-europe","13":"tag-fr","14":"tag-france","15":"tag-news","16":"tag-nice","17":"tag-provence-alpes-cote-dazur","18":"tag-republique-francaise"},"share_on_mastodon":{"url":"https:\/\/pubeurope.com\/@fr\/114889973064481022","error":""},"_links":{"self":[{"href":"https:\/\/www.europesays.com\/fr\/wp-json\/wp\/v2\/posts\/262781","targetHints":{"allow":["GET"]}}],"collection":[{"href":"https:\/\/www.europesays.com\/fr\/wp-json\/wp\/v2\/posts"}],"about":[{"href":"https:\/\/www.europesays.com\/fr\/wp-json\/wp\/v2\/types\/post"}],"author":[{"embeddable":true,"href":"https:\/\/www.europesays.com\/fr\/wp-json\/wp\/v2\/users\/2"}],"replies":[{"embeddable":true,"href":"https:\/\/www.europesays.com\/fr\/wp-json\/wp\/v2\/comments?post=262781"}],"version-history":[{"count":0,"href":"https:\/\/www.europesays.com\/fr\/wp-json\/wp\/v2\/posts\/262781\/revisions"}],"wp:featuredmedia":[{"embeddable":true,"href":"https:\/\/www.europesays.com\/fr\/wp-json\/wp\/v2\/media\/262782"}],"wp:attachment":[{"href":"https:\/\/www.europesays.com\/fr\/wp-json\/wp\/v2\/media?parent=262781"}],"wp:term":[{"taxonomy":"category","embeddable":true,"href":"https:\/\/www.europesays.com\/fr\/wp-json\/wp\/v2\/categories?post=262781"},{"taxonomy":"post_tag","embeddable":true,"href":"https:\/\/www.europesays.com\/fr\/wp-json\/wp\/v2\/tags?post=262781"}],"curies":[{"name":"wp","href":"https:\/\/api.w.org\/{rel}","templated":true}]}}