{"id":262796,"date":"2025-07-21T07:17:37","date_gmt":"2025-07-21T07:17:37","guid":{"rendered":"https:\/\/www.europesays.com\/fr\/262796\/"},"modified":"2025-07-21T07:17:37","modified_gmt":"2025-07-21T07:17:37","slug":"lhypothese-de-la-chute-mortelle-se-renforce-2","status":"publish","type":"post","link":"https:\/\/www.europesays.com\/fr\/262796\/","title":{"rendered":"l&rsquo;hypoth\u00e8se de la chute mortelle se renforce"},"content":{"rendered":"<p>Le\u00a0parquet a confirm\u00e9 la dramatique hypoth\u00e8se,\u00a0ce vendredi :\u00a0le nourrisson\u00a0<a href=\"https:\/\/www.ledauphine.com\/faits-divers-justice\/2025\/07\/16\/enquete-ouverte-apres-la-mort-d-un-nourrisson-a-l-hopital-retrouve-inerte-sur-le-sol\" target=\"_blank\" rel=\"nofollow noopener\">retrouv\u00e9 bless\u00e9 par terre<\/a> dans un service de n\u00e9onatalogie du CHU de Lille (Nord) est mort d&rsquo;un traumatisme tr\u00e8s s\u00e9v\u00e8re \u00ab compatible avec une chute au sol \u00bb.<\/p>\n<p>Bless\u00e9e vendredi, elle est morte mardi<\/p>\n<p>La procureure de la R\u00e9publique Carole Etienne a par ailleurs corrobor\u00e9 l&rsquo;information indiquant\u00a0qu&rsquo;un enfant a \u00e9t\u00e9 vu pr\u00e8s du berceau au moment des faits, qui\u00a0se sont d\u00e9roul\u00e9s le vendredi 11 juillet au sein du service n\u00e9onatologie de l&rsquo;h\u00f4pital Jeanne de Flandre, l&rsquo;une des principales maternit\u00e9s de la r\u00e9gion.<\/p>\n<p>En fin de matin\u00e9e, une petite fille de cinq jours, n\u00e9e pr\u00e9matur\u00e9e, a \u00e9t\u00e9 retrouv\u00e9e inerte au sol dans une chambre de soin. Elle est d\u00e9c\u00e9d\u00e9e mardi. Confirmant les d\u00e9clarations de la famille\u00a0du nourrisson, qui a\u00a0point\u00e9 le comportement perturbateur du fr\u00e8re d&rsquo;un autre b\u00e9b\u00e9 hospitalis\u00e9 dans le service, la procureure confirme qu&rsquo;un \u00ab enfant de six ans, membre d&rsquo;une autre famille, a effectivement \u00e9t\u00e9 vu \u00e0 proximit\u00e9 du berceau et de l&rsquo;enfant au sol \u00bb.<\/p>\n<p>  La v\u00e9tust\u00e9 des locaux d\u00e9nonc\u00e9e<\/p>\n<p>L&rsquo;enqu\u00eate ouverte pour \u00ab recherche des causes de la mort \u00bb \u00ab se poursuit par de nombreuses diligences et auditions \u00bb, indique encore le parquet.<\/p>\n<p>La famille\u00a0du nourrisson, qui n&rsquo;a pas encore d\u00e9cid\u00e9 de porter plainte ou non, a appel\u00e9 l&rsquo;h\u00f4pital \u00e0\u00a0\u00ab assumer sa responsabilit\u00e9 \u00bb pour que \u00ab cela n&rsquo;arrive plus jamais \u00bb. Ils d\u00e9plorent notamment \u00ab la v\u00e9tust\u00e9 des locaux \u00bb, a indiqu\u00e9 une cousine du p\u00e8re du b\u00e9b\u00e9, Karima Farhi, soulignant que les infirmi\u00e8res ne disposent pas de vitre permettant de surveiller en permanence des enfants hospitalis\u00e9s loin de leurs m\u00e8res et confi\u00e9s \u00e0 leur responsabilit\u00e9.\u00a0<\/p>\n<p>Le gar\u00e7onnet s&rsquo;int\u00e9ressait \u00e0 la petite fille<\/p>\n<p>Elle souligne en outre que \u00ab le personnel m\u00e9dical avait \u00e9t\u00e9 pr\u00e9venu \u00bb du \u00ab comportement anormal depuis plusieurs jours \u00bb du gar\u00e7onnet, d\u00e9j\u00e0 vu \u00e0 proximit\u00e9 de la petite Zayneb, \u00ab qu&rsquo;il appelait \u00a0\u00bbma poup\u00e9e\u00a0\u00bb \u00bb. Ce qui n&rsquo;a pas emp\u00each\u00e9 sa pr\u00e9sence dans le service le 11 juillet en fin de matin\u00e9e alors que les visites n&rsquo;y sont autoris\u00e9es qu&rsquo;\u00e0 partir de midi, selon elle.<\/p>\n<p>La famille a lanc\u00e9 ce vendredi un \u00ab appel \u00e0 t\u00e9moins \u00bb aux parents dont les enfants ont \u00e9t\u00e9 hospitalis\u00e9s \u00e0 Jeanne de Flandre, et \u00ab qui ont pu constater ou vivre le manque de s\u00e9curit\u00e9 et de surveillance des b\u00e9b\u00e9s \u00bb, les appelant \u00e0 contacter le parquet de Lille.<\/p>\n","protected":false},"excerpt":{"rendered":"Le\u00a0parquet a confirm\u00e9 la dramatique hypoth\u00e8se,\u00a0ce vendredi :\u00a0le nourrisson\u00a0retrouv\u00e9 bless\u00e9 par terre dans un service de n\u00e9onatalogie du&hellip;\n","protected":false},"author":2,"featured_media":262681,"comment_status":"","ping_status":"","sticky":false,"template":"","format":"standard","meta":{"footnotes":""},"categories":[2815],"tags":[1111,11,1777,674,274,107,1011,27,329,811,1307,12,25],"class_list":{"0":"post-262796","1":"post","2":"type-post","3":"status-publish","4":"format-standard","5":"has-post-thumbnail","7":"category-lille","8":"tag-actu","9":"tag-actualites","10":"tag-eu","11":"tag-europe","12":"tag-faits-divers-justice","13":"tag-fil-info","14":"tag-fr","15":"tag-france","16":"tag-france-monde","17":"tag-hauts-de-france","18":"tag-lille","19":"tag-news","20":"tag-republique-francaise"},"share_on_mastodon":{"url":"https:\/\/pubeurope.com\/@fr\/114890004511400578","error":""},"_links":{"self":[{"href":"https:\/\/www.europesays.com\/fr\/wp-json\/wp\/v2\/posts\/262796","targetHints":{"allow":["GET"]}}],"collection":[{"href":"https:\/\/www.europesays.com\/fr\/wp-json\/wp\/v2\/posts"}],"about":[{"href":"https:\/\/www.europesays.com\/fr\/wp-json\/wp\/v2\/types\/post"}],"author":[{"embeddable":true,"href":"https:\/\/www.europesays.com\/fr\/wp-json\/wp\/v2\/users\/2"}],"replies":[{"embeddable":true,"href":"https:\/\/www.europesays.com\/fr\/wp-json\/wp\/v2\/comments?post=262796"}],"version-history":[{"count":0,"href":"https:\/\/www.europesays.com\/fr\/wp-json\/wp\/v2\/posts\/262796\/revisions"}],"wp:featuredmedia":[{"embeddable":true,"href":"https:\/\/www.europesays.com\/fr\/wp-json\/wp\/v2\/media\/262681"}],"wp:attachment":[{"href":"https:\/\/www.europesays.com\/fr\/wp-json\/wp\/v2\/media?parent=262796"}],"wp:term":[{"taxonomy":"category","embeddable":true,"href":"https:\/\/www.europesays.com\/fr\/wp-json\/wp\/v2\/categories?post=262796"},{"taxonomy":"post_tag","embeddable":true,"href":"https:\/\/www.europesays.com\/fr\/wp-json\/wp\/v2\/tags?post=262796"}],"curies":[{"name":"wp","href":"https:\/\/api.w.org\/{rel}","templated":true}]}}