{"id":262799,"date":"2025-07-21T07:19:12","date_gmt":"2025-07-21T07:19:12","guid":{"rendered":"https:\/\/www.europesays.com\/fr\/262799\/"},"modified":"2025-07-21T07:19:12","modified_gmt":"2025-07-21T07:19:12","slug":"paris-marseille-3-francais-sur-4-pensent-que-louverture-a-la-concurrence-du-rail-va-faire-baisser-les-prix","status":"publish","type":"post","link":"https:\/\/www.europesays.com\/fr\/262799\/","title":{"rendered":"Paris-Marseille : 3 Fran\u00e7ais sur 4 pensent que l&rsquo;ouverture \u00e0 la concurrence du rail va faire baisser les prix"},"content":{"rendered":"<p>\t\t\t\t\t\t\t\tParis-Marseille : 3 Fran\u00e7ais sur 4 pensent que l\u2019ouverture \u00e0 la concurrence du rail va faire baisser les prix<\/p>\n<p>\u00a0<\/p>\n<p class=\"ai-optimize-6 ai-optimize-introduction\">\u00c0 l\u2019occasion de l\u2019ouverture \u00e0 la concurrence sur la ligne Paris-Marseille, Trainline d\u00e9voile une nouvelle \u00e9tude* sur les habitudes et les attentes des Fran\u00e7ais en mati\u00e8re de mobilit\u00e9. D\u00e8s le 15 juin, un nouvel op\u00e9rateur <a href=\"https:\/\/www.infotravel.fr\/bons-plans\/leurope-a-portee-de-train-avec-des-pass-rail-en-illimite\/\" rel=\"nofollow noopener\" target=\"_blank\">ferroviaire<\/a> circulera pour la premi\u00e8re fois sur cette liaison historique, marquant ainsi un tournant pour les voyageurs. Ce changement, tr\u00e8s attendu, pourrait bien rebattre les cartes du paysage ferroviaire fran\u00e7ais\u2026 et rapprocher Parisiens et Marseillais comme jamais auparavant.<\/p>\n<p><img loading=\"lazy\" decoding=\"async\" src=\"data:image\/svg+xml,%3Csvg%20xmlns=\" http:=\"\" alt=\"MARSEILLE\" width=\"960\" height=\"635\" data-lazy- data-lazy- data-lazy-src=\"https:\/\/www.europesays.com\/fr\/wp-content\/uploads\/2025\/07\/Marseille-Unveiled-Immerse-Yourself-in-the-Charm-of-the-Mediterranean-with-a-Captivating-City-Break..jpeg\"\/><\/p>\n<p class=\"ai-optimize-7\"><strong>LE TRAIN, GRAND FAVORI POUR RELIER PARIS ET MARSEILLE<\/strong><\/p>\n<p class=\"ai-optimize-8\">Pr\u00e8s de 6 Fran\u00e7ais sur 10 privil\u00e9gieraient le train pour un trajet entre Paris et Marseille. Un choix encore plus marqu\u00e9 chez les jeunes : 73 % des 18-24 ans et 65 % des 25-34 ans optent pour ce mode de transport.<\/p>\n<p class=\"ai-optimize-9\">Les habitants des grandes m\u00e9tropoles (Paris, Lyon, Marseille, Montpellier) sont \u00e9galement plus enclins que la moyenne nationale \u00e0 choisir le rail.<\/p>\n<p class=\"ai-optimize-10\">\u00c0 Marseille, l\u2019attachement au train est particuli\u00e8rement fort : 78 % des Marseillais d\u00e9clarent le pr\u00e9f\u00e9rer pour communiquer avec Paris, contre 67 % des Parisiens.<\/p>\n<p class=\"ai-optimize-11\"><strong>L\u2019OUVERTURE \u00c0 LA CONCURRENCE GRANDEMENT BIEN RE\u00c7UE<\/strong><\/p>\n<p class=\"ai-optimize-12\">L\u2019arriv\u00e9e de nouveaux acteurs ferroviaires sur la ligne Paris-Marseille est bien accueillie : 82% des Fran\u00e7ais estiment que cette concurrence est b\u00e9n\u00e9fique pour les voyageurs. Et ils sont 3 sur 4 \u00e0 penser qu\u2019elle permettra de rendre les trajets plus accessibles.<\/p>\n<p class=\"ai-optimize-13\">Les Parisiens et Marseillais s\u2019engagent \u00e0 r\u00e9aliser plus de voyages entre les deux villes 1 personne sur 2 (50% \u00e0 Paris et 59% \u00e0 Marseille), se dit pr\u00eat \u00e0 faire plus de voyages entre les deux villes gr\u00e2ce \u00e0 l\u2019ouverture \u00e0 la concurrence.<\/p>\n<p class=\"ai-optimize-14\">\u00ab\u00a0Nous attendons avec impatience l\u2019ouverture \u00e0 la concurrence sur cette ligne. L\u2019arriv\u00e9e d\u2019un nouvel op\u00e9rateur est une excellente nouvelle : elle va permettre de faire baisser les prix sur le long terme et d\u2019offrir plus de choix aux <a href=\"https:\/\/www.infotravel.fr\/actualites\/les-attentes-des-francais-en-matiere-de-mobilite\/\" rel=\"nofollow noopener\" target=\"_blank\">voyageurs<\/a>. Chez Trainline, nous sommes convaincus que le train doit rester le premier r\u00e9flexe pour relier Paris \u00e0 Marseille et nous esp\u00e9rons que cette initiative gourmande contribuera \u00e0 le rappeler avec le sourire\u00a0\u00bb d\u00e9clare Cl\u00e9ment Bretagnolle, Country Manager France Trainline.<\/p>\n<p><img loading=\"lazy\" decoding=\"async\" class=\"wp-image-81298 size-large\" src=\"data:image\/svg+xml,%3Csvg%20xmlns=\" http:=\"\" alt=\"TRAIN\" width=\"1000\" height=\"572\" data-lazy- data-lazy- data-lazy-src=\"https:\/\/www.europesays.com\/fr\/wp-content\/uploads\/2025\/07\/train-8359657_1280-1000x572.png\"\/>PIXABAY IA<\/p>\n<p class=\"ai-optimize-15\"><strong>PARIS-MARSEILLE : UNE ENTENTE EST POSSIBLE !<\/strong><\/p>\n<p class=\"ai-optimize-16\">Malgr\u00e9 la rivalit\u00e9 entre Parisiens et Marseillais, 6 Fran\u00e7ais sur 10 pensent qu\u2019il peut y avoir une forme d\u2019entente entre les deux villes. Ce regard optimiste est particuli\u00e8rement partag\u00e9 par les plus jeunes (77% des 18-24 ans et 76% des 25-34 ans), mais aussi par les habitants eux-m\u00eames : 69% des Parisiens et pr\u00e8s des trois-quarts des Marseillais (73%) s\u2019accordent sur cette id\u00e9e.<\/p>\n<p class=\"ai-optimize-17\">Pour c\u00e9l\u00e9brer l\u2019ouverture \u00e0 la concurrence, Trainline s\u2019associe au chef marseillais Valentin Raffali (ex-Top Chef) pour revisiter un symbole local : la pizza \u00ab moiti\u00e9-moiti\u00e9 \u00bb en une cr\u00e9ation exclusive qui r\u00e9unit les saveurs de Paris et Marseille dans une m\u00eame assiette.<\/p>\n<p class=\"ai-optimize-19\">\u00c0 Paris : les 13 et 14 juin, parvis de la Gare de Lyon, de 11h \u00e0 20h<\/p>\n<p class=\"ai-optimize-20\">\u00c0 Marseille : le 22 juin, parvis de la Gare Saint-Charles, de 11h \u00e0 20h<\/p>\n<p class=\"ai-optimize-23\">* Etude Yougov pour Trainline, avril 2025<\/p>\n","protected":false},"excerpt":{"rendered":"Paris-Marseille : 3 Fran\u00e7ais sur 4 pensent que l\u2019ouverture \u00e0 la concurrence du rail va faire baisser les&hellip;\n","protected":false},"author":2,"featured_media":262800,"comment_status":"","ping_status":"","sticky":false,"template":"","format":"standard","meta":{"footnotes":""},"categories":[2814],"tags":[1111,11,7552,10009,1777,674,1011,27,17782,884,12,882,25,602,10030,2528,586],"class_list":{"0":"post-262799","1":"post","2":"type-post","3":"status-publish","4":"format-standard","5":"has-post-thumbnail","7":"category-marseille","8":"tag-actu","9":"tag-actualites","10":"tag-balade","11":"tag-destination","12":"tag-eu","13":"tag-europe","14":"tag-fr","15":"tag-france","16":"tag-infotravel","17":"tag-marseille","18":"tag-news","19":"tag-provence-alpes-cote-dazur","20":"tag-republique-francaise","21":"tag-tourisme","22":"tag-travel","23":"tag-vacances","24":"tag-voyage"},"share_on_mastodon":{"url":"https:\/\/pubeurope.com\/@fr\/114890012489997935","error":""},"_links":{"self":[{"href":"https:\/\/www.europesays.com\/fr\/wp-json\/wp\/v2\/posts\/262799","targetHints":{"allow":["GET"]}}],"collection":[{"href":"https:\/\/www.europesays.com\/fr\/wp-json\/wp\/v2\/posts"}],"about":[{"href":"https:\/\/www.europesays.com\/fr\/wp-json\/wp\/v2\/types\/post"}],"author":[{"embeddable":true,"href":"https:\/\/www.europesays.com\/fr\/wp-json\/wp\/v2\/users\/2"}],"replies":[{"embeddable":true,"href":"https:\/\/www.europesays.com\/fr\/wp-json\/wp\/v2\/comments?post=262799"}],"version-history":[{"count":0,"href":"https:\/\/www.europesays.com\/fr\/wp-json\/wp\/v2\/posts\/262799\/revisions"}],"wp:featuredmedia":[{"embeddable":true,"href":"https:\/\/www.europesays.com\/fr\/wp-json\/wp\/v2\/media\/262800"}],"wp:attachment":[{"href":"https:\/\/www.europesays.com\/fr\/wp-json\/wp\/v2\/media?parent=262799"}],"wp:term":[{"taxonomy":"category","embeddable":true,"href":"https:\/\/www.europesays.com\/fr\/wp-json\/wp\/v2\/categories?post=262799"},{"taxonomy":"post_tag","embeddable":true,"href":"https:\/\/www.europesays.com\/fr\/wp-json\/wp\/v2\/tags?post=262799"}],"curies":[{"name":"wp","href":"https:\/\/api.w.org\/{rel}","templated":true}]}}