{"id":262812,"date":"2025-07-21T07:26:13","date_gmt":"2025-07-21T07:26:13","guid":{"rendered":"https:\/\/www.europesays.com\/fr\/262812\/"},"modified":"2025-07-21T07:26:13","modified_gmt":"2025-07-21T07:26:13","slug":"le-choix-de-lecole-centre-de-formation-pour-futurs-profs-contractuels-liberation","status":"publish","type":"post","link":"https:\/\/www.europesays.com\/fr\/262812\/","title":{"rendered":"le Choix de l\u2019\u00e9cole, centre de formation pour futurs profs contractuels \u2013 Lib\u00e9ration"},"content":{"rendered":"<p class=\"sc-ksZaOG ehjQrN text-element\">\u00abAvant de commencer, on va r\u00e9activer vos automatismes en calcul mental. Prenez vos cahiers\u00bb, lance une jeune femme debout, dos au tableau. Plus de 80 adultes, assis en rangs plus ou moins serr\u00e9s, s\u2019ex\u00e9cutent ou tentent de suivre. \u00abTrois fois huit. Sept fois neuf.\u00bb L\u2019auditoire est un peu perdu. Faut-il r\u00e9pondre \u00e0 chaque calcul au fil de sa voix ou attendre qu\u2019elle les ait tous dict\u00e9s ? Elle va vite, trop vite. Dans cette salle de classe du lyc\u00e9e polyvalent d\u2019Alembert \u00e0 Aubervilliers (Seine-Saint-Denis), l\u2019exercice n\u2019est pas un simple jeu de r\u00f4le. L\u2019apr\u00e8s-midi est studieux, l\u2019enjeu r\u00e9el : apprendre \u00e0 formuler une consigne claire. Il faut parler fort, regarder tout le monde, \u00e9viter les explications floues ou trop longues.<\/p>\n<p class=\"sc-ksZaOG ehjQrN text-element\">Dans un un peu plus d\u2019un mois, ces volontaires seront profs dans des \u00e9coles ou coll\u00e8ges en \u00e9ducation prioritaire ou dans des lyc\u00e9es technologiques ou professionnels. Certains ont quitt\u00e9 leur emploi, d\u2019autres ont tout juste termin\u00e9 leurs \u00e9tudes. Tous participent au programme d\u2019accompagnement de l\u2019association le Choix de l\u2019\u00e9cole, avant d\u2019enseigner \u00e0 partir de septembre comme <a href=\"https:\/\/www.liberation.fr\/societe\/education\/rentree-scolaire-on-a-nous-conseille-deviter-de-dire-quon-est-contractuels-cest-mal-percu-20220902_7MS5SPSD65CMLJVZUV3QPMPRJU\/\" target=\"_blank\" rel=\"noopener\" title=\"https:\/\/www.liberation.fr\/societe\/education\/rentree-scolaire-on-a-nous-conseille-deviter-de-dire-quon-est-contractuels-cest-mal-percu-20220902_7MS5SPSD65CMLJVZUV3QPMPRJU\/&lt;\/p&gt;&lt;\/div&gt;&lt;\/article&gt;&lt;\/div&gt;&lt;div data-fusion-lazy-id=\" f0f8vgvlad832fw=\"\"><\/p>\n","protected":false},"excerpt":{"rendered":"\u00abAvant de commencer, on va r\u00e9activer vos automatismes en calcul mental. Prenez vos cahiers\u00bb, lance une jeune femme&hellip;\n","protected":false},"author":2,"featured_media":262813,"comment_status":"","ping_status":"","sticky":false,"template":"","format":"standard","meta":{"footnotes":""},"categories":[1888],"tags":[11,1122,1777,674,1011,27,12,626,25],"class_list":{"0":"post-262812","1":"post","2":"type-post","3":"status-publish","4":"format-standard","5":"has-post-thumbnail","7":"category-paris","8":"tag-actualites","9":"tag-ecole","10":"tag-eu","11":"tag-europe","12":"tag-fr","13":"tag-france","14":"tag-news","15":"tag-paris","16":"tag-republique-francaise"},"share_on_mastodon":{"url":"https:\/\/pubeurope.com\/@fr\/114890040122249861","error":""},"_links":{"self":[{"href":"https:\/\/www.europesays.com\/fr\/wp-json\/wp\/v2\/posts\/262812","targetHints":{"allow":["GET"]}}],"collection":[{"href":"https:\/\/www.europesays.com\/fr\/wp-json\/wp\/v2\/posts"}],"about":[{"href":"https:\/\/www.europesays.com\/fr\/wp-json\/wp\/v2\/types\/post"}],"author":[{"embeddable":true,"href":"https:\/\/www.europesays.com\/fr\/wp-json\/wp\/v2\/users\/2"}],"replies":[{"embeddable":true,"href":"https:\/\/www.europesays.com\/fr\/wp-json\/wp\/v2\/comments?post=262812"}],"version-history":[{"count":0,"href":"https:\/\/www.europesays.com\/fr\/wp-json\/wp\/v2\/posts\/262812\/revisions"}],"wp:featuredmedia":[{"embeddable":true,"href":"https:\/\/www.europesays.com\/fr\/wp-json\/wp\/v2\/media\/262813"}],"wp:attachment":[{"href":"https:\/\/www.europesays.com\/fr\/wp-json\/wp\/v2\/media?parent=262812"}],"wp:term":[{"taxonomy":"category","embeddable":true,"href":"https:\/\/www.europesays.com\/fr\/wp-json\/wp\/v2\/categories?post=262812"},{"taxonomy":"post_tag","embeddable":true,"href":"https:\/\/www.europesays.com\/fr\/wp-json\/wp\/v2\/tags?post=262812"}],"curies":[{"name":"wp","href":"https:\/\/api.w.org\/{rel}","templated":true}]}}