{"id":262814,"date":"2025-07-21T07:27:13","date_gmt":"2025-07-21T07:27:13","guid":{"rendered":"https:\/\/www.europesays.com\/fr\/262814\/"},"modified":"2025-07-21T07:27:13","modified_gmt":"2025-07-21T07:27:13","slug":"a-paris-des-celebrites-sopposent-a-limplantation-dune-superette-dans-le-vie-arrondissement","status":"publish","type":"post","link":"https:\/\/www.europesays.com\/fr\/262814\/","title":{"rendered":"\u00c0 Paris, des c\u00e9l\u00e9brit\u00e9s s&rsquo;opposent \u00e0 l&rsquo;implantation d&rsquo;une sup\u00e9rette dans le VIe arrondissement"},"content":{"rendered":"<ul class=\"jsx-862013697 ArticleChapo__List\">\n<li class=\"jsx-862013697 ArticleChapo__List_Item flex\">Plus de 30.000 personnes ont sign\u00e9 une p\u00e9tition contre l&rsquo;implantation d&rsquo;un Carrefour City rue Vavin, dans le VIe arrondissement.<\/li>\n<li class=\"jsx-862013697 ArticleChapo__List_Item flex\">Elles d\u00e9noncent des \u00ab\u00a0risques de nuisances\u00a0\u00bb, \u00ab\u00a0la mise en danger des petits commerces\u00a0\u00bb ou encore \u00ab\u00a0l&rsquo;encouragement \u00e0 la mendicit\u00e9\u00a0\u00bb.<\/li>\n<li class=\"jsx-862013697 ArticleChapo__List_Item flex\">Parmi elles, des personnalit\u00e9s comme Jacques Toubon, Alain Finkielkraut ou encore Catherine Frot.<\/li>\n<\/ul>\n<p data-module=\"article-paragraph\" class=\"jsx-3046738180 Paragraph Paragraph__End\">C\u2019est la sup\u00e9rette de la discorde ! Une p\u00e9tition sign\u00e9e par plus de 30.000 personnes, dont de nombreuses c\u00e9l\u00e9brit\u00e9s, d\u00e9nonce l\u2019installation d\u2019un Carrefour City, au 19 de la rue Vavin, une adresse \u00ab\u00a0prestigieuse\u00a0\u00bb situ\u00e9e entre le jardin du Luxembourg et le boulevard Raspail, dans le VIe arrondissement de Paris. L\u2019enseigne doit prendre au cours de l&rsquo;\u00e9t\u00e9 la place d\u2019un magasin de jouets Oxybul, qui a ferm\u00e9 ses portes au printemps. Mais la r\u00e9volte gronde\u2026<\/p>\n<p data-module=\"article-paragraph\" class=\"jsx-3046738180 Paragraph Paragraph__End\"><a href=\"https:\/\/www.leparisien.fr\/paris-75\/paris-apres-avoir-fait-plier-un-mcdo-il-y-a-30-ans-des-riverains-bloquent-larrivee-dun-carrefour-city-24-06-2025-CWLZVPXWFBD5FBKGC5JYGIXMXI.php\" rel=\"nofollow noopener\" target=\"_blank\">R\u00e9v\u00e9l\u00e9e le 24 juin dernier dans Le Parisien<\/a>, l\u2019affaire a pris une ampleur nouvelle ce week-end avec la parution d\u2019<a href=\"https:\/\/www.lemonde.fr\/m-le-mag\/article\/2025\/07\/19\/a-paris-les-tres-chics-opposants-a-une-superette-pres-du-jardin-du-luxembourg_6622120_4500055.html\" rel=\"nofollow noopener\" target=\"_blank\">une enqu\u00eate publi\u00e9e samedi 19 juillet dans M Le Mag<\/a>. Initi\u00e9e par l\u2019ancien journaliste \u00e9conomique Bruno Segr\u00e9, cette p\u00e9tition met en garde contre \u00ab\u00a0des nuisances pour les riverains\u00a0\u00bb et \u00ab\u00a0des risques non n\u00e9gligeable\u00a0\u00bb pour leur s\u00e9curit\u00e9, la \u00ab\u00a0mise en danger des petits commerces\u00a0\u00bb, \u00ab\u00a0l\u2019accumulation des d\u00e9chets\u00a0\u00bb ou encore \u00ab\u00a0l\u2019encouragement \u00e0 la mendicit\u00e9\u00a0\u00bb. La p\u00e9tition rappelle qu\u2019il y a 30 ans tout juste, une mobilisation similaire avait emp\u00each\u00e9 l\u2019installation d\u2019un McDonald\u2019s \u00e0 la m\u00eame adresse.<\/p>\n<p data-module=\"article-paragraph\" class=\"jsx-3046738180 Paragraph Paragraph__End\">Parmi les signataires figurent l\u2019ancien ministre de la Culture Jacques Toubon, le chanteur Alain Souchon, son \u00e9pouse et ses deux fils, l\u2019essayiste Alain Finkielkraut et sa femme ou encore l\u2019actrice Catherine Frot. Si un Pierre Richard en fait partie, il ne s\u2019agit pas du c\u00e9l\u00e8bre acteur du Grand Blond, mais de son homonyme, banquier, fondateur et pr\u00e9sident de Dexia. Associ\u00e9s \u00e0 la p\u00e9tition, d\u2019autres personnalit\u00e9s comme le chef d\u2019entreprise Denis Olivennes et la journaliste Ruth Elkrief s\u2019en sont d\u00e9solidaris\u00e9s au cours du week-end sur les r\u00e9seaux sociaux.<\/p>\n<p><a href=\"https:\/\/www.tf1info.fr\/conso\/video-tf1-7-opticiens-dans-le-meme-quartier-la-strategie-derriere-le-succes-des-commerces-en-grappe-2381450.html\" rel=\"noopener\" class=\"jsx-3308031228 Link flex\" target=\"_blank\"><img decoding=\"async\" src=\"https:\/\/www.europesays.com\/fr\/wp-content\/uploads\/2025\/07\/shopping-boutiques-commerces-83cc66-0@1x.jpeg\" alt=\"iStock\" loading=\"lazy\" importance=\"low\" fetchpriority=\"low\" class=\"\" aria-hidden=\"true\"\/><\/p>\n<p class=\"jsx-3657663356 ReadMoreArticle__Title\">Lire aussi<\/p>\n<p class=\"jsx-3657663356\">Jusqu&rsquo;\u00e0 7 opticiens dans le m\u00eame quartier : la strat\u00e9gie derri\u00e8re le succ\u00e8s des \u00ab\u00a0commerces en grappe\u00a0\u00bb <\/p>\n<p><\/a><\/p>\n<p data-module=\"article-paragraph\" class=\"jsx-3046738180 Paragraph Paragraph__End\">Interrog\u00e9 par M Le Mag, le maire LR du VIe arrondissement Jean-Pierre Lecoq soutient l\u2019implantation du Carrefour City et d\u00e9crit \u00ab\u00a0un village d\u2019enfants g\u00e2t\u00e9s qui croient que tout leur appartient\u00a0\u00bb. Interrog\u00e9 sur les critiques contenues dans le texte, l\u2019\u00e9dile souligne qu\u2019une \u00ab\u00a0grande partie des p\u00e9titionnaires ont boss\u00e9 ou bossent dans la finance. Ils ont contribu\u00e9 \u00e0 financiariser l\u2019\u00e9conomie et donc \u00e0 tuer les commerces de proximit\u00e9 les moins rentables\u00a0\u00bb. L\u2019affaire s\u2019invitera-t-elle dans les \u00e9lections municipales de 2026 ?<\/p>\n<p>J.V.<\/p>\n","protected":false},"excerpt":{"rendered":"Plus de 30.000 personnes ont sign\u00e9 une p\u00e9tition contre l&rsquo;implantation d&rsquo;un Carrefour City rue Vavin, dans le VIe&hellip;\n","protected":false},"author":2,"featured_media":262815,"comment_status":"","ping_status":"","sticky":false,"template":"","format":"standard","meta":{"footnotes":""},"categories":[1888],"tags":[1111,11,40259,258,1921,1777,674,1011,27,1922,12,626,25,199,133,5010],"class_list":{"0":"post-262814","1":"post","2":"type-post","3":"status-publish","4":"format-standard","5":"has-post-thumbnail","7":"category-paris","8":"tag-actu","9":"tag-actualites","10":"tag-alain-finkielkraut","11":"tag-alimentation","12":"tag-article-video","13":"tag-eu","14":"tag-europe","15":"tag-fr","16":"tag-france","17":"tag-info","18":"tag-news","19":"tag-paris","20":"tag-republique-francaise","21":"tag-tf1","22":"tag-video","23":"tag-video-sujets-de-societe"},"share_on_mastodon":{"url":"https:\/\/pubeurope.com\/@fr\/114890044010548701","error":""},"_links":{"self":[{"href":"https:\/\/www.europesays.com\/fr\/wp-json\/wp\/v2\/posts\/262814","targetHints":{"allow":["GET"]}}],"collection":[{"href":"https:\/\/www.europesays.com\/fr\/wp-json\/wp\/v2\/posts"}],"about":[{"href":"https:\/\/www.europesays.com\/fr\/wp-json\/wp\/v2\/types\/post"}],"author":[{"embeddable":true,"href":"https:\/\/www.europesays.com\/fr\/wp-json\/wp\/v2\/users\/2"}],"replies":[{"embeddable":true,"href":"https:\/\/www.europesays.com\/fr\/wp-json\/wp\/v2\/comments?post=262814"}],"version-history":[{"count":0,"href":"https:\/\/www.europesays.com\/fr\/wp-json\/wp\/v2\/posts\/262814\/revisions"}],"wp:featuredmedia":[{"embeddable":true,"href":"https:\/\/www.europesays.com\/fr\/wp-json\/wp\/v2\/media\/262815"}],"wp:attachment":[{"href":"https:\/\/www.europesays.com\/fr\/wp-json\/wp\/v2\/media?parent=262814"}],"wp:term":[{"taxonomy":"category","embeddable":true,"href":"https:\/\/www.europesays.com\/fr\/wp-json\/wp\/v2\/categories?post=262814"},{"taxonomy":"post_tag","embeddable":true,"href":"https:\/\/www.europesays.com\/fr\/wp-json\/wp\/v2\/tags?post=262814"}],"curies":[{"name":"wp","href":"https:\/\/api.w.org\/{rel}","templated":true}]}}