{"id":262816,"date":"2025-07-21T07:28:09","date_gmt":"2025-07-21T07:28:09","guid":{"rendered":"https:\/\/www.europesays.com\/fr\/262816\/"},"modified":"2025-07-21T07:28:09","modified_gmt":"2025-07-21T07:28:09","slug":"treize-morts-et-vingt-blesses-dans-un-accident-de-bus","status":"publish","type":"post","link":"https:\/\/www.europesays.com\/fr\/262816\/","title":{"rendered":"treize morts et vingt bless\u00e9s dans un accident de bus"},"content":{"rendered":"<p class=\"fig-paragraph\">Treize personnes ont \u00e9t\u00e9 tu\u00e9es et vingt autres bless\u00e9es lorsqu&rsquo;un bus transportant des ouvriers d&rsquo;une mine est tomb\u00e9 dans un ravin lundi \u00e0 l&rsquo;aube dans la r\u00e9gion de Lakoutie, dans l&rsquo;<a href=\"http:\/\/www.lefigaro.fr\/international\/puissants-seismes-au-large-de-l-extreme-orient-russe-alerte-tsunami-20250720\" target=\"_blank\" data-fig-type=\"NewsFlash\" rel=\"noopener\" data-gtm-custom-categorie=\"navigation\" data-gtm-custom-action=\"crossclick\" data-gtm-custom-label=\"Contextuel\" data-gtm-event=\"customEventSPE\" data-fig-domain=\"LEFIGARO\">Extr\u00eame-Orient russe<\/a>, ont annonc\u00e9 les autorit\u00e9s de cette r\u00e9gion.<\/p>\n<p class=\"fig-paragraph\">Le chauffeur aurait perdu le contr\u00f4le du v\u00e9hicule, qui a quitt\u00e9 la route avant de tomber dans un ravin d&rsquo;une profondeur de 25 m\u00e8tres, ont indiqu\u00e9 les responsables locaux. L&rsquo;accident s&rsquo;est produit vers 3h20, a pr\u00e9cis\u00e9 le minist\u00e8re r\u00e9gional de l&rsquo;Int\u00e9rieur.<\/p>\n<p>                                    <a class=\"fig-a11y-skip a11y-hidden\" href=\"#fig-a11y-skip-main-inarticle\"><br \/>\n        Passer la publicit\u00e9<br \/>\n    <\/a><\/p>\n<p>Les enqu\u00eateurs ont ouvert une proc\u00e9dure pour n\u00e9gligence criminelle<\/p>\n<p class=\"fig-paragraph\">Des images publi\u00e9es par les autorit\u00e9s montrent le bus retourn\u00e9 pr\u00e8s d&rsquo;une mare d&rsquo;eau boueuse, ses roues pointant vers le ciel, ainsi qu&rsquo;une barri\u00e8re m\u00e9tallique d\u00e9form\u00e9e le long de la route au-dessus du ravin. \u00abL&rsquo;accident de la route s&rsquo;est produit sur la voie industrielle de l&rsquo;usine mini\u00e8re et de traitement Denisovsky\u00bb, a ajout\u00e9 le minist\u00e8re.<\/p>\n<p class=\"fig-paragraph\">Cette installation est sp\u00e9cialis\u00e9e dans l&rsquo;extraction et le traitement du charbon. Les enqu\u00eateurs ont ouvert une proc\u00e9dure pour n\u00e9gligence criminelle. Les\u00a0<a href=\"http:\/\/www.lefigaro.fr\/flash-actu\/iran-un-mort-lors-d-un-accident-industriel-pres-d-un-complexe-militaire-20220526\" target=\"_blank\" data-fig-type=\"NewsFlash\" rel=\"noopener\" data-gtm-custom-categorie=\"navigation\" data-gtm-custom-action=\"crossclick\" data-gtm-custom-label=\"Contextuel\" data-gtm-event=\"customEventSPE\" data-fig-domain=\"LEFIGARO\">accidents industriels<\/a>\u00a0sont fr\u00e9quents en Russie, les enqu\u00eates mettant souvent en cause des normes de s\u00e9curit\u00e9 insuffisantes. Les autorit\u00e9s locales ont d\u00e9cr\u00e9t\u00e9 une journ\u00e9e de deuil pour mardi.<\/p>\n","protected":false},"excerpt":{"rendered":"Treize personnes ont \u00e9t\u00e9 tu\u00e9es et vingt autres bless\u00e9es lorsqu&rsquo;un bus transportant des ouvriers d&rsquo;une mine est tomb\u00e9&hellip;\n","protected":false},"author":2,"featured_media":262817,"comment_status":"","ping_status":"","sticky":false,"template":"","format":"standard","meta":{"footnotes":""},"categories":[1591],"tags":[4376,11,7048,1887,12,1885,1886,132],"class_list":{"0":"post-262816","1":"post","2":"type-post","3":"status-publish","4":"format-standard","5":"has-post-thumbnail","7":"category-russie","8":"tag-accident-de-la-route","9":"tag-actualites","10":"tag-bus","11":"tag-federation-de-russie","12":"tag-news","13":"tag-russia","14":"tag-russian-federation","15":"tag-russie"},"share_on_mastodon":{"url":"https:\/\/pubeurope.com\/@fr\/114890048232022738","error":""},"_links":{"self":[{"href":"https:\/\/www.europesays.com\/fr\/wp-json\/wp\/v2\/posts\/262816","targetHints":{"allow":["GET"]}}],"collection":[{"href":"https:\/\/www.europesays.com\/fr\/wp-json\/wp\/v2\/posts"}],"about":[{"href":"https:\/\/www.europesays.com\/fr\/wp-json\/wp\/v2\/types\/post"}],"author":[{"embeddable":true,"href":"https:\/\/www.europesays.com\/fr\/wp-json\/wp\/v2\/users\/2"}],"replies":[{"embeddable":true,"href":"https:\/\/www.europesays.com\/fr\/wp-json\/wp\/v2\/comments?post=262816"}],"version-history":[{"count":0,"href":"https:\/\/www.europesays.com\/fr\/wp-json\/wp\/v2\/posts\/262816\/revisions"}],"wp:featuredmedia":[{"embeddable":true,"href":"https:\/\/www.europesays.com\/fr\/wp-json\/wp\/v2\/media\/262817"}],"wp:attachment":[{"href":"https:\/\/www.europesays.com\/fr\/wp-json\/wp\/v2\/media?parent=262816"}],"wp:term":[{"taxonomy":"category","embeddable":true,"href":"https:\/\/www.europesays.com\/fr\/wp-json\/wp\/v2\/categories?post=262816"},{"taxonomy":"post_tag","embeddable":true,"href":"https:\/\/www.europesays.com\/fr\/wp-json\/wp\/v2\/tags?post=262816"}],"curies":[{"name":"wp","href":"https:\/\/api.w.org\/{rel}","templated":true}]}}