{"id":262822,"date":"2025-07-21T07:31:12","date_gmt":"2025-07-21T07:31:12","guid":{"rendered":"https:\/\/www.europesays.com\/fr\/262822\/"},"modified":"2025-07-21T07:31:12","modified_gmt":"2025-07-21T07:31:12","slug":"backdoor-icloud-le-royaume-uni-pourrait-annuler-sa-demande-a-apple","status":"publish","type":"post","link":"https:\/\/www.europesays.com\/fr\/262822\/","title":{"rendered":"Backdoor iCloud : le Royaume-Uni pourrait annuler sa demande \u00e0 Apple"},"content":{"rendered":"<p><strong>Le gouvernement britannique envisage de faire marche arri\u00e8re sur sa demande controvers\u00e9e visant \u00e0 forcer Apple \u00e0 cr\u00e9er une porte d\u00e9rob\u00e9e (backdoor) au niveau du chiffrement de ses services iCloud. Cette d\u00e9cision, si elle se confirme, marquerait un recul notable face \u00e0 la pression diplomatique exerc\u00e9e par les \u00c9tats-Unis.<\/strong><\/p>\n<p><img loading=\"lazy\" decoding=\"async\" class=\"aligncenter size-large wp-image-240103\" src=\"https:\/\/www.europesays.com\/fr\/wp-content\/uploads\/2025\/07\/iCloud-Logo-1200x600.jpg\" alt=\"iCloud Logo\" width=\"739\" height=\"370\"  \/><\/p>\n<p>Une exigence in\u00e9dite dans une d\u00e9mocratie<\/p>\n<p>En f\u00e9vrier dernier, des r\u00e9v\u00e9lations <a href=\"https:\/\/iphoneaddict.fr\/post\/news-401072-royaume-uni-ordonne-apple-lui-donner-acces-donnees-chiffrees-mondiales-utilisateurs-icloud\" target=\"_blank\" rel=\"noopener\">ont mis en lumi\u00e8re une demande secr\u00e8te du Royaume-Uni\u00a0<\/a>: contraindre Apple \u00e0 fournir un acc\u00e8s complet aux contenus chiffr\u00e9s h\u00e9berg\u00e9s sur iCloud, dans le cadre d\u2019enqu\u00eates sur des crimes graves tels que le terrorisme ou les abus sexuels sur mineurs. Ce fut une requ\u00eate sans pr\u00e9c\u00e9dent dans une d\u00e9mocratie.<\/p>\n<p>Apple a r\u00e9agi fermement. L\u2019entreprise <a href=\"https:\/\/iphoneaddict.fr\/post\/news-401885-apple-retire-chiffrement-icloud-royaume-uni-refusant-creer-backdoor\" target=\"_blank\" rel=\"noopener\">a suspendu la fonctionnalit\u00e9 de protection avanc\u00e9e des donn\u00e9es pour iCloud<\/a> pour les utilisateurs britanniques et a d\u00e9pos\u00e9 une plainte afin de contester la l\u00e9gitimit\u00e9 de la demande. En parall\u00e8le, des tensions ont \u00e9merg\u00e9 entre le Royaume-Uni et les \u00c9tats-Unis.<\/p>\n<p>Pression am\u00e9ricaine et risques sur les partenariats tech<\/p>\n<p>D\u2019apr\u00e8s le <a href=\"https:\/\/www.ft.com\/content\/3a3e6dbc-591d-4087-9ad3-11af04f0176f\" rel=\"external nofollow noopener\" target=\"_blank\">Financial Times<\/a>, des responsables britanniques de haut niveau reconnaissent d\u00e9sormais que le projet pourrait \u00eatre abandonn\u00e9. En cause\u00a0: l\u2019opposition marqu\u00e9e de plusieurs figures cl\u00e9s de l\u2019administration am\u00e9ricaine.<\/p>\n<p>La question du chiffrement se veut une ligne rouge pour les \u00c9tats-Unis. Le vice-pr\u00e9sident am\u00e9ricain JD Vance se montre particuli\u00e8rement agac\u00e9 par la position britannique, estimant que le Royaume-Uni ne devrait pas interf\u00e9rer avec les entreprises technologiques am\u00e9ricaines.<\/p>\n<p>Le sujet d\u00e9passe Apple en r\u00e9alit\u00e9. Les n\u00e9gociations en cours entre les deux pays sur des accords en mati\u00e8re d\u2019intelligence artificielle et de partage de donn\u00e9es sont directement menac\u00e9es par cette controverse. M\u00eame le pr\u00e9sident Donald Trump et Tulsi Gabbard, la directrice du renseignement am\u00e9ricain, ont exprim\u00e9 leurs r\u00e9serves.<\/p>\n<p>Le Bureau de l\u2019Int\u00e9rieur britannique sur la d\u00e9fensive<\/p>\n<p>Face \u00e0 ces critiques, le Bureau de l\u2019Int\u00e9rieur britannique se retrouve isol\u00e9. Le dossier du chiffrement d\u2019Apple a \u00e9t\u00e9 tr\u00e8s mal g\u00e9r\u00e9 par les autorit\u00e9s et le minist\u00e8re est d\u00e9sormais dos au mur. Pourtant, malgr\u00e9 les pressions, le Royaume-Uni semble maintenir pour l\u2019instant sa position, ayant encore discut\u00e9 de la suite juridique du dossier ce mois-ci.<\/p>\n<p>L\u2019issue reste donc incertaine \u00e0 ce stade et les discussions continuent.<\/p>\n","protected":false},"excerpt":{"rendered":"Le gouvernement britannique envisage de faire marche arri\u00e8re sur sa demande controvers\u00e9e visant \u00e0 forcer Apple \u00e0 cr\u00e9er&hellip;\n","protected":false},"author":2,"featured_media":262823,"comment_status":"","ping_status":"","sticky":false,"template":"","format":"standard","meta":{"footnotes":""},"categories":[1588],"tags":[11,2474,1777,674,4265,12,473,1853,656,1851,1850,1852],"class_list":{"0":"post-262822","1":"post","2":"type-post","3":"status-publish","4":"format-standard","5":"has-post-thumbnail","7":"category-royaume-uni","8":"tag-actualites","9":"tag-etats-unis-usa","10":"tag-eu","11":"tag-europe","12":"tag-icloud","13":"tag-news","14":"tag-royaume-uni","15":"tag-royaume-uni-de-grande-bretagne-et-dirlande-du-nord","16":"tag-securite","17":"tag-uk","18":"tag-united-kingdom","19":"tag-united-kingdom-of-great-britain-and-northern-ireland"},"share_on_mastodon":{"url":"https:\/\/pubeurope.com\/@fr\/114890059909025571","error":""},"_links":{"self":[{"href":"https:\/\/www.europesays.com\/fr\/wp-json\/wp\/v2\/posts\/262822","targetHints":{"allow":["GET"]}}],"collection":[{"href":"https:\/\/www.europesays.com\/fr\/wp-json\/wp\/v2\/posts"}],"about":[{"href":"https:\/\/www.europesays.com\/fr\/wp-json\/wp\/v2\/types\/post"}],"author":[{"embeddable":true,"href":"https:\/\/www.europesays.com\/fr\/wp-json\/wp\/v2\/users\/2"}],"replies":[{"embeddable":true,"href":"https:\/\/www.europesays.com\/fr\/wp-json\/wp\/v2\/comments?post=262822"}],"version-history":[{"count":0,"href":"https:\/\/www.europesays.com\/fr\/wp-json\/wp\/v2\/posts\/262822\/revisions"}],"wp:featuredmedia":[{"embeddable":true,"href":"https:\/\/www.europesays.com\/fr\/wp-json\/wp\/v2\/media\/262823"}],"wp:attachment":[{"href":"https:\/\/www.europesays.com\/fr\/wp-json\/wp\/v2\/media?parent=262822"}],"wp:term":[{"taxonomy":"category","embeddable":true,"href":"https:\/\/www.europesays.com\/fr\/wp-json\/wp\/v2\/categories?post=262822"},{"taxonomy":"post_tag","embeddable":true,"href":"https:\/\/www.europesays.com\/fr\/wp-json\/wp\/v2\/tags?post=262822"}],"curies":[{"name":"wp","href":"https:\/\/api.w.org\/{rel}","templated":true}]}}