{"id":262826,"date":"2025-07-21T07:33:11","date_gmt":"2025-07-21T07:33:11","guid":{"rendered":"https:\/\/www.europesays.com\/fr\/262826\/"},"modified":"2025-07-21T07:33:11","modified_gmt":"2025-07-21T07:33:11","slug":"leurope-ouvre-stable-avec-les-tensions-commerciales-21-07-2025-a-0921","status":"publish","type":"post","link":"https:\/\/www.europesays.com\/fr\/262826\/","title":{"rendered":"L&rsquo;Europe ouvre stable avec les tensions commerciales &#8211; 21\/07\/2025 \u00e0 09:21"},"content":{"rendered":"<p>\n Les principales Bourses<br \/>\neurop\u00e9ennes \u00e9voluent avec de faibles variations \u00e0 la hausse ou \u00e0<br \/>\nla baisse en d\u00e9but de s\u00e9ance lundi, les investisseurs \u00e9valuant<br \/>\nles possibilit\u00e9s d&rsquo;un accord commercial avec les Etats-Unis.\n<\/p>\n<p>\n \u00c0 Paris, le CAC 40<br \/>\n <a href=\"https:\/\/www.boursorama.com\/cours\/1rPCAC\/\" rel=\"nofollow noopener\" target=\"_blank\"><br \/>\n  .FCHI<br \/>\n <\/a><br \/>\n gagne 0,05% \u00e0 7.826,65 points<br \/>\nvers 07h16 GMT. \u00c0 Londres, le FTSE 100<br \/>\n <a href=\"https:\/\/www.boursorama.com\/cours\/UKX.L\/\" rel=\"nofollow noopener\" target=\"_blank\"><br \/>\n  .FTSE<br \/>\n <\/a><br \/>\n prend \u00e9galement<br \/>\n0,05% et \u00e0 Francfort, le Dax<br \/>\n <a href=\"https:\/\/www.boursorama.com\/cours\/5pDAX\/\" rel=\"nofollow noopener\" target=\"_blank\"><br \/>\n  .GDAXI<br \/>\n <\/a><br \/>\n avance de 0,10%.\n<\/p>\n<p>\n L&rsquo;indice EuroStoxx 50<br \/>\n <a href=\"https:\/\/www.boursorama.com\/cours\/2cSX5E\/\" rel=\"nofollow noopener\" target=\"_blank\"><br \/>\n  .STOXX50E<br \/>\n <\/a><br \/>\n est en baisse de 0,08%, le<br \/>\nFTSEurofirst 300<br \/>\n <a href=\"https:\/\/www.boursorama.com\/cours\/3uE3X3760.L\/\" rel=\"nofollow noopener\" target=\"_blank\"><br \/>\n  .FTEU3<br \/>\n <\/a><br \/>\n de 0,01% et le Stoxx 600<br \/>\n <a href=\"https:\/\/www.boursorama.com\/cours\/2cSXXP\/\" rel=\"nofollow noopener\" target=\"_blank\"><br \/>\n  .STOXX<br \/>\n <\/a><br \/>\n avance de 0,03%.\n<\/p>\n<p>\n La pression s&rsquo;accentue sur l&rsquo;Union europ\u00e9enne (UE) \u00e0 mesure<br \/>\nque le 1er ao\u00fbt approche et les menaces d&rsquo;entr\u00e9e en vigueur d&rsquo;un<br \/>\ndroit de douane de 30% sur les importations du bloc aux<br \/>\nEtats-Unis.\n<\/p>\n<p>\n Vendredi, la Financial Times a rapport\u00e9 que l&rsquo;administration<br \/>\nTrump envisageait des droits de douane compris entre 15% et 20%<br \/>\nsur les importations europ\u00e9ennes m\u00eame en cas d&rsquo;accord<br \/>\ncommercial.\n<\/p>\n<p>\n Le secr\u00e9taire am\u00e9ricain au Commerce, Howard Lutnick, a<br \/>\nd\u00e9clar\u00e9 dimanche qu&rsquo;il \u00e9tait convaincu que les \u00c9tats-Unis<br \/>\npouvaient conclure un accord commercial avec l&rsquo;Union europ\u00e9enne,<br \/>\n\u00e9voquant un \u00e9change t\u00e9l\u00e9phonique avec les n\u00e9gociateurs<br \/>\neurop\u00e9ens. Il a toutefois indiqu\u00e9 que la date du 1er ao\u00fbt \u00e9tait<br \/>\nune date butoir difficile \u00e0 respecter, mettant la pression sur<br \/>\nle bloc.\n<\/p>\n<p>\n Aux valeurs, Stellantis<br \/>\n <a href=\"https:\/\/www.boursorama.com\/cours\/1gSTLAM\/\" rel=\"nofollow noopener\" target=\"_blank\"><br \/>\n  STLAM.MI<br \/>\n <\/a><br \/>\n perd 2,6% apr\u00e8s avoir<br \/>\nindiqu\u00e9 lundi s&rsquo;attendre \u00e0 une perte nette de 2,3 milliards<br \/>\nd&rsquo;euros au titre de son premier semestre.\n<\/p>\n<p>\n En France, Covivio<br \/>\n <a href=\"https:\/\/www.boursorama.com\/cours\/1rPCOV\/\" rel=\"nofollow noopener\" target=\"_blank\"><br \/>\n  CVO.PA<br \/>\n <\/a><br \/>\n gagne 2,5% apr\u00e8s ses r\u00e9sultats,<br \/>\naffichant l&rsquo;une des meilleures performances du SBF 120  .SBF<br \/>\ntandis que TF1<br \/>\n <a href=\"https:\/\/www.boursorama.com\/cours\/1rPTFI\/\" rel=\"nofollow noopener\" target=\"_blank\"><br \/>\n  TFFP.PA<br \/>\n <\/a><br \/>\n enregistre la plus forte baisse,<br \/>\nabandonnant 6,25%, apr\u00e8s un changement de recommandation.\n<\/p>\n<p>\n (R\u00e9dig\u00e9 par Bertrand De Meyer, \u00e9dit\u00e9 par Kate Entringer)<\/p>\n","protected":false},"excerpt":{"rendered":"Les principales Bourses europ\u00e9ennes \u00e9voluent avec de faibles variations \u00e0 la hausse ou \u00e0 la baisse en d\u00e9but&hellip;\n","protected":false},"author":2,"featured_media":2554,"comment_status":"","ping_status":"","sticky":false,"template":"","format":"standard","meta":{"footnotes":""},"categories":[1586],"tags":[400,11,398,408,405,1777,674,1011,27,403,402,399,404,12,25,401,406,407],"class_list":{"0":"post-262826","1":"post","2":"type-post","3":"status-publish","4":"format-standard","5":"has-post-thumbnail","7":"category-europe","8":"tag-action-cac-40","9":"tag-actualites","10":"tag-bourse-de-paris","11":"tag-boursorama","12":"tag-cotations","13":"tag-eu","14":"tag-europe","15":"tag-fr","16":"tag-france","17":"tag-indices-devises","18":"tag-investir","19":"tag-investissement","20":"tag-marche-boursier","21":"tag-news","22":"tag-republique-francaise","23":"tag-sicav","24":"tag-trackers","25":"tag-warrants"},"share_on_mastodon":{"url":"https:\/\/pubeurope.com\/@fr\/114890067538952985","error":""},"_links":{"self":[{"href":"https:\/\/www.europesays.com\/fr\/wp-json\/wp\/v2\/posts\/262826","targetHints":{"allow":["GET"]}}],"collection":[{"href":"https:\/\/www.europesays.com\/fr\/wp-json\/wp\/v2\/posts"}],"about":[{"href":"https:\/\/www.europesays.com\/fr\/wp-json\/wp\/v2\/types\/post"}],"author":[{"embeddable":true,"href":"https:\/\/www.europesays.com\/fr\/wp-json\/wp\/v2\/users\/2"}],"replies":[{"embeddable":true,"href":"https:\/\/www.europesays.com\/fr\/wp-json\/wp\/v2\/comments?post=262826"}],"version-history":[{"count":0,"href":"https:\/\/www.europesays.com\/fr\/wp-json\/wp\/v2\/posts\/262826\/revisions"}],"wp:featuredmedia":[{"embeddable":true,"href":"https:\/\/www.europesays.com\/fr\/wp-json\/wp\/v2\/media\/2554"}],"wp:attachment":[{"href":"https:\/\/www.europesays.com\/fr\/wp-json\/wp\/v2\/media?parent=262826"}],"wp:term":[{"taxonomy":"category","embeddable":true,"href":"https:\/\/www.europesays.com\/fr\/wp-json\/wp\/v2\/categories?post=262826"},{"taxonomy":"post_tag","embeddable":true,"href":"https:\/\/www.europesays.com\/fr\/wp-json\/wp\/v2\/tags?post=262826"}],"curies":[{"name":"wp","href":"https:\/\/api.w.org\/{rel}","templated":true}]}}