{"id":262827,"date":"2025-07-21T07:34:17","date_gmt":"2025-07-21T07:34:17","guid":{"rendered":"https:\/\/www.europesays.com\/fr\/262827\/"},"modified":"2025-07-21T07:34:17","modified_gmt":"2025-07-21T07:34:17","slug":"sommet-ue-chine-50-ans-de-relations-diplomatiques-et-un-rendez-vous-sous-haute-tension","status":"publish","type":"post","link":"https:\/\/www.europesays.com\/fr\/262827\/","title":{"rendered":"Sommet UE-Chine : 50 ans de relations diplomatiques et un rendez-vous sous haute tension"},"content":{"rendered":"<p>\tSommet UE-Chine : 50 ans de relations diplomatiques et un rendez-vous sous haute tension &#8211; Touteleurope.eu<\/p>\n<p>\t\t<img decoding=\"async\" alt=\"fermer\" class=\"close-info\" src=\"https:\/\/www.touteleurope.eu\/wp-content\/themes\/toute_leurope\/assets\/images\/close-picto-blue.svg\"\/><\/p>\n<p>Touteleurope.eu est le site p\u00e9dagogique de r\u00e9f\u00e9rence sur les questions europ\u00e9ennes : <a href=\"https:\/\/www.touteleurope.eu\/qui-sommes-nous\/\" target=\"_blank\" rel=\"noopener\">Qui sommes-nous ?<\/a><\/p>\n<p><img decoding=\"async\" class=\"logo-pdf\" alt=\"Toute L'Europe \u2013 Comprendre l'Europe\" src=\"https:\/\/www.touteleurope.eu\/wp-content\/themes\/toute_leurope\/assets\/images\/logo-ttl.svg\"\/><\/p>\n","protected":false},"excerpt":{"rendered":"Sommet UE-Chine : 50 ans de relations diplomatiques et un rendez-vous sous haute tension &#8211; Touteleurope.eu Touteleurope.eu est&hellip;\n","protected":false},"author":2,"featured_media":262828,"comment_status":"","ping_status":"","sticky":false,"template":"","format":"standard","meta":{"footnotes":""},"categories":[1586],"tags":[11,646,309,1129,215,2196,312,33,8307,436,1777,674,1779,1011,27,12,962,25,1778,364],"class_list":{"0":"post-262827","1":"post","2":"type-post","3":"status-publish","4":"format-standard","5":"has-post-thumbnail","7":"category-europe","8":"tag-actualites","9":"tag-automobile","10":"tag-chine","11":"tag-climat","12":"tag-commerce","13":"tag-commission-europeenne","14":"tag-diplomatie","15":"tag-economie","16":"tag-emissions-de-gaz-a-effet-de-serre","17":"tag-environnement","18":"tag-eu","19":"tag-europe","20":"tag-european-union","21":"tag-fr","22":"tag-france","23":"tag-news","24":"tag-nouvelles-technologies","25":"tag-republique-francaise","26":"tag-ue","27":"tag-union-europeenne"},"share_on_mastodon":{"url":"https:\/\/pubeurope.com\/@fr\/114890071735219115","error":""},"_links":{"self":[{"href":"https:\/\/www.europesays.com\/fr\/wp-json\/wp\/v2\/posts\/262827","targetHints":{"allow":["GET"]}}],"collection":[{"href":"https:\/\/www.europesays.com\/fr\/wp-json\/wp\/v2\/posts"}],"about":[{"href":"https:\/\/www.europesays.com\/fr\/wp-json\/wp\/v2\/types\/post"}],"author":[{"embeddable":true,"href":"https:\/\/www.europesays.com\/fr\/wp-json\/wp\/v2\/users\/2"}],"replies":[{"embeddable":true,"href":"https:\/\/www.europesays.com\/fr\/wp-json\/wp\/v2\/comments?post=262827"}],"version-history":[{"count":0,"href":"https:\/\/www.europesays.com\/fr\/wp-json\/wp\/v2\/posts\/262827\/revisions"}],"wp:featuredmedia":[{"embeddable":true,"href":"https:\/\/www.europesays.com\/fr\/wp-json\/wp\/v2\/media\/262828"}],"wp:attachment":[{"href":"https:\/\/www.europesays.com\/fr\/wp-json\/wp\/v2\/media?parent=262827"}],"wp:term":[{"taxonomy":"category","embeddable":true,"href":"https:\/\/www.europesays.com\/fr\/wp-json\/wp\/v2\/categories?post=262827"},{"taxonomy":"post_tag","embeddable":true,"href":"https:\/\/www.europesays.com\/fr\/wp-json\/wp\/v2\/tags?post=262827"}],"curies":[{"name":"wp","href":"https:\/\/api.w.org\/{rel}","templated":true}]}}