{"id":262835,"date":"2025-07-21T07:38:22","date_gmt":"2025-07-21T07:38:22","guid":{"rendered":"https:\/\/www.europesays.com\/fr\/262835\/"},"modified":"2025-07-21T07:38:22","modified_gmt":"2025-07-21T07:38:22","slug":"ryan-gerard-ouvre-son-palmares-tom-vaillant-devisse-dans-le-dernier-tour","status":"publish","type":"post","link":"https:\/\/www.europesays.com\/fr\/262835\/","title":{"rendered":"Ryan Gerard ouvre son palmar\u00e8s, Tom Vaillant d\u00e9visse dans le dernier tour"},"content":{"rendered":"<p>\t\t\t\t\t\t<img width=\"770\" height=\"555\" src=\"https:\/\/www.europesays.com\/fr\/wp-content\/uploads\/2025\/07\/tom-vaillant-pga-tour-dp-world-tour-1-770x555.jpg\" class=\"img-responsive wp-post-image\" alt=\"Tom Vaillant Photo by Lachlan Cunningham \/ GETTY IMAGES NORTH AMERICA \/ Getty Images via AFP\" decoding=\"async\" fetchpriority=\"high\"  \/>\t\t\t\t\t<\/p>\n<p>\t\t\t\t\t\t Partager cet article <\/p>\n<p class=\"screen-reader-text juiz_sps_maybe_hidden_text\">Partager la publication \u00ab\u00a0Ryan Gerard ouvre son palmar\u00e8s, Tom Vaillant d\u00e9visse dans le dernier tour\u00a0\u00bb<\/p>\n<p><strong>En course pour d\u00e9crocher la victoire apr\u00e8s trois tours, le Cannois Tom Vaillant (photo) a tr\u00e9buch\u00e9 sur ses deux premiers trous et n\u2019est jamais parvenu \u00e0 se m\u00ealer \u00e0 la lutte pour le titre au Tahoe Mountain Club. Avec 47 points inscrits en quatre tours, l\u2019Am\u00e9ricain Ryan Gerard remporte ce tournoi disput\u00e9 en Stableford Modifi\u00e9.<\/strong><\/p>\n<p>\t\t\t\t\t<a id=\"174987\" href=\"https:\/\/www.sudfrancegolf.com\/fr\/\" target=\"_blank\" rel=\"sponsorised nofollow noopener\"><img decoding=\"async\" src=\"data:image\/svg+xml,%3Csvg%20xmlns=\" http:=\"\" class=\"img-responsive\" alt=\"\" data-lazy-src=\"https:\/\/www.europesays.com\/fr\/wp-content\/uploads\/2025\/06\/giesudfrancegolf-e02-egolf-pass-2025-v2-1170x275-1.gif\"\/><\/a><\/p>\n<p>Parti dans l\u2019avant dernier groupe aux c\u00f4t\u00e9s d\u2019<strong>Erik<\/strong> <strong>van<\/strong> <strong>Rooyen<\/strong>, avec simplement deux coups de retard sur un duo de leader compos\u00e9 du Philippin <strong>Rico<\/strong> <strong>Hoey<\/strong> et du joueur de Caroline du Nord <strong>Ryan<\/strong> <strong>Gerard<\/strong>, <strong>Tom Vaillant<\/strong> a malheureusement vu ses espoirs de briller dans le dernier tour du Barracuda Championship s\u2019envoler tr\u00e8s rapidement.<\/p>\n<p>Le r\u00eave de jouer sur le <strong>PGA<\/strong> <strong>Tour<\/strong> en cas de victoire dans cette \u00e9preuve disput\u00e9e \u00e0 pr\u00e8s de 1900 m\u00e8tres d\u2019altitude \u00e0 Truckee en Californie, et co-sanctionn\u00e9e par le circuit am\u00e9ricain et le <strong>DP World Tour,<\/strong>\u00a0n\u2019a pas r\u00e9sist\u00e9 aux deux double-bogeys conc\u00e9d\u00e9s sur les deux premiers trous.<\/p>\n<p>En d\u00e9licatesse avec son driving, le prot\u00e9g\u00e9 de <strong>Jean-Francois Lucquin<\/strong> a en effet vu son total amput\u00e9 de 6 points en quelques minutes et son retard devenir quasi insurmontable lorsque Gerard a enchain\u00e9 un birdie au 2 avec un eagle au 3.<\/p>\n<p>Un nouveau double-bogey l\u00e2ch\u00e9 \u00e0 l\u2019entame du retour a m\u00eame rel\u00e9gu\u00e9 le seul fran\u00e7ais qualifi\u00e9 pour le week-end dans la deuxi\u00e8me moiti\u00e9 du classement.<\/p>\n<p>\t\t\t\t\t<a id=\"180479\" href=\"https:\/\/www.swing.fr\/voyage\/35-14eme-edition-des-doubles-gosset-by-beachcomber\" target=\"_blank\" rel=\"sponsorised nofollow noopener\"><img decoding=\"async\" src=\"data:image\/svg+xml,%3Csvg%20xmlns=\" http:=\"\" class=\"img-responsive\" alt=\"\" data-lazy-src=\"https:\/\/www.europesays.com\/fr\/wp-content\/uploads\/2025\/07\/beachcomber-e01-doubles-gosset-26-1170x275-1.jpg\"\/><\/a><br \/>\nGerard contr\u00f4le<\/p>\n<p>La victoire est revenue \u00e0 Ryan Gerard imp\u00e9rial ce week-end, \u00e0 l\u2019image des 4 birdies (8 points) et des deux eagles (10 points) enregistr\u00e9s dans le dernier tour.<\/p>\n<p>A 25 ans, le natif de Raleigh en Caroline du Nord signe un premier succ\u00e8s sur le PGA Tour apr\u00e8s 47 d\u00e9parts. Il devance de trois points Erik van Rooyen et devient le 999e joueur vainqueur d\u2019un tournoi du PGA Tour.<\/p>\n<p>A noter que le Sud-Africain reste le recordman de l\u2019\u00e9preuve avec 50 points lors de sa victoire en 2021.<\/p>\n<p>\t\t\t\t\t<a id=\"178032\" href=\"https:\/\/www.golfy.fr\/landing\/golf-planete-decouvrez-les-golfs-collections-du-reseau-golfy?utm_source=golf_planete&amp;utm_medium=display&amp;utm_campaign=golfs_collection_2025\" target=\"_blank\" rel=\"sponsorised nofollow noopener\"><img decoding=\"async\" src=\"data:image\/svg+xml,%3Csvg%20xmlns=\" http:=\"\" class=\"img-responsive\" alt=\"\" data-lazy-src=\"https:\/\/www.europesays.com\/fr\/wp-content\/uploads\/2025\/06\/golfy-e06-golfs-collection-france-ete-1170x275-1.jpg\"\/><\/a><br \/>\nBrun, Ko et Trainer \u00e9limin\u00e9s apr\u00e8s deux tours<\/p>\n<p>Les autres repr\u00e9sentants fran\u00e7ais ont malheureusement pli\u00e9 bagages pr\u00e9matur\u00e9ment vendredi. Pas trop mal plac\u00e9 \u00e0 l\u2019issue de la premi\u00e8re journ\u00e9e,\u00a0<strong>Jeong\u00a0weon\u00a0Ko\u00a0<\/strong>a pein\u00e9 lors du 2e tour, et\u00a0<strong>Julien<\/strong>\u00a0<strong>Brun<\/strong>\u00a0a commis trop d\u2019erreurs, notamment jeudi (cinq bogeys, un double), pour esp\u00e9rer s\u2019inviter pour les deux derniers tours.<\/p>\n<p>\t\t\t\t\t<a id=\"174669\" href=\"https:\/\/site.arkea-banque-ei.com\/\" target=\"_blank\" rel=\"sponsorised nofollow noopener\"><img decoding=\"async\" src=\"data:image\/svg+xml,%3Csvg%20xmlns=\" http:=\"\" class=\"img-responsive\" alt=\"\" data-lazy-src=\"https:\/\/www.europesays.com\/fr\/wp-content\/uploads\/2025\/06\/arkea-e02-objectif-strategie-v2-1170x275-1.png\"\/><\/a><br \/>\nLa Formule<\/p>\n<p>Albatros : 8 points<br \/>Eagle : 5 points<br \/>Birdie : 2 points<br \/>Par : 0 point<br \/>Bogey : -1 point<br \/>Double Bogey ou plus : -3 points<\/p>\n<p>\t\t\t\t\t<a id=\"179385\" href=\"https:\/\/tickets.europeantour.com\/eut\/#\/c6906933-bb43-434b-a22d-0ae172a572d4\/shop\/custom-pack?fac=EUT&amp;locale=fr&amp;skin=pgaetodf&amp;utm_campaign=ODF&amp;utm_content=Ticketing&amp;utm_medium=Web&amp;utm_source=Partner&amp;utm_term=PavonGolfPlanete\" target=\"_blank\" rel=\"sponsorised nofollow noopener\"><img decoding=\"async\" src=\"data:image\/svg+xml,%3Csvg%20xmlns=\" http:=\"\" class=\"img-responsive\" alt=\"\" data-lazy-src=\"https:\/\/www.europesays.com\/fr\/wp-content\/uploads\/2025\/07\/opendefrance-e03-plateau-1407-1170x275-1.jpg\"\/><\/a><br \/>\nLe Classement<\/p>\n<p><img loading=\"lazy\" decoding=\"async\" class=\"alignnone size-large wp-image-180568\" src=\"data:image\/svg+xml,%3Csvg%20xmlns=\" http:=\"\" alt=\"leaderboard-barracuda-pga-tour.jpg&#10;\" width=\"770\" height=\"428\" data-lazy- data-lazy- data-lazy-src=\"https:\/\/www.europesays.com\/fr\/wp-content\/uploads\/2025\/07\/leaderboard-barracuda-pga-tour-770x428.jpg\"\/><\/p>\n<p>\u00a9 Lachlan Cunningham \/ GETTY IMAGES NORTH AMERICA \/ Getty Images via AFP<\/p>\n","protected":false},"excerpt":{"rendered":"Partager cet article Partager la publication \u00ab\u00a0Ryan Gerard ouvre son palmar\u00e8s, Tom Vaillant d\u00e9visse dans le dernier tour\u00a0\u00bb&hellip;\n","protected":false},"author":2,"featured_media":262836,"comment_status":"","ping_status":"","sticky":false,"template":"","format":"standard","meta":{"footnotes":""},"categories":[1418],"tags":[1011,27,1472,60],"class_list":{"0":"post-262835","1":"post","2":"type-post","3":"status-publish","4":"format-standard","5":"has-post-thumbnail","7":"category-golf","8":"tag-fr","9":"tag-france","10":"tag-golf","11":"tag-sports"},"share_on_mastodon":{"url":"https:\/\/pubeurope.com\/@fr\/114890087511170497","error":""},"_links":{"self":[{"href":"https:\/\/www.europesays.com\/fr\/wp-json\/wp\/v2\/posts\/262835","targetHints":{"allow":["GET"]}}],"collection":[{"href":"https:\/\/www.europesays.com\/fr\/wp-json\/wp\/v2\/posts"}],"about":[{"href":"https:\/\/www.europesays.com\/fr\/wp-json\/wp\/v2\/types\/post"}],"author":[{"embeddable":true,"href":"https:\/\/www.europesays.com\/fr\/wp-json\/wp\/v2\/users\/2"}],"replies":[{"embeddable":true,"href":"https:\/\/www.europesays.com\/fr\/wp-json\/wp\/v2\/comments?post=262835"}],"version-history":[{"count":0,"href":"https:\/\/www.europesays.com\/fr\/wp-json\/wp\/v2\/posts\/262835\/revisions"}],"wp:featuredmedia":[{"embeddable":true,"href":"https:\/\/www.europesays.com\/fr\/wp-json\/wp\/v2\/media\/262836"}],"wp:attachment":[{"href":"https:\/\/www.europesays.com\/fr\/wp-json\/wp\/v2\/media?parent=262835"}],"wp:term":[{"taxonomy":"category","embeddable":true,"href":"https:\/\/www.europesays.com\/fr\/wp-json\/wp\/v2\/categories?post=262835"},{"taxonomy":"post_tag","embeddable":true,"href":"https:\/\/www.europesays.com\/fr\/wp-json\/wp\/v2\/tags?post=262835"}],"curies":[{"name":"wp","href":"https:\/\/api.w.org\/{rel}","templated":true}]}}