{"id":262839,"date":"2025-07-21T07:41:09","date_gmt":"2025-07-21T07:41:09","guid":{"rendered":"https:\/\/www.europesays.com\/fr\/262839\/"},"modified":"2025-07-21T07:41:09","modified_gmt":"2025-07-21T07:41:09","slug":"le-canada-de-bianca-andreescu-et-felix-auger-aliassime-soffre-litalie-en-finale-et-remporte-la-hopman-cup-lequipe","status":"publish","type":"post","link":"https:\/\/www.europesays.com\/fr\/262839\/","title":{"rendered":"Le Canada de Bianca Andreescu et F\u00e9lix Auger-Aliassime s&#039;offre l&#039;Italie en finale et remporte la Hopman Cup &#8211; L&#039;\u00c9quipe"},"content":{"rendered":"<ol>\n<li><a href=\"https:\/\/news.google.com\/rss\/articles\/CBMi7AFBVV95cUxQaDNIZDZaRkpJZ0NZd0NGMXl6eXo1Slh0RE9xdEU5YkV0RE1udklIOW1CRm1ORTZ6eElvTUFocWs3V3VvZlFfalc1S1A5QTc4LWFzWEVvaFdpa3F4eFZRSmdYbWNVNXRNUnl0ZTVYM2hheVlxbGtEaVg1MGwtVVFyX1NVLVVMbVA5MHpmV2JTVEtoLTd3REpLaEpWMTYxYURqVjY1dHVHZjNtWkZ4cXUxOW5KMDdoR0s4VkNZaXNic2Z6dGNOVlpLNlQ3bG1EWG9hNmNJWXBRXy05VFhCM3ZRbWl2eDZOSjdaWEVabg?oc=5\" target=\"_blank\" rel=\"nofollow noopener\">Le Canada de Bianca Andreescu et F\u00e9lix Auger-Aliassime s&rsquo;offre l&rsquo;Italie en finale et remporte la Hopman Cup<\/a>&nbsp;&nbsp;L&rsquo;\u00c9quipe<\/li>\n<li><a href=\"https:\/\/news.google.com\/rss\/articles\/CBMijwFBVV95cUxQbHctZEk2TE9QY0pKMF96cWIzZERWUXBKUnYydWFHNzZoUnFkLTNwOUZ1MnBkOHg2ZlpiNEVyNXZ6T2c1ZVhMYVVQbW1VcHFRQzk1Z2I0T3oxQVlES1AzY2Q2eTdTZ0hiaUZRT0l6dkV5Q2lTbnlWTWdLMmdxWWJyX3ZlRGNfUVFaOGVrcnhTMA?oc=5\" target=\"_blank\" rel=\"nofollow noopener\">Tennis: Le Canada s\u2019adjuge la Hopman Cup<\/a>&nbsp;&nbsp;Le Figaro<\/li>\n<li><a href=\"https:\/\/news.google.com\/rss\/articles\/CBMihAFBVV95cUxNV2NjNUgzZnh6Tl9LRkh6NVNyTDBCNjhDbFdhUVFCSzRCYTd1c1V6VzBVa1NqSzBDX21DdE5WZXdWa2x0MFhCeVl2RE9IOHl6elVhV0dwMDAtNU5pZ2RTNm56cEZXN1RsdWlEWU0tOXlrM0txbEdydTVIM19xc0RDNlFfeTY?oc=5\" target=\"_blank\" rel=\"nofollow noopener\">Le Canada d\u00e9croche sa premi\u00e8re Hopman Cup face \u00e0 l\u2019Italie<\/a>&nbsp;&nbsp;Tennis Temple<\/li>\n<li><a href=\"https:\/\/news.google.com\/rss\/articles\/CBMiywFBVV95cUxPVVAzU2VEX3dEWGs3SW44V1Z0Y1MxNk11Yk5yS1ZnNnpTMFJkc21ZQy1EbG1hdjh4WlVHR2t0ZjZqTWRwUTY1U0w2bkZRNmN4TFgwYkFmbzNCVlFiRmJoc1JSenNKNmVIeEN2Q3cydEdvY05WQmpJM0pnaXRVS3lfaUxhbzFMZWhFQ0JRQm9HQm5pU00tZnJZRF9INUNmWlloUFNNR2xXamdsbXB4YmZxOWUxaHV1VmpFQm50LTNVQThYWkpwdTUxbkpDVQ?oc=5\" target=\"_blank\" rel=\"nofollow noopener\">Tennis : Flavio Cobolli d\u00e9fait F\u00e9lix Auger-Aliassime et force la tenue d&rsquo;un double mixte d\u00e9cisif<\/a>&nbsp;&nbsp;RDS<\/li>\n<li><a href=\"https:\/\/news.google.com\/rss\/articles\/CBMimAFBVV95cUxQM2NWcEI2T3BwcmVlTEs1NDR6TVVrRkpnUjBlU2xJak9oRnZRdFNDVnZxSlYtWmlvcXlUOW42N1A5eVpmLUZQbXphdmo4dHVHUjlrWGo5X3lneFhuRGNSdkEzMXF3UVI0TEhUV2pvVE10OUlib3dWbkREU3V5aXdpQXFTT1BheXNiOUd3SlBtbUYzS1dIbjhuNw?oc=5\" target=\"_blank\" rel=\"nofollow noopener\">Coupe Hopman: le Canada l\u2019emporte face \u00e0 l\u2019Espagne<\/a>&nbsp;&nbsp;24heures.ca<\/li>\n<\/ol>\n","protected":false},"excerpt":{"rendered":"Le Canada de Bianca Andreescu et F\u00e9lix Auger-Aliassime s&rsquo;offre l&rsquo;Italie en finale et remporte la Hopman Cup&nbsp;&nbsp;L&rsquo;\u00c9quipe Tennis:&hellip;\n","protected":false},"author":2,"featured_media":262840,"comment_status":"","ping_status":"","sticky":false,"template":"","format":"standard","meta":{"footnotes":""},"categories":[1415],"tags":[1011,27,60,1467],"class_list":{"0":"post-262839","1":"post","2":"type-post","3":"status-publish","4":"format-standard","5":"has-post-thumbnail","7":"category-tennis","8":"tag-fr","9":"tag-france","10":"tag-sports","11":"tag-tennis"},"share_on_mastodon":{"url":"https:\/\/pubeurope.com\/@fr\/114890098805153597","error":""},"_links":{"self":[{"href":"https:\/\/www.europesays.com\/fr\/wp-json\/wp\/v2\/posts\/262839","targetHints":{"allow":["GET"]}}],"collection":[{"href":"https:\/\/www.europesays.com\/fr\/wp-json\/wp\/v2\/posts"}],"about":[{"href":"https:\/\/www.europesays.com\/fr\/wp-json\/wp\/v2\/types\/post"}],"author":[{"embeddable":true,"href":"https:\/\/www.europesays.com\/fr\/wp-json\/wp\/v2\/users\/2"}],"replies":[{"embeddable":true,"href":"https:\/\/www.europesays.com\/fr\/wp-json\/wp\/v2\/comments?post=262839"}],"version-history":[{"count":0,"href":"https:\/\/www.europesays.com\/fr\/wp-json\/wp\/v2\/posts\/262839\/revisions"}],"wp:featuredmedia":[{"embeddable":true,"href":"https:\/\/www.europesays.com\/fr\/wp-json\/wp\/v2\/media\/262840"}],"wp:attachment":[{"href":"https:\/\/www.europesays.com\/fr\/wp-json\/wp\/v2\/media?parent=262839"}],"wp:term":[{"taxonomy":"category","embeddable":true,"href":"https:\/\/www.europesays.com\/fr\/wp-json\/wp\/v2\/categories?post=262839"},{"taxonomy":"post_tag","embeddable":true,"href":"https:\/\/www.europesays.com\/fr\/wp-json\/wp\/v2\/tags?post=262839"}],"curies":[{"name":"wp","href":"https:\/\/api.w.org\/{rel}","templated":true}]}}