{"id":262841,"date":"2025-07-21T07:43:11","date_gmt":"2025-07-21T07:43:11","guid":{"rendered":"https:\/\/www.europesays.com\/fr\/262841\/"},"modified":"2025-07-21T07:43:11","modified_gmt":"2025-07-21T07:43:11","slug":"jorge-martin-fier-de-son-retour-en-tchequie","status":"publish","type":"post","link":"https:\/\/www.europesays.com\/fr\/262841\/","title":{"rendered":"Jorge Mart\u00edn \u00ab fier \u00bb de son retour en Tch\u00e9quie"},"content":{"rendered":"<p>Tout est bien qui finit bien ? Apr\u00e8s avoir agit\u00e9 le paddock du <a href=\"https:\/\/www.autohebdo.fr\/actualites\/motogp\" data-internallinksmanager029f6b8e52c=\"4\" title=\"MotoGP\" target=\"_blank\" rel=\"noopener\">MotoGP<\/a> durant son absence, en d\u00e9clarant notamment qu\u2019il ne piloterait pas pour Aprilia en 2026, Jorge Mart\u00edn est arriv\u00e9 dans le paddock de Brno avec une volont\u00e9 d\u2019apaisement, en confirmant qu\u2019il fera bien \u00e9quipe avec Marco Bezzecchi l\u2019an prochain. Nul doute que les r\u00e9sultats en hausse de l\u2019Italien ces derni\u00e8res semaines, avec notamment une victoire au Grand Prix de Grande-Bretagne, ont aid\u00e9 sa d\u00e9cision\u2026<\/p>\n<p>Sa septi\u00e8me place au Grand Prix de Tch\u00e9quie, qui lui offre ses premiers points de la saison trois mois apr\u00e8s sa violente chute au Qatar, n\u2019a sans doute pas \u00e9t\u00e9 un mauvais signe non plus. Apr\u00e8s ce retour r\u00e9ussi, le champion du monde en titre a soulign\u00e9 sa fiert\u00e9 de faire partie du projet Aprilia, et d\u2019avoir d\u00e9j\u00e0 r\u00e9ussi \u00e0 tisser des liens solides avec une \u00e9quipe avec laquelle il n\u2019a finalement que tr\u00e8s peu collabor\u00e9 depuis l\u2019hiver dernier.<\/p>\n<p>\u00ab Je suis tr\u00e8s fier du travail que nous avons abattu tout le week-end \u00bb, a-t-il expliqu\u00e9 au site officiel du MotoGP. \u00ab Nous avons compris quelle \u00e9tait notre place dans le peloton, nous devons faire notre propre championnat d\u2019une certaine mani\u00e8re, afin de construire de la confiance car j\u2019ai rat\u00e9 beaucoup de courses. Je suis fier de la mani\u00e8re dont nous avons travaill\u00e9 avec l\u2019\u00e9quipe, la confiance mutuelle arrive avec Aprilia et c\u2019est tr\u00e8s important. J\u2019ai pris un tr\u00e8s bon d\u00e9part et j\u2019ai ensuite essay\u00e9 de rester constant tout au long de la course. C\u2019\u00e9tait une longue course, je ne savais pas \u00e0 quoi m\u2019attendre au bout de dix tours. Je pensais que ma condition physique allait plus me handicaper, ou que les pneus allaient plus s\u2019user que cela. J\u2019ai r\u00e9ussi \u00e0 rester constant toute la course, j\u2019en suis content et j\u2019esp\u00e8re que nous allons continuer sur cette voie sur les prochaines courses. \u00bb<\/p>\n<p>\u00ab Ce n\u2019est qu\u2019une question de temps avant que je puisse me battre \u00bb<\/p>\n<p>Mart\u00edn a \u00e9galement salu\u00e9 les progr\u00e8s effectu\u00e9s par la marque de Noale sur le d\u00e9veloppement de la RS-GP. S\u2019il se murmure que ses premi\u00e8res sensations au guidon de la machine ont \u00e9t\u00e9 l\u2019une des raisons pour lesquelles il souhaitait \u00e0 un moment quitter le navire, le Madril\u00e8ne a \u00e9t\u00e9 agr\u00e9ablement surpris et reconna\u00eet que d\u00e9sormais, c\u2019est \u00e0 lui de travailler pour se mettre au niveau de sa machine, et non plus l\u2019inverse.<\/p>\n<p>\u00ab Le package est bien meilleur que lorsque je suis reparti du Qatar, absolument. C\u2019est maintenant \u00e0 mon tour de m\u2019am\u00e9liorer et de m\u2019habituer \u00e0 cette moto. Je pense qu\u2019\u00e0 chaque tour, je suis meilleur, je peux freiner plus tard, je peux acc\u00e9l\u00e9rer plus t\u00f4t. Ce n\u2019est qu\u2019une question de temps avant que je puisse me battre avec le peloton. Je dois prendre le temps de m\u2019habituer. C\u2019est fantastique de voir cette ambiance \u00e0 l\u2019arriv\u00e9e. Nous avons une super \u00e9quipe, une vraie famille. C\u2019est difficile \u00e0 croire, mais en trois jours seulement je me suis senti \u00e0 la maison. Nous devons continuer de travailler l\u00e0-dessus car c\u2019est tr\u00e8s important pour la confiance et pour le futur. \u00bb<\/p>\n<p><strong>\u00c0 LIRE AUSSI &gt; <a href=\"https:\/\/www.autohebdo.fr\/actualites\/motogp\/classement-motogp-2025-le-championnat-apres-le-gp-ditalie.html\" target=\"_blank\" rel=\"noopener\">Classement MotoGP 2025 \u2013 Le championnat apr\u00e8s le Grand Prix de Tch\u00e9quie<\/a><\/strong><\/p>\n","protected":false},"excerpt":{"rendered":"Tout est bien qui finit bien ? Apr\u00e8s avoir agit\u00e9 le paddock du MotoGP durant son absence, en&hellip;\n","protected":false},"author":2,"featured_media":262842,"comment_status":"","ping_status":"","sticky":false,"template":"","format":"standard","meta":{"footnotes":""},"categories":[1413],"tags":[5828,1011,27,40071,1466,1457,1456,1458,60],"class_list":{"0":"post-262841","1":"post","2":"type-post","3":"status-publish","4":"format-standard","5":"has-post-thumbnail","7":"category-moto","8":"tag-aprilia","9":"tag-fr","10":"tag-france","11":"tag-grand-prix-de-tchequie","12":"tag-jorge-martin","13":"tag-moto","14":"tag-motocycle","15":"tag-motogp","16":"tag-sports"},"share_on_mastodon":{"url":"https:\/\/pubeurope.com\/@fr\/114890106697925663","error":""},"_links":{"self":[{"href":"https:\/\/www.europesays.com\/fr\/wp-json\/wp\/v2\/posts\/262841","targetHints":{"allow":["GET"]}}],"collection":[{"href":"https:\/\/www.europesays.com\/fr\/wp-json\/wp\/v2\/posts"}],"about":[{"href":"https:\/\/www.europesays.com\/fr\/wp-json\/wp\/v2\/types\/post"}],"author":[{"embeddable":true,"href":"https:\/\/www.europesays.com\/fr\/wp-json\/wp\/v2\/users\/2"}],"replies":[{"embeddable":true,"href":"https:\/\/www.europesays.com\/fr\/wp-json\/wp\/v2\/comments?post=262841"}],"version-history":[{"count":0,"href":"https:\/\/www.europesays.com\/fr\/wp-json\/wp\/v2\/posts\/262841\/revisions"}],"wp:featuredmedia":[{"embeddable":true,"href":"https:\/\/www.europesays.com\/fr\/wp-json\/wp\/v2\/media\/262842"}],"wp:attachment":[{"href":"https:\/\/www.europesays.com\/fr\/wp-json\/wp\/v2\/media?parent=262841"}],"wp:term":[{"taxonomy":"category","embeddable":true,"href":"https:\/\/www.europesays.com\/fr\/wp-json\/wp\/v2\/categories?post=262841"},{"taxonomy":"post_tag","embeddable":true,"href":"https:\/\/www.europesays.com\/fr\/wp-json\/wp\/v2\/tags?post=262841"}],"curies":[{"name":"wp","href":"https:\/\/api.w.org\/{rel}","templated":true}]}}