{"id":262847,"date":"2025-07-21T07:46:10","date_gmt":"2025-07-21T07:46:10","guid":{"rendered":"https:\/\/www.europesays.com\/fr\/262847\/"},"modified":"2025-07-21T07:46:10","modified_gmt":"2025-07-21T07:46:10","slug":"un-des-fils-kluivert-en-approche-a-lol","status":"publish","type":"post","link":"https:\/\/www.europesays.com\/fr\/262847\/","title":{"rendered":"un des fils Kluivert en approche \u00e0 l\u2019OL ?"},"content":{"rendered":"<p>                            <img width=\"770\" height=\"433\" src=\"https:\/\/www.europesays.com\/fr\/wp-content\/uploads\/2025\/07\/F5W8blGWkAA3fZ1-770x433.jpeg\" class=\"attachment-article size-article wp-post-image\" alt=\"Ruben Kluivert, d\u00e9fenseur n\u00e9erlandais\" decoding=\"async\" fetchpriority=\"high\"  \/><\/p>\n<p>Ruben Kluivert, d\u00e9fenseur n\u00e9erlandais<\/p>\n<p>Fils de Patrick Kluivert et fr\u00e8re de Justin, Ruben Kluivert pourrait lui aussi bient\u00f4t d\u00e9couvrir la Ligue 1. Le d\u00e9fenseur qui \u00e9volue dans le championnat portugais serait en passe de s\u2019engager avec l\u2019OL.<\/p>\n<p>Apr\u00e8s\u00a0<strong>Lille<\/strong>\u00a0et\u00a0<strong>Nice<\/strong>, l\u2019OL va-t-il \u00eatre le troisi\u00e8me club fran\u00e7ais \u00e0 accueillir un joueur de la famille\u00a0<strong>Kluivert<\/strong>\u00a0? Il se pourrait bien, si l\u2019on en croit les informations du\u00a0Telegraaf. D\u2019apr\u00e8s le m\u00e9dia n\u00e9erlandais, l\u2019OL tiendrait la pole pour s\u2019offrir Ruben\u00a0<strong>Kluivert<\/strong>, d\u00e9fenseur de\u00a0<strong>Casa Pia<\/strong>\u00a0au Portugal, malgr\u00e9 la concurrence du\u00a0<strong>RC Lens<\/strong>\u00a0et Pierre\u00a0<strong>Sage<\/strong>. Le d\u00e9fenseur central n\u2019est autre que le fils de l\u2019illustre attaquant des Pays-Bas, Patrick Kluivert. Il a \u00e9galement pour fr\u00e8re Justin, qui a \u00e9volu\u00e9 sous les couleurs de l\u2019<strong>OGC Nice<\/strong>\u00a0dans un pass\u00e9 r\u00e9cent.<\/p>\n<p>Un dossier mis en stand-by avec la rel\u00e9gation<\/p>\n<p>Avec le club portugais qui a termin\u00e9 9e en championnat, le d\u00e9fenseur central a disput\u00e9 24 matchs la saison pass\u00e9e pour sa premi\u00e8re exp\u00e9rience hors des Pays-Bas. \u00c0 24 ans, Ruben\u00a0<strong>Kluivert<\/strong>\u00a0est pourtant loin d\u2019\u00eatre exp\u00e9riment\u00e9 puisqu\u2019il n\u2019a disput\u00e9 que deux saisons en premi\u00e8re division, de quoi laisser songeur sur l\u2019impact \u00e0 venir \u00e0 l\u2019OL. N\u00e9anmoins, dans le contexte \u00e9conomique du club lyonnais, la venue du d\u00e9fenseur de 1,87m repr\u00e9sente avant tout un pari \u00e0 moindre co\u00fbt, car sa valeur marchande serait d\u2019\u00e0 peine un million d\u2019euros d\u2019apr\u00e8s Transfermarkt.<\/p>\n<p>R\u00e9put\u00e9 comme solide dans le duel et les airs, un peu moins \u00e0 la relance, Ruben Kluivert a r\u00e9ussi \u00e0 s\u00e9duire la cellule lyonnaise. Dans ce dossier, l\u2019OL (par le r\u00e9seau de <strong><a href=\"https:\/\/www.olympique-et-lyonnais.com\/ol-fonseca-je-mattends-a-larrivee-de-joueurs,372264.html\" rel=\"nofollow noopener\" target=\"_blank\">Fonseca<\/a><\/strong> ?) aurait avanc\u00e9 ses pions depuis quelques semaines d\u00e9j\u00e0, mais la rel\u00e9gation en Ligue 2 fin juin avait mis le dossier en stand-by. Un contrat de cinq ans attendrait Kluivert \u00e0 D\u00e9cines.<\/p><\/p>\n","protected":false},"excerpt":{"rendered":"Ruben Kluivert, d\u00e9fenseur n\u00e9erlandais Fils de Patrick Kluivert et fr\u00e8re de Justin, Ruben Kluivert pourrait lui aussi bient\u00f4t&hellip;\n","protected":false},"author":2,"featured_media":262848,"comment_status":"","ping_status":"","sticky":false,"template":"","format":"standard","meta":{"footnotes":""},"categories":[1410],"tags":[63,1011,27,1434,241,978,60],"class_list":{"0":"post-262847","1":"post","2":"type-post","3":"status-publish","4":"format-standard","5":"has-post-thumbnail","7":"category-football","8":"tag-football","9":"tag-fr","10":"tag-france","11":"tag-mercato","12":"tag-ol","13":"tag-olympique-lyonnais","14":"tag-sports"},"share_on_mastodon":{"url":"https:\/\/pubeurope.com\/@fr\/114890118543415948","error":""},"_links":{"self":[{"href":"https:\/\/www.europesays.com\/fr\/wp-json\/wp\/v2\/posts\/262847","targetHints":{"allow":["GET"]}}],"collection":[{"href":"https:\/\/www.europesays.com\/fr\/wp-json\/wp\/v2\/posts"}],"about":[{"href":"https:\/\/www.europesays.com\/fr\/wp-json\/wp\/v2\/types\/post"}],"author":[{"embeddable":true,"href":"https:\/\/www.europesays.com\/fr\/wp-json\/wp\/v2\/users\/2"}],"replies":[{"embeddable":true,"href":"https:\/\/www.europesays.com\/fr\/wp-json\/wp\/v2\/comments?post=262847"}],"version-history":[{"count":0,"href":"https:\/\/www.europesays.com\/fr\/wp-json\/wp\/v2\/posts\/262847\/revisions"}],"wp:featuredmedia":[{"embeddable":true,"href":"https:\/\/www.europesays.com\/fr\/wp-json\/wp\/v2\/media\/262848"}],"wp:attachment":[{"href":"https:\/\/www.europesays.com\/fr\/wp-json\/wp\/v2\/media?parent=262847"}],"wp:term":[{"taxonomy":"category","embeddable":true,"href":"https:\/\/www.europesays.com\/fr\/wp-json\/wp\/v2\/categories?post=262847"},{"taxonomy":"post_tag","embeddable":true,"href":"https:\/\/www.europesays.com\/fr\/wp-json\/wp\/v2\/tags?post=262847"}],"curies":[{"name":"wp","href":"https:\/\/api.w.org\/{rel}","templated":true}]}}