{"id":26285,"date":"2025-04-15T09:56:16","date_gmt":"2025-04-15T09:56:16","guid":{"rendered":"https:\/\/www.europesays.com\/fr\/26285\/"},"modified":"2025-04-15T09:56:16","modified_gmt":"2025-04-15T09:56:16","slug":"la-branche-armee-du-hamas-publie-une-video-dun-otage-du-7-octobre-en-vie","status":"publish","type":"post","link":"https:\/\/www.europesays.com\/fr\/26285\/","title":{"rendered":"La branche arm\u00e9e du Hamas publie une vid\u00e9o d\u2019un otage du 7\u00a0octobre en vie"},"content":{"rendered":"<p>Il est captif depuis dix-huit mois. Ce samedi, la branche arm\u00e9e du <a href=\"https:\/\/www.20minutes.fr\/monde\/hamas\/\" class=\"color-ultramarine c-link\" target=\"_blank\" rel=\"noopener\">Hamas<\/a> a diffus\u00e9 la vid\u00e9o d\u2019un <a href=\"https:\/\/www.20minutes.fr\/monde\/israel\/\" class=\"color-ultramarine c-link\" target=\"_blank\" rel=\"noopener\">otage isra\u00e9lien<\/a> enlev\u00e9 le <a href=\"https:\/\/www.20minutes.fr\/societe\/4114219-20241008-attaque-7-octobre-discours-poignants-ceremonie-hommages-font-bien-entendre\" class=\"color-ultramarine c-link\" target=\"_blank\" rel=\"noopener\">7\u00a0octobre 2023<\/a> en vie \u00e0 <a href=\"https:\/\/www.20minutes.fr\/monde\/gaza\/\" class=\"color-ultramarine c-link\" target=\"_blank\" rel=\"noopener\">Gaza<\/a>, que les m\u00e9dias isra\u00e9liens identifient comme \u00e9tant l\u2019Isra\u00e9lo-Am\u00e9ricain Edan Alexander.<\/p>\n<p>La vid\u00e9o, diffus\u00e9e par les Brigades Ezzedine al-Qassam, dure un peu plus de trois minutes et le montre assis dans un local exigu. L\u2019AFP n\u2019a pas pu v\u00e9rifier son authenticit\u00e9 ni la date de son enregistrement.<\/p>\n<p>58 otages toujours retenus<\/p>\n<p>S\u2019adressant \u00e0 la cam\u00e9ra, l\u2019otage dit qu\u2019il veut rentrer chez lui pour c\u00e9l\u00e9brer les f\u00eates. Isra\u00ebl c\u00e9l\u00e8bre actuellement la P\u00e2que juive qui comm\u00e9more la lib\u00e9ration du peuple juif de l\u2019esclavage qu\u2019il subissait en Egypte. Gesticulant fr\u00e9quemment des mains, il critique le gouvernement isra\u00e9lien pour ne pas avoir encore obtenu sa lib\u00e9ration.<\/p>\n<\/p>\n<p>Sur les 251 personnes enlev\u00e9es lors de l\u2019attaque du 7-Octobre, 58 sont toujours retenues \u00e0 Gaza, dont 34 sont mortes selon l\u2019arm\u00e9e isra\u00e9lienne.<\/p>\n<p>Une tr\u00eave conclue sous l\u2019\u00e9gide des <a href=\"https:\/\/www.20minutes.fr\/monde\/etats-unis\/\" class=\"color-ultramarine c-link\" target=\"_blank\" rel=\"noopener\">Etats-Unis<\/a>, de l\u2019Egypte et du <a href=\"https:\/\/www.20minutes.fr\/dossier\/qatar\" class=\"color-ultramarine c-link\" target=\"_blank\" rel=\"noopener\">Qatar<\/a>, entre le 19\u00a0janvier et le 17\u00a0mars, a permis le retour de 33 otages, incluant huit morts, en \u00e9change de la lib\u00e9ration par Isra\u00ebl de quelque 1.800 prisonniers palestiniens.<\/p>\n","protected":false},"excerpt":{"rendered":"Il est captif depuis dix-huit mois. Ce samedi, la branche arm\u00e9e du Hamas a diffus\u00e9 la vid\u00e9o d\u2019un&hellip;\n","protected":false},"author":2,"featured_media":26286,"comment_status":"","ping_status":"","sticky":false,"template":"","format":"standard","meta":{"footnotes":""},"categories":[5],"tags":[47,11,3259,73,1011,27,665,1146,3519,14,664,74,12,9367,28],"class_list":{"0":"post-26285","1":"post","2":"type-post","3":"status-publish","4":"format-standard","5":"has-post-thumbnail","7":"category-international","8":"tag-actualite","9":"tag-actualites","10":"tag-conflit-israelo-palestinien","11":"tag-etats-unis","12":"tag-fr","13":"tag-france","14":"tag-gaza","15":"tag-guerre","16":"tag-hamas","17":"tag-international","18":"tag-israel","19":"tag-monde","20":"tag-news","21":"tag-otage","22":"tag-world"},"share_on_mastodon":{"url":"https:\/\/pubeurope.com\/@fr\/114341385554431652","error":""},"_links":{"self":[{"href":"https:\/\/www.europesays.com\/fr\/wp-json\/wp\/v2\/posts\/26285","targetHints":{"allow":["GET"]}}],"collection":[{"href":"https:\/\/www.europesays.com\/fr\/wp-json\/wp\/v2\/posts"}],"about":[{"href":"https:\/\/www.europesays.com\/fr\/wp-json\/wp\/v2\/types\/post"}],"author":[{"embeddable":true,"href":"https:\/\/www.europesays.com\/fr\/wp-json\/wp\/v2\/users\/2"}],"replies":[{"embeddable":true,"href":"https:\/\/www.europesays.com\/fr\/wp-json\/wp\/v2\/comments?post=26285"}],"version-history":[{"count":0,"href":"https:\/\/www.europesays.com\/fr\/wp-json\/wp\/v2\/posts\/26285\/revisions"}],"wp:featuredmedia":[{"embeddable":true,"href":"https:\/\/www.europesays.com\/fr\/wp-json\/wp\/v2\/media\/26286"}],"wp:attachment":[{"href":"https:\/\/www.europesays.com\/fr\/wp-json\/wp\/v2\/media?parent=26285"}],"wp:term":[{"taxonomy":"category","embeddable":true,"href":"https:\/\/www.europesays.com\/fr\/wp-json\/wp\/v2\/categories?post=26285"},{"taxonomy":"post_tag","embeddable":true,"href":"https:\/\/www.europesays.com\/fr\/wp-json\/wp\/v2\/tags?post=26285"}],"curies":[{"name":"wp","href":"https:\/\/api.w.org\/{rel}","templated":true}]}}