{"id":262851,"date":"2025-07-21T07:48:25","date_gmt":"2025-07-21T07:48:25","guid":{"rendered":"https:\/\/www.europesays.com\/fr\/262851\/"},"modified":"2025-07-21T07:48:25","modified_gmt":"2025-07-21T07:48:25","slug":"un-dentiste-resout-un-mystere-vieux-de-500-ans-dans-lentrejambe-de-lhomme-de-vitruve","status":"publish","type":"post","link":"https:\/\/www.europesays.com\/fr\/262851\/","title":{"rendered":"Un dentiste r\u00e9sout un myst\u00e8re vieux de 500 ans dans l\u2019entrejambe de l\u2019Homme de Vitruve"},"content":{"rendered":"<p>Si l\u2019homme de Vitruve est aussi c\u00e9l\u00e8bre, ce n\u2019est pas seulement parce que son auteur l\u2019est aussi. C\u2019est parce que ses proportions, enferm\u00e9es dans un cercle et dans un carr\u00e9, semblent parfaites d\u00e8s le premier coup d\u2019\u0153il. Pourtant, malgr\u00e9 500 ans d\u2019\u00e9tudes attentives, les historiens et les scientifiques ne sont pas parvenus \u00e0 comprendre les proportions choisies par le ma\u00eetre italien. Et pour cause, contrairement \u00e0 une croyance r\u00e9pandue, celles-ci ne correspondent pas tout \u00e0 faire au <a href=\"https:\/\/www.geo.fr\/voyage\/le-nombre-d-or-en-photographie-167639\" rel=\"nofollow noopener\" target=\"_blank\">nombre d\u2019or<\/a>, souvent utilis\u00e9 en art pour des proc\u00e9d\u00e9s similaires.<\/p>\n<p>Un entrejambe plein de myst\u00e8res<\/p>\n<p>Ce myst\u00e8re pourrait toutefois avoir \u00e9t\u00e9 r\u00e9solu, comme le rapporte le site <a href=\"https:\/\/www.sciencealert.com\/hidden-detail-in-crotch-solves-500-year-old-leonardo-da-vinci-mystery\" rel=\"nofollow noopener\" target=\"_blank\">Science Alert<\/a>, par un dentiste londonien appel\u00e9 Rory Mac Sweeney. Celui-ci a en effet remarqu\u00e9 que l\u2019entrejambe de l\u2019homme de Vitruve est le sommet sup\u00e9rieur d\u2019un triangle qui pourrait tout expliquer. Un extrait des notes de <a href=\"https:\/\/www.geo.fr\/histoire\/une-enquete-genealogique-sans-precedent-l-adn-de-leonard-de-vinci-retrace-sur-21-generations-226699\" rel=\"nofollow noopener\" target=\"_blank\">L\u00e9onard de Vinci<\/a> \u00e0 propos du dessin pr\u00e9cise : \u00ab\u00a0Si vous \u00e9cartez les jambes\u2026 Et levez suffisamment les bras de sorte que vos doigts touchent la ligne sup\u00e9rieure de votre t\u00eate\u2026 L\u2019espace entre les jambes forme un triangle \u00e9quilat\u00e9ral\u00a0\u00bb.<\/p>\n<p>Laiss\u00e9e de c\u00f4t\u00e9 par la plupart des chercheurs, cette information a imm\u00e9diatement attir\u00e9 l\u2019attention du dentiste. Apr\u00e8s avoir r\u00e9alis\u00e9 quelques calculs, il d\u00e9couvre que l\u2019\u00e9cartement des pieds et la hauteur du sol au nombril produisent un rapport d\u2019environ 1,64 \u00e0 1,65. C\u2019est l\u00e0 que tout se met en place dans son esprit. Ce ratio lui est d\u00e9j\u00e0 bien connu puisque c\u2019est celui du triangle de Bonwill, une figure qui sert \u00e0 d\u00e9finir la disposition parfaite d\u2019une <a href=\"https:\/\/www.geo.fr\/histoire\/une-machoire-de-femme-datant-de-lage-de-bronze-decouverte-en-vendee-207427\" rel=\"nofollow noopener\" target=\"_blank\">m\u00e2choire<\/a> humaine en dentisterie moderne.<\/p>\n<p>Les derniers secrets du ma\u00eetre<\/p>\n<p>Il s\u2019agit m\u00eame plus largement d\u2019un ratio optimal en ce qui concerne la stabilit\u00e9 et l\u2019efficacit\u00e9 de l\u2019\u00e9quilibre d&rsquo;\u00e9l\u00e9ments tridimensionnels dans la nature. Il est donc utilis\u00e9 dans diff\u00e9rents domaines du savoir depuis la fin du XIXe si\u00e8cle. Et au moins depuis 1490, date estim\u00e9e de l\u2019Homme de Vitruve, par L\u00e9onard de Vinci. Ce qui confirme l\u2019avance exceptionnelle de ce <a href=\"https:\/\/www.geo.fr\/geopolitique\/ukraine-genie-ukrainien-pays-utilise-milliers-micros-en-reseau-pour-detecter-abattre-drones-russes-shahed-commandos-antiaeriens-telephones-218804\" rel=\"nofollow noopener\" target=\"_blank\">g\u00e9nie<\/a> sur son temps.<\/p>\n<p>La trouvaille de Rory Mac Sweeney va toutefois plus loin. En multipliant ce fameux triangle, il a r\u00e9v\u00e9l\u00e9 un motif octogonal au sein du dessin inspir\u00e9 des textes de l\u2019architecte <a href=\"https:\/\/www.geo.fr\/histoire\/quelle-etait-l-odeur-de-la-ville-de-rome-durant-l-empire-romain-une-etude-repond-227432\" rel=\"nofollow noopener\" target=\"_blank\">romain<\/a> Vitruvius, le premier \u00e0 avoir exprim\u00e9 l\u2019id\u00e9e que le corps parfait puisse entrer \u00e0 la fois dans un carr\u00e9 et dans un cercle. Ce motif hexagonal est d\u2019autant moins anodin qu\u2019il exprime deux choses : que nous avons encore beaucoup \u00e0 apprendre du ma\u00eetre absolu de la Renaissance italienne et que les secrets se cachent bien souvent sous nos yeux.<\/p>\n","protected":false},"excerpt":{"rendered":"Si l\u2019homme de Vitruve est aussi c\u00e9l\u00e8bre, ce n\u2019est pas seulement parce que son auteur l\u2019est aussi. C\u2019est&hellip;\n","protected":false},"author":2,"featured_media":262852,"comment_status":"","ping_status":"","sticky":false,"template":"","format":"standard","meta":{"footnotes":""},"categories":[1358],"tags":[1348,1384,1385,1386,58,59,1011,27],"class_list":{"0":"post-262851","1":"post","2":"type-post","3":"status-publish","4":"format-standard","5":"has-post-thumbnail","7":"category-arts-et-design","8":"tag-arts","9":"tag-arts-and-design","10":"tag-arts-et-design","11":"tag-design","12":"tag-divertissement","13":"tag-entertainment","14":"tag-fr","15":"tag-france"},"share_on_mastodon":{"url":"https:\/\/pubeurope.com\/@fr\/114890126403468114","error":""},"_links":{"self":[{"href":"https:\/\/www.europesays.com\/fr\/wp-json\/wp\/v2\/posts\/262851","targetHints":{"allow":["GET"]}}],"collection":[{"href":"https:\/\/www.europesays.com\/fr\/wp-json\/wp\/v2\/posts"}],"about":[{"href":"https:\/\/www.europesays.com\/fr\/wp-json\/wp\/v2\/types\/post"}],"author":[{"embeddable":true,"href":"https:\/\/www.europesays.com\/fr\/wp-json\/wp\/v2\/users\/2"}],"replies":[{"embeddable":true,"href":"https:\/\/www.europesays.com\/fr\/wp-json\/wp\/v2\/comments?post=262851"}],"version-history":[{"count":0,"href":"https:\/\/www.europesays.com\/fr\/wp-json\/wp\/v2\/posts\/262851\/revisions"}],"wp:featuredmedia":[{"embeddable":true,"href":"https:\/\/www.europesays.com\/fr\/wp-json\/wp\/v2\/media\/262852"}],"wp:attachment":[{"href":"https:\/\/www.europesays.com\/fr\/wp-json\/wp\/v2\/media?parent=262851"}],"wp:term":[{"taxonomy":"category","embeddable":true,"href":"https:\/\/www.europesays.com\/fr\/wp-json\/wp\/v2\/categories?post=262851"},{"taxonomy":"post_tag","embeddable":true,"href":"https:\/\/www.europesays.com\/fr\/wp-json\/wp\/v2\/tags?post=262851"}],"curies":[{"name":"wp","href":"https:\/\/api.w.org\/{rel}","templated":true}]}}